{"id":530223,"date":"2025-11-13T01:16:17","date_gmt":"2025-11-13T01:16:17","guid":{"rendered":"https:\/\/www.europesays.com\/fr\/530223\/"},"modified":"2025-11-13T01:16:17","modified_gmt":"2025-11-13T01:16:17","slug":"ils-vont-nous-pourrir-lapres-midi-la-suspension-de-la-reforme-des-retraites-met-le-feu-a-gauche","status":"publish","type":"post","link":"https:\/\/www.europesays.com\/fr\/530223\/","title":{"rendered":"\u00ab\u00a0Ils vont nous pourrir l\u2019apr\u00e8s-midi\u2026\u00a0\u00bb La \u00ab\u00a0suspension\u00a0\u00bb de la r\u00e9forme des retraites met le feu \u00e0 gauche"},"content":{"rendered":"<p>A l\u2019Assembl\u00e9e nationale,<\/p>\n<p>Apr\u00e8s des semaines et des semaines de tractations, l\u2019<a href=\"https:\/\/www.20minutes.fr\/dossier\/assemblee_nationale\" class=\"c-link c-link--is-underlined\" target=\"_blank\" rel=\"noopener\">Assembl\u00e9e nationale<\/a> se pronon\u00e7ait ce mercredi <a href=\"https:\/\/www.20minutes.fr\/politique\/assemblee_nationale\/4185050-20251112-direct-budget-2026-suspension-reforme-retraites-arrive-devant-deputes\" class=\"c-link c-link--is-underlined\" target=\"_blank\" rel=\"noopener\">sur la \u00ab\u00a0suspension\u00a0\u00bb de la r\u00e9forme des retraites.<\/a> Cette promesse de <a href=\"https:\/\/www.20minutes.fr\/politique\/sebastien-lecornu\/\" class=\"c-link c-link--is-underlined\" target=\"_blank\" rel=\"noopener\">S\u00e9bastien Lecornu<\/a>, qui vise \u00e0 suspendre jusqu\u2019\u00e0 janvier\u00a02028 la marche en avant vers les 64 ans et le rel\u00e8vement du nombre de trimestres \u00e0 cotiser, est<a href=\"https:\/\/www.20minutes.fr\/politique\/assemblee_nationale\/4184986-20251111-reforme-retraites-gouvernement-precise-publics-concernes-elargissement-suspension\" class=\"c-link c-link--is-underlined\" target=\"_blank\" rel=\"noopener\"> depuis la rentr\u00e9e au c\u0153ur des n\u00e9gociations budg\u00e9taires <\/a>entre le gouvernement et le <a href=\"https:\/\/www.20minutes.fr\/politique\/ps\/\" class=\"c-link c-link--is-underlined\" target=\"_blank\" rel=\"noopener\">Parti socialiste <\/a>pour \u00e9viter la censure. Cette \u00ab\u00a0pause\u00a0\u00bb de la controvers\u00e9e r\u00e9forme Borne a entra\u00een\u00e9 de vifs \u00e9changes au sein de la gauche, notamment entre socialistes et insoumis.<\/p>\n<\/p>\n<p>\u00ab\u00a0Personne n\u2019est dupe\u00a0!\u00a0\u00bb<\/p>\n<p>\u00ab\u00a0On est tous, \u00e0 gauche, pour l\u2019abrogation de la r\u00e9forme, mais il faut savoir prendre ce qu\u2019il y a \u00e0 prendre, maintenant, tout de suite, sur un sujet aussi embl\u00e9matique du quinquennat Macron\u00a0\u00bb, d\u00e9fend en d\u00e9but d\u2019apr\u00e8s-midi Laurent Baumel, d\u00e9put\u00e9 socialiste d\u2019Indre-et-Loire. L\u2019\u00e9lu PS hausse les \u00e9paules sur les fractures \u00e0 venir au sein de la gauche. \u00ab\u00a0Les insoumis vont s\u2019organiser pour nous pourrir l\u2019apr\u00e8s-midi\u2026 Mais cette suspension est une victoire du PS, elle valide notre strat\u00e9gie. Eux, qu\u2019ont-ils obtenus\u00a0?\u00a0\u00bb Un peu plus loin, l\u2019insoumis Eric Coquerel, donne la r\u00e9plique\u00a0: \u00ab\u00a0Le 1er\u00a0janvier 2028, on repart avec la r\u00e9forme Borne. Ce n\u2019est donc pas une suspension, mais un simple d\u00e9calage dans le temps\u2026\u00a0\u00bb, soupire le <a href=\"https:\/\/www.20minutes.fr\/dossier\/president\" class=\"c-link c-link--is-underlined\" target=\"_blank\" rel=\"noopener\">pr\u00e9sident<\/a> de la Commission des Finances, salle des Quatre colonnes. \u00ab\u00a0Suspension\u00a0\u00bb contre \u00ab\u00a0d\u00e9calage\u00a0\u00bb\u2026 Au-del\u00e0 du d\u00e9bat s\u00e9mantique, le sujet expose les divergences strat\u00e9giques entre les ex-alli\u00e9s du Nouveau Front populaire. Fallait-il censurer le gouvernement Lecornu ou tenter d\u2019arracher quelques victoires politiques\u00a0?<\/p>\n<p>\u00ab\u00a0Voter pour le d\u00e9calage de la r\u00e9forme des retraites, c\u2019est voter pour la retraite \u00e0 64 ans. Les insoumis ne valideront jamais par leur vote les deux ann\u00e9es de vie vol\u00e9es au peuple de France\u00a0!\u00a0\u00bb, tonne <a href=\"https:\/\/www.20minutes.fr\/politique\/mathilde-panot\/\" class=\"c-link c-link--is-underlined\" target=\"_blank\" rel=\"noopener\">Mathilde Panot<\/a>, la cheffe de file des insoumis \u00e0 l\u2019ouverture des d\u00e9bats. \u00ab\u00a0Personne n\u2019est dupe\u00a0! Cette tromperie se fait au titre de la poursuite de la politique de malheur d\u2019Emmanuel Macron par la non-censure des socialistes que vous avez achet\u00e9s avec ce d\u00e9calage\u00a0! Nous n\u2019avons pas \u00e9t\u00e9 \u00e9lus pour obtenir des miettes de la Macronie en d\u00e9route\u00a0\u00bb, ajoute l\u2019\u00e9lue du <a href=\"https:\/\/www.20minutes.fr\/societe\/val-de-marne\/\" class=\"c-link c-link--is-underlined\" target=\"_blank\" rel=\"noopener\">Val-de-Marne<\/a>. \u00ab\u00a0Aucun Fran\u00e7ais ne profitera de ce d\u00e9calage\u00a0\u00bb, abonde <a href=\"https:\/\/www.20minutes.fr\/politique\/manuel-bompard\/\" class=\"c-link c-link--is-underlined\" target=\"_blank\" rel=\"noopener\">Manuel Bompard<\/a>. \u00ab\u00a0Car dans le m\u00eame temps, vous faites 2\u00a0milliards d\u2019\u00e9conomies en sous-indexant les pensions de retraite pendant quatre ans ou 2.3\u00a0milliards d\u2019\u00e9conomie en doublant les franchises m\u00e9dicales, alors personne n\u2019y gagnera, y compris ceux qui pourront partir trois mois plus t\u00f4t \u00e0 la retraite\u00a0\u00bb, accuse le coordinateur de LFI. Un argumentaire d\u00e9fendu \u00e9galement par le groupe communiste. \u00ab\u00a0Il y a une entourloupe, c\u2019est un d\u00e9calage de trois mois et rien d\u2019autre, on ne trompera pas les Fran\u00e7ais, on ne votera pas un d\u00e9calage qui ent\u00e9rine la r\u00e9forme Borne\u00a0\u00bb, confirme \u00e0 son tour le d\u00e9put\u00e9 PCF St\u00e9phane Peu.<\/p>\n<p>Le PS \u00ab\u00a0abasourdi\u00a0\u00bb<\/p>\n<p>Sur leurs bancs, <a href=\"https:\/\/www.20minutes.fr\/politique\/olivier-faure\/\" class=\"c-link c-link--is-underlined\" target=\"_blank\" rel=\"noopener\">Olivier Faure<\/a> et <a href=\"https:\/\/www.20minutes.fr\/politique\/boris-vallaud\/\" class=\"c-link c-link--is-underlined\" target=\"_blank\" rel=\"noopener\">Boris Vallaud<\/a>, pourtant au c\u0153ur des n\u00e9gociations avec le <a href=\"https:\/\/www.20minutes.fr\/dossier\/premier_ministre\" class=\"c-link c-link--is-underlined\" target=\"_blank\" rel=\"noopener\">Premier ministre<\/a>, se montrent \u00e9trangement silencieux. C\u2019est finalement J\u00e9r\u00f4me Guedj qui r\u00e9pond aux attaques des insoumis. \u00ab\u00a0Je suis abasourdi devant les circonvolutions de certains \u00e0 gauche qui cherchent toutes les bonnes raisons pour ne pas voter ce qui va constituer une avanc\u00e9e pour des centaines de milliers de nos concitoyens. Jamais je n\u2019aurais pens\u00e9 voir quelqu\u2019un a gauche invoquer des arguments sur le financement pour justifier un vote contre une avanc\u00e9e sociale\u00a0!\u00a0\u00bb, s\u2019emporte l\u2019\u00e9lu socialiste de l\u2019Essonne. \u00ab\u00a0Dans quelques minutes, nous allons l\u00e9gif\u00e9rer pour refuser le gel des pensions et l\u2019ann\u00e9e blanche et nous nous opposerons au doublement des franchises\u00a0\u00bb, ajoute-t-il, \u00e9voquant les \u00ab\u00a0pr\u00e9textes fallacieux\u00a0\u00bb avanc\u00e9s par LFI.<\/p>\n<p>La veille, le gouvernement avait \u00e9tendu par amendement le p\u00e9rim\u00e8tre de la suspension pour inclure notamment les carri\u00e8res longues. De quoi faire basculer, aussi, le vote des \u00e9cologistes en faveur de la mesure. \u00ab\u00a0500 000 travailleurs vont en profiter, partir trois ou six mois plus t\u00f4t. Nous prenons. Nous prenons comme toujours\u00a0!\u00a0\u00bb, assure aussi <a href=\"https:\/\/www.20minutes.fr\/dossier\/francois-ruffin\" class=\"c-link c-link--is-underlined\" target=\"_blank\" rel=\"noopener\">Fran\u00e7ois Ruffin<\/a>, l\u2019\u00e9lu apparent\u00e9 \u00e9cologiste. \u00ab\u00a0Mais nous ne faisons pas passer ces miettes pour un festin. Nous grattons ce que nous pouvons. Et au printemps\u00a02027, les <a href=\"https:\/\/www.20minutes.fr\/dossier\/francais\" class=\"c-link c-link--is-underlined\" target=\"_blank\" rel=\"noopener\">Fran\u00e7ais<\/a> trancheront.\u00a0\u00bb<\/p>\n<p>En fin d\u2019apr\u00e8s-midi, la \u00ab\u00a0suspension\u00a0\u00bb de la r\u00e9forme Borne a finalement \u00e9t\u00e9 approuv\u00e9e par 255 voix contre 146, avec le soutien du PS, des \u00c9cologistes, du RN et de Liot et l\u2019abstention d\u2019une majorit\u00e9 de d\u00e9put\u00e9s Renaissance et du MoDem. Lorsque la pr\u00e9sidente de l\u2019Assembl\u00e9e, Ya\u00ebl Braun-Pivet, annonce les r\u00e9sultats, les d\u00e9put\u00e9s socialistes sont les seuls debout \u00e0 applaudir.<\/p>\n","protected":false},"excerpt":{"rendered":"A l\u2019Assembl\u00e9e nationale, Apr\u00e8s des semaines et des semaines de tractations, l\u2019Assembl\u00e9e nationale se pronon\u00e7ait ce mercredi sur&hellip;\n","protected":false},"author":2,"featured_media":530224,"comment_status":"","ping_status":"","sticky":false,"template":"","format":"standard","meta":{"footnotes":""},"categories":[2],"tags":[47,11,416,1003,422,1011,27,418,12,316,1268,137,11067],"class_list":{"0":"post-530223","1":"post","2":"type-post","3":"status-publish","4":"format-standard","5":"has-post-thumbnail","7":"category-actualites","8":"tag-actualite","9":"tag-actualites","10":"tag-assemblee-nationale","11":"tag-budget","12":"tag-depute","13":"tag-fr","14":"tag-france","15":"tag-gouvernement","16":"tag-news","17":"tag-politique","18":"tag-reforme-des-retraites-2023","19":"tag-retraite","20":"tag-sebastien-lecornu"},"share_on_mastodon":{"url":"https:\/\/pubeurope.com\/@fr\/115539750713849208","error":""},"_links":{"self":[{"href":"https:\/\/www.europesays.com\/fr\/wp-json\/wp\/v2\/posts\/530223","targetHints":{"allow":["GET"]}}],"collection":[{"href":"https:\/\/www.europesays.com\/fr\/wp-json\/wp\/v2\/posts"}],"about":[{"href":"https:\/\/www.europesays.com\/fr\/wp-json\/wp\/v2\/types\/post"}],"author":[{"embeddable":true,"href":"https:\/\/www.europesays.com\/fr\/wp-json\/wp\/v2\/users\/2"}],"replies":[{"embeddable":true,"href":"https:\/\/www.europesays.com\/fr\/wp-json\/wp\/v2\/comments?post=530223"}],"version-history":[{"count":0,"href":"https:\/\/www.europesays.com\/fr\/wp-json\/wp\/v2\/posts\/530223\/revisions"}],"wp:featuredmedia":[{"embeddable":true,"href":"https:\/\/www.europesays.com\/fr\/wp-json\/wp\/v2\/media\/530224"}],"wp:attachment":[{"href":"https:\/\/www.europesays.com\/fr\/wp-json\/wp\/v2\/media?parent=530223"}],"wp:term":[{"taxonomy":"category","embeddable":true,"href":"https:\/\/www.europesays.com\/fr\/wp-json\/wp\/v2\/categories?post=530223"},{"taxonomy":"post_tag","embeddable":true,"href":"https:\/\/www.europesays.com\/fr\/wp-json\/wp\/v2\/tags?post=530223"}],"curies":[{"name":"wp","href":"https:\/\/api.w.org\/{rel}","templated":true}]}}