{"id":530225,"date":"2025-11-13T01:17:21","date_gmt":"2025-11-13T01:17:21","guid":{"rendered":"https:\/\/www.europesays.com\/fr\/530225\/"},"modified":"2025-11-13T01:17:21","modified_gmt":"2025-11-13T01:17:21","slug":"un-trio-condamne-apres-une-agression-a-la-talaudiere","status":"publish","type":"post","link":"https:\/\/www.europesays.com\/fr\/530225\/","title":{"rendered":"un trio condamn\u00e9 apr\u00e8s une agression \u00e0 La Talaudi\u00e8re"},"content":{"rendered":"<p>Le pr\u00e9sident d\u2019audience a fini par se f\u00e2cher. \u00ab\u00a0Et la vid\u00e9o o\u00f9 vous vous filmez le couteau \u00e0 la main\u00a0? Vous n\u2019y allez ce soir-l\u00e0 que pour \u00ab\u00a0discuter\u00a0\u00bb, vraiment\u00a0? Et \u00e0 quatre\u00a0?\u00a0\u00bb.<\/p>\n<p>Les pr\u00e9venus conservent tant le silence que leur version de d\u00e9part\u00a0: ils contestent formellement \u00eatre impliqu\u00e9s dans le coup de couteau re\u00e7u au thorax par Isma\u00ebl (pr\u00e9nom d\u2019emprunt), un jeune homme de leur \u00e2ge, dans la nuit du 10\u00a0novembre 2024, rue de la Chazotte \u00e0 La Talaudi\u00e8re.<\/p>\n<p>Ce trio de gar\u00e7ons \u00e2g\u00e9s de 19 \u00e0 21 ans (le quatri\u00e8me a \u00e9t\u00e9 mis hors de cause) est&#8230;<\/p>\n","protected":false},"excerpt":{"rendered":"Le pr\u00e9sident d\u2019audience a fini par se f\u00e2cher. \u00ab\u00a0Et la vid\u00e9o o\u00f9 vous vous filmez le couteau \u00e0&hellip;\n","protected":false},"author":2,"featured_media":530226,"comment_status":"","ping_status":"","sticky":false,"template":"","format":"standard","meta":{"footnotes":""},"categories":[9653],"tags":[1111,11,2430,271,272,7539,1777,674,274,1011,27,12053,3367,12,25,4001,9664],"class_list":{"0":"post-530225","1":"post","2":"type-post","3":"status-publish","4":"format-standard","5":"has-post-thumbnail","7":"category-saint-etienne","8":"tag-actu","9":"tag-actualites","10":"tag-auvergne-rhone-alpes","11":"tag-crime","12":"tag-delit-et-contravention","13":"tag-edition-loire-sud","14":"tag-eu","15":"tag-europe","16":"tag-faits-divers-justice","17":"tag-fr","18":"tag-france","19":"tag-la-talaudiere","20":"tag-loire","21":"tag-news","22":"tag-republique-francaise","23":"tag-saint-etienne","24":"tag-saint-etienne-bassin"},"share_on_mastodon":{"url":"https:\/\/pubeurope.com\/@fr\/115539754606364101","error":""},"_links":{"self":[{"href":"https:\/\/www.europesays.com\/fr\/wp-json\/wp\/v2\/posts\/530225","targetHints":{"allow":["GET"]}}],"collection":[{"href":"https:\/\/www.europesays.com\/fr\/wp-json\/wp\/v2\/posts"}],"about":[{"href":"https:\/\/www.europesays.com\/fr\/wp-json\/wp\/v2\/types\/post"}],"author":[{"embeddable":true,"href":"https:\/\/www.europesays.com\/fr\/wp-json\/wp\/v2\/users\/2"}],"replies":[{"embeddable":true,"href":"https:\/\/www.europesays.com\/fr\/wp-json\/wp\/v2\/comments?post=530225"}],"version-history":[{"count":0,"href":"https:\/\/www.europesays.com\/fr\/wp-json\/wp\/v2\/posts\/530225\/revisions"}],"wp:featuredmedia":[{"embeddable":true,"href":"https:\/\/www.europesays.com\/fr\/wp-json\/wp\/v2\/media\/530226"}],"wp:attachment":[{"href":"https:\/\/www.europesays.com\/fr\/wp-json\/wp\/v2\/media?parent=530225"}],"wp:term":[{"taxonomy":"category","embeddable":true,"href":"https:\/\/www.europesays.com\/fr\/wp-json\/wp\/v2\/categories?post=530225"},{"taxonomy":"post_tag","embeddable":true,"href":"https:\/\/www.europesays.com\/fr\/wp-json\/wp\/v2\/tags?post=530225"}],"curies":[{"name":"wp","href":"https:\/\/api.w.org\/{rel}","templated":true}]}}