{"id":530232,"date":"2025-11-13T01:22:17","date_gmt":"2025-11-13T01:22:17","guid":{"rendered":"https:\/\/www.europesays.com\/fr\/530232\/"},"modified":"2025-11-13T01:22:17","modified_gmt":"2025-11-13T01:22:17","slug":"en-images-de-spectaculaires-aurores-boreales-illuminent-le-ciel-francais","status":"publish","type":"post","link":"https:\/\/www.europesays.com\/fr\/530232\/","title":{"rendered":"EN IMAGES.\u00a0De spectaculaires aurores bor\u00e9ales illuminent le ciel fran\u00e7ais"},"content":{"rendered":"<p>C\u2019est un spectacle qui ne s\u2019offre <a href=\"https:\/\/laval.maville.com\/actu\/actudet_-des-aurores-boreales-visibles-a-l-oeil-nu-dans-la-nuit-de-mercredi-a-jeudi-en-mayenne-_11-7060378_actu.Htm\" target=\"_blank\" rel=\"noopener\">pas toutes les nuits<\/a>, mais plusieurs personnes ont pu observer de rares aurores bor\u00e9ales dans le ciel de France dans la nuit du mardi\u00a011 au mercredi 12\u00a0novembre. Celles-ci sont dues \u00e0 des \u00e9ruptions solaires de tr\u00e8s forte intensit\u00e9, rapporte <a href=\"https:\/\/www.franceinfo.fr\/environnement\/meteo\/aurores-boreales-une-nuit-magique-aux-quatre-coins-de-la-france_7612181.html\" target=\"_blank\" rel=\"noopener\"> France Info <\/a>.<\/p>\n<p>De nouvelles aurores bor\u00e9ales sont attendues dans la nuit de mercredi \u00e0 jeudi entre 23h et 3h du matin.<\/p>\n<p><strong>\u00ab\u00a0M\u00eame si le lever du jour met fin temporairement aux chances d\u2019observer ces aurores bor\u00e9ales, la temp\u00eate g\u00e9omagn\u00e9tique n\u2019est pas termin\u00e9e. Les derni\u00e8res pr\u00e9visions s\u2019attendent \u00e0 un nouveau pic d\u2019activit\u00e9 pour la soir\u00e9e du mercredi 12\u00a0novembre 2025\u00a0\u00bb<\/strong>, indique M\u00e9t\u00e9o-villes cit\u00e9 dans  <a href=\"https:\/\/www.lefigaro.fr\/meteo\/aurores-boreales-ce-mercredi-soir-dans-le-ciel-francais-comment-les-observer-dans-les-meilleures-conditions-20251112\" target=\"_blank\" rel=\"noopener\">Le Figaro<\/a> .<\/p>\n<p><strong>\u00ab\u00a0Il faut regarder vers le nord, si possible dans une zone avec tr\u00e8s peu ou pas de pollution lumineuse\u00a0\u00bb<\/strong>, pr\u00e9cise-t-il.<\/p>\n<p>\t<img decoding=\"async\" src=\"https:\/\/www.europesays.com\/fr\/wp-content\/uploads\/2025\/11\/P35577278D7061039G_px_640_.jpg\" alt=\"photo des aurores bor\u00e9ales ont \u00e9t\u00e9 observ\u00e9es dans le ciel vend\u00e9en la nuit du 11 au 12\u00a0novembre 2025. ici, le photographe rodrigue laurent les a photographi\u00e9es \u00e0 l\u2019\u00eele d\u2019yeu.  \u00a9  rodrigue laurent\" width=\"640\" title=\" Des aurores bor\u00e9ales ont \u00e9t\u00e9 observ\u00e9es dans le ciel vend\u00e9en la nuit du 11 au 12\u00a0novembre 2025. Ici, le photographe Rodrigue Laurent les a photographi\u00e9es \u00e0 l\u2019\u00eele d\u2019Yeu.   Rodrigue Laurent \"\/><\/p>\n<p class=\"elmt-legende\"> Des aurores bor\u00e9ales ont \u00e9t\u00e9 observ\u00e9es dans le ciel vend\u00e9en la nuit du 11 au 12\u00a0novembre 2025. Ici, le photographe Rodrigue Laurent les a photographi\u00e9es \u00e0 l\u2019\u00eele d\u2019Yeu.   Rodrigue Laurent <\/p>\n<p>Deux agences nationales sp\u00e9cialis\u00e9es dans la m\u00e9t\u00e9orologie proposent des outils permettant de pr\u00e9dire \u00e0 court terme &#8211; soit 30 \u00e0 90\u00a0minutes avant &#8211; leur emplacement et leur intensit\u00e9\u00a0: la N.O.A.A. Space Weather Prediction Center ou le Centre op\u00e9rationnel de m\u00e9t\u00e9orologie de l\u2019espace des Alpes. Il est \u00e9galement possible de consulter les images satellites du site M\u00e9t\u00e9o &amp; Radar.<\/p>\n<p>\t<img decoding=\"async\" src=\"https:\/\/www.europesays.com\/fr\/wp-content\/uploads\/2025\/11\/P35577279D7061039G_px_640_.jpg\" alt=\"photo photographe install\u00e9 \u00e0 ploumanac\u2019h, riwal kerherv\u00e9 s\u2019est lev\u00e9 dans la nuit pour immortaliser ces aurores bor\u00e9ales, r\u00e9sultat d\u2019\u00e9ruptions solaires.  \u00a9  riwal kerherv\u00e9\" width=\"640\" title=\" Photographe install\u00e9 \u00e0 Ploumanac\u2019h, Riwal Kerherv\u00e9 s\u2019est lev\u00e9 dans la nuit pour immortaliser ces aurores bor\u00e9ales, r\u00e9sultat d\u2019\u00e9ruptions solaires.   Riwal Kerherv\u00e9 \"\/><\/p>\n<p class=\"elmt-legende\"> Photographe install\u00e9 \u00e0 Ploumanac\u2019h, Riwal Kerherv\u00e9 s\u2019est lev\u00e9 dans la nuit pour immortaliser ces aurores bor\u00e9ales, r\u00e9sultat d\u2019\u00e9ruptions solaires.   Riwal Kerherv\u00e9 <\/p>\n<p>\t<img decoding=\"async\" src=\"https:\/\/www.europesays.com\/fr\/wp-content\/uploads\/2025\/11\/P35577280D7061039G_px_640_.jpg\" alt=\"photo aurores bor\u00e9ales prises \u00e0 vertou ce mercredi 12\u00a0novembre, entre 3\u00a0h et 4\u00a0h du matin.  \u00a9  @math_rv\" width=\"640\" title=\" Aurores bor\u00e9ales prises \u00e0 Vertou ce mercredi 12\u00a0novembre, entre 3\u00a0h et 4\u00a0h du matin.   @math_rv \"\/><\/p>\n<p class=\"elmt-legende\"> Aurores bor\u00e9ales prises \u00e0 Vertou ce mercredi 12\u00a0novembre, entre 3\u00a0h et 4\u00a0h du matin.   @math_rv <\/p>\n<p>Apr\u00e8s les aurores bor\u00e9ales, c\u2019est un magnifique lever du jour que Jean-Marc Gaschet a captur\u00e9 \u00e0 la Chaume<strong>. \u00ab\u00a0\u00c7a n\u2019a dur\u00e9 que quelques instants, d\u00e9crit-il. Je partais au travail, j\u2019ai eu la chance d\u2019\u00eatre tomb\u00e9 au bon endroit au bon moment.\u00a0\u00bb<\/strong><\/p>\n<p>\t<img decoding=\"async\" src=\"https:\/\/www.europesays.com\/fr\/wp-content\/uploads\/2025\/11\/P35577281D7061039G_px_640_.jpg\" alt=\"photo apr\u00e8s les aurores bor\u00e9ales, le lever de soleil ros\u00e9.  \u00a9  jean-marc gaschet\" width=\"640\" title=\" Apr\u00e8s les aurores bor\u00e9ales, le lever de soleil ros\u00e9.   Jean-Marc Gaschet \"\/><\/p>\n<p class=\"elmt-legende\"> Apr\u00e8s les aurores bor\u00e9ales, le lever de soleil ros\u00e9.   Jean-Marc Gaschet <\/p>\n<p>\u00a0<\/p>\n","protected":false},"excerpt":{"rendered":"C\u2019est un spectacle qui ne s\u2019offre pas toutes les nuits, mais plusieurs personnes ont pu observer de rares&hellip;\n","protected":false},"author":2,"featured_media":530233,"comment_status":"","ping_status":"","sticky":false,"template":"","format":"standard","meta":{"footnotes":""},"categories":[9619],"tags":[1111,11,64916,64917,4512,1777,674,1011,3844,27,64918,4430,12,882,25,59647,2310],"class_list":{"0":"post-530232","1":"post","2":"type-post","3":"status-publish","4":"format-standard","5":"has-post-thumbnail","7":"category-toulon","8":"tag-actu","9":"tag-actualites","10":"tag-aurores","11":"tag-boreales","12":"tag-ciel","13":"tag-eu","14":"tag-europe","15":"tag-fr","16":"tag-francais","17":"tag-france","18":"tag-illuminent","19":"tag-images","20":"tag-news","21":"tag-provence-alpes-cote-dazur","22":"tag-republique-francaise","23":"tag-spectaculaires","24":"tag-toulon"},"share_on_mastodon":{"url":"https:\/\/pubeurope.com\/@fr\/115539775210616767","error":""},"_links":{"self":[{"href":"https:\/\/www.europesays.com\/fr\/wp-json\/wp\/v2\/posts\/530232","targetHints":{"allow":["GET"]}}],"collection":[{"href":"https:\/\/www.europesays.com\/fr\/wp-json\/wp\/v2\/posts"}],"about":[{"href":"https:\/\/www.europesays.com\/fr\/wp-json\/wp\/v2\/types\/post"}],"author":[{"embeddable":true,"href":"https:\/\/www.europesays.com\/fr\/wp-json\/wp\/v2\/users\/2"}],"replies":[{"embeddable":true,"href":"https:\/\/www.europesays.com\/fr\/wp-json\/wp\/v2\/comments?post=530232"}],"version-history":[{"count":0,"href":"https:\/\/www.europesays.com\/fr\/wp-json\/wp\/v2\/posts\/530232\/revisions"}],"wp:featuredmedia":[{"embeddable":true,"href":"https:\/\/www.europesays.com\/fr\/wp-json\/wp\/v2\/media\/530233"}],"wp:attachment":[{"href":"https:\/\/www.europesays.com\/fr\/wp-json\/wp\/v2\/media?parent=530232"}],"wp:term":[{"taxonomy":"category","embeddable":true,"href":"https:\/\/www.europesays.com\/fr\/wp-json\/wp\/v2\/categories?post=530232"},{"taxonomy":"post_tag","embeddable":true,"href":"https:\/\/www.europesays.com\/fr\/wp-json\/wp\/v2\/tags?post=530232"}],"curies":[{"name":"wp","href":"https:\/\/api.w.org\/{rel}","templated":true}]}}