{"id":530238,"date":"2025-11-13T01:26:29","date_gmt":"2025-11-13T01:26:29","guid":{"rendered":"https:\/\/www.europesays.com\/fr\/530238\/"},"modified":"2025-11-13T01:26:29","modified_gmt":"2025-11-13T01:26:29","slug":"une-conductrice-retrouvee-endormie-au-volant-dans-le-tunnel-de-la-grandmare","status":"publish","type":"post","link":"https:\/\/www.europesays.com\/fr\/530238\/","title":{"rendered":"une conductrice retrouv\u00e9e endormie au volant dans le tunnel de la Grand&rsquo;Mare"},"content":{"rendered":"<p melodystyle=\"texte\">Les faits se sont d\u00e9roul\u00e9s mardi 11\u00a0novembre, vers 4h10, dans le tunnel de la Grand&rsquo;Mare, \u00e0 Rouen, dans le sens Rouen-Lille. La police a \u00e9t\u00e9 appel\u00e9e pour une voiture accident\u00e9e sur le bas-c\u00f4t\u00e9.<\/p>\n<p>Une voiture immobilis\u00e9e dans le tunnel<\/p>\n<p melodystyle=\"texte\">A\u00a0leur arriv\u00e9e, les policiers d\u00e9couvrent un v\u00e9hicule \u00e0 l&rsquo;arr\u00eat, roue avant droite d\u00e9jant\u00e9e. La conductrice, \u00e2g\u00e9e de 20 ans, semble s&rsquo;\u00eatre endormie au volant. Aucun d\u00e9g\u00e2t mat\u00e9riel n&rsquo;a \u00e9t\u00e9 constat\u00e9 sur les installations du tunnel.<\/p>\n<p>Une forte odeur d&rsquo;alcool<\/p>\n<p melodystyle=\"texte\">Les agents tentent de r\u00e9veiller la jeune femme et remarquent imm\u00e9diatement une forte odeur d&rsquo;alcool. D\u00e9tentrice d&rsquo;un permis de conduire en r\u00e8gle et assur\u00e9e, elle est toutefois dans l&rsquo;incapacit\u00e9 de souffler dans l&rsquo;\u00e9thylotest. Un pr\u00e9l\u00e8vement sanguin doit \u00eatre r\u00e9alis\u00e9 ult\u00e9rieurement.<\/p>\n","protected":false},"excerpt":{"rendered":"Les faits se sont d\u00e9roul\u00e9s mardi 11\u00a0novembre, vers 4h10, dans le tunnel de la Grand&rsquo;Mare, \u00e0 Rouen, dans&hellip;\n","protected":false},"author":2,"featured_media":530239,"comment_status":"","ping_status":"","sticky":false,"template":"","format":"standard","meta":{"footnotes":""},"categories":[9587],"tags":[1111,11,1777,674,1011,27,12,5161,25,9590],"class_list":{"0":"post-530238","1":"post","2":"type-post","3":"status-publish","4":"format-standard","5":"has-post-thumbnail","7":"category-rouen","8":"tag-actu","9":"tag-actualites","10":"tag-eu","11":"tag-europe","12":"tag-fr","13":"tag-france","14":"tag-news","15":"tag-normandie","16":"tag-republique-francaise","17":"tag-rouen"},"share_on_mastodon":{"url":"https:\/\/pubeurope.com\/@fr\/115539789952820189","error":""},"_links":{"self":[{"href":"https:\/\/www.europesays.com\/fr\/wp-json\/wp\/v2\/posts\/530238","targetHints":{"allow":["GET"]}}],"collection":[{"href":"https:\/\/www.europesays.com\/fr\/wp-json\/wp\/v2\/posts"}],"about":[{"href":"https:\/\/www.europesays.com\/fr\/wp-json\/wp\/v2\/types\/post"}],"author":[{"embeddable":true,"href":"https:\/\/www.europesays.com\/fr\/wp-json\/wp\/v2\/users\/2"}],"replies":[{"embeddable":true,"href":"https:\/\/www.europesays.com\/fr\/wp-json\/wp\/v2\/comments?post=530238"}],"version-history":[{"count":0,"href":"https:\/\/www.europesays.com\/fr\/wp-json\/wp\/v2\/posts\/530238\/revisions"}],"wp:featuredmedia":[{"embeddable":true,"href":"https:\/\/www.europesays.com\/fr\/wp-json\/wp\/v2\/media\/530239"}],"wp:attachment":[{"href":"https:\/\/www.europesays.com\/fr\/wp-json\/wp\/v2\/media?parent=530238"}],"wp:term":[{"taxonomy":"category","embeddable":true,"href":"https:\/\/www.europesays.com\/fr\/wp-json\/wp\/v2\/categories?post=530238"},{"taxonomy":"post_tag","embeddable":true,"href":"https:\/\/www.europesays.com\/fr\/wp-json\/wp\/v2\/tags?post=530238"}],"curies":[{"name":"wp","href":"https:\/\/api.w.org\/{rel}","templated":true}]}}