{"id":530246,"date":"2025-11-13T01:32:22","date_gmt":"2025-11-13T01:32:22","guid":{"rendered":"https:\/\/www.europesays.com\/fr\/530246\/"},"modified":"2025-11-13T01:32:22","modified_gmt":"2025-11-13T01:32:22","slug":"avec-ce-nouveau-media-2-potes-font-danser-les-strasbourgeoises","status":"publish","type":"post","link":"https:\/\/www.europesays.com\/fr\/530246\/","title":{"rendered":"avec ce nouveau m\u00e9dia, 2 potes font danser les Strasbourgeois(es) !"},"content":{"rendered":"<p>    <img loading=\"lazy\" width=\"1800\" height=\"900\" src=\"https:\/\/www.europesays.com\/fr\/wp-content\/uploads\/2025\/11\/jeanne-callthepolice.jpg\" class=\"attachment-full size-full\" alt=\"\" id=\"imageLove\" decoding=\"async\"  \/><\/p>\n<p id=\"breadcrumbs\"><a href=\"https:\/\/pokaa.fr\/\" target=\"_blank\" rel=\"noopener\">Accueil<\/a> \/ <a href=\"https:\/\/pokaa.fr\/categories\/actu\/\" target=\"_blank\" rel=\"noopener\">Info locale<\/a> \/ <a href=\"https:\/\/pokaa.fr\/categories\/actu\/culture\/\" target=\"_blank\" rel=\"noopener\">Culture<\/a> \/ Stras\u2019Groove : avec ce nouveau m\u00e9dia, 2 potes font danser les Strasbourgeois(es) !<\/p>\n<p>                    Culture<\/p>\n<p>\t\t\t\t<a href=\"https:\/\/pokaa.fr\/author\/annem\/\" title=\"A. Me\" class=\"author-avatar\" target=\"_blank\" rel=\"noopener\"><img loading=\"lazy\" alt=\"\" src=\"https:\/\/www.europesays.com\/fr\/wp-content\/uploads\/2025\/11\/e608d01c88a5624515487d364a8b66afccb2f28166eb962874364a1e1474f0b2\"  class=\"avatar avatar-96 photo\" height=\"96\" width=\"96\" decoding=\"async\"\/><\/a><\/p>\n<p>\t\t\t\tpar<\/p>\n<p>\t\t\t\t<a href=\"https:\/\/pokaa.fr\/author\/annem\/\" title=\"A. Me\" rel=\"author noopener\" class=\"author-name\" target=\"_blank\">A. Me <\/a><\/p>\n<p>publi\u00e9 le 13 Nov 2025 \u00e0 2 h 18 min<\/p>\n<p><strong>Oiseaux des nuits strasbourgeoises, Jules Carlen et S\u00e9bastien Thomas ont cr\u00e9\u00e9 Stras\u2019Groove, un m\u00e9dia qui r\u00e9f\u00e9rence les \u00e9v\u00e9nements festifs et musicaux \u00e0 ne pas manquer chaque semaine, au sein de la capitale alsacienne. Coup de projecteur.<\/strong><\/p>\n<p><strong>\u00ab On sort ce soir ? \u00bb<\/strong> Quel(le) Strasbourgeois(e) n\u2019a jamais vu une discussion entre potes s\u2019enflammer apr\u00e8s cette question, capable de produire une avalanche de notifications ?<\/p>\n<p>\u00c7a tombe bien, car depuis mars, Stras\u2019Groove nous aide \u00e0 choisir le programme de nos soir\u00e9es \u2013 et de nos journ\u00e9es ! Chaque semaine, <strong>le jeune m\u00e9dia r\u00e9f\u00e9rence 60 \u00e0 70 \u00e9v\u00e9nements sur <a href=\"https:\/\/www.facebook.com\/straslavie\/?locale=fr_FR\" target=\"_blank\" rel=\"noopener\">Facebook<\/a> et en met 16 en avant sur <a href=\"https:\/\/www.instagram.com\/p\/DH1JsIcIc6x\/\" target=\"_blank\" rel=\"noopener\">Instagram<\/a>.<\/strong><\/p>\n<p>                <img width=\"275\" height=\"500\" src=\"https:\/\/www.europesays.com\/fr\/wp-content\/uploads\/2025\/11\/img-3745-275x500.jpg\" class=\"attachment-gallery size-gallery\" alt=\"stras groove\" data-full-url=\"https:\/\/pokaa.fr\/wp-content\/uploads\/2025\/11\/12\/img-3745.jpg\" decoding=\"async\" loading=\"lazy\"  \/>            <\/p>\n<p>                <img width=\"281\" height=\"500\" src=\"https:\/\/www.europesays.com\/fr\/wp-content\/uploads\/2025\/11\/img-3747-281x500.jpg\" class=\"attachment-gallery size-gallery\" alt=\"stras groove\" data-full-url=\"https:\/\/pokaa.fr\/wp-content\/uploads\/2025\/11\/12\/img-3747.jpg\" decoding=\"async\" loading=\"lazy\"  \/>            <\/p>\n<p>                    \u00a9 Page Instagram de Stras&rsquo;Groove \/ Captures d&rsquo;\u00e9cran<\/p>\n<p>De l\u2019agenda aux soir\u00e9es<\/p>\n<p><strong>Derri\u00e8re ce projet : deux noctambules strasbourgeois d\u00e9sireux de mettre en lumi\u00e8re la richesse culturelle au niveau local.<\/strong><\/p>\n<p>\u00ab Avant le confinement, j\u2019avais une page Facebook qui s\u2019appelait Stras la vie, retrace Jules Carlen, barman, et engag\u00e9 dans la vie nocturne depuis longtemps. Je faisais un planning hebdomadaire dans lequel je mettais un peu de tout : des concerts, des spectacles, des march\u00e9s\u2026 Il n\u2019y avait pas vraiment de structure. \u00bb<\/p>\n<p>    <img width=\"800\" height=\"600\" src=\"https:\/\/www.europesays.com\/fr\/wp-content\/uploads\/2025\/11\/jules-carlen-et-sebastien-thomas-800x600.jpg\" class=\"attachment-image-size-L size-image-size-L\" alt=\"Jules Carlen et S\u00e9bastien Thomas stras\u2019groove\" decoding=\"async\" loading=\"lazy\"  \/>         Jules Carlen et S\u00e9bastien Thomas. \u00a9 A.Me \/ Pokaa <\/p>\n<p>Apr\u00e8s plus de cinq ans de pause, le Strasbourgeois a eu envie de relancer le projet cette ann\u00e9e, \u00ab\u00a0en reprenant le graphisme et en axant le contenu sur l\u2019\u00e9v\u00e9nementiel pour avoir un planning des sorties pour chaque jour de la semaine \u00bb. Il en parle alors \u00e0 S\u00e9bastien Thomas, un ami qui travaille dans le domaine de la communication le jour et mixe la nuit. \u00ab\u00a0Il \u00e9tait chaud \u00e0 ce qu\u2019on fasse \u00e7a ensemble. <strong>On a lanc\u00e9 Stras\u2019Groove le 31 mars.<\/strong><strong>\u00a0<\/strong>\u00bb<\/p>\n<p><strong>Les deux amis s\u00e9lectionnent des \u00e9v\u00e9nements festifs et musicaux \u00e0 Strasbourg et dans la r\u00e9gion<\/strong>. Les recommandations peuvent emmener jusqu\u2019\u00e0 Nancy, Colmar, Mulhouse et m\u00eame dans des villes de pays voisins. <strong>Rapidement, ils se lancent \u00e9galement dans l\u2019organisation d\u2019\u00e9v\u00e9nements musicaux : les soir\u00e9es Freq Control.<\/strong><\/p>\n<p>                <img width=\"400\" height=\"500\" src=\"https:\/\/www.europesays.com\/fr\/wp-content\/uploads\/2025\/11\/premiere-soiree-freqcontrol-5-400x500.jpg\" class=\"attachment-gallery size-gallery\" alt=\"Premi\u00e8re soir\u00e9e Freq\u2019control 5\" data-full-url=\"https:\/\/pokaa.fr\/wp-content\/uploads\/2025\/11\/07\/premiere-soiree-freqcontrol-5.jpg\" decoding=\"async\" loading=\"lazy\"  \/>            <\/p>\n<p>                <img width=\"400\" height=\"500\" src=\"https:\/\/www.europesays.com\/fr\/wp-content\/uploads\/2025\/11\/soiree-freq-control-1-2-400x500.jpg\" class=\"attachment-gallery size-gallery\" alt=\"Soir\u00e9e Freq control 1 2\" data-full-url=\"https:\/\/pokaa.fr\/wp-content\/uploads\/2025\/11\/07\/soiree-freq-control-1-2.jpg\" decoding=\"async\" loading=\"lazy\"  \/>            <\/p>\n<p>                <img width=\"500\" height=\"500\" src=\"https:\/\/www.europesays.com\/fr\/wp-content\/uploads\/2025\/11\/soiree-freq-control-1-4-500x500.jpg\" class=\"attachment-gallery size-gallery\" alt=\"Soir\u00e9e Freq control 1 4\" data-full-url=\"https:\/\/pokaa.fr\/wp-content\/uploads\/2025\/11\/07\/soiree-freq-control-1-4.jpg\" decoding=\"async\" loading=\"lazy\"  \/>            <\/p>\n<p>                    Premi\u00e8re soir\u00e9e Freq Control. \u00a9 Documents remis<\/p>\n<p>\u00ab Il manquait quelque chose \u00e0 Strasbourg \u00bb<\/p>\n<p>\u00ab<strong>\u00a0Le but de ces rendez-vous, c\u2019est de mettre en lumi\u00e8re la sc\u00e8ne \u00e9lectro dans sa g\u00e9n\u00e9ralit\u00e9 au sein de certains lieux de vie<\/strong>. On en a organis\u00e9 au Blue Note, \u00e0 la P\u00e9niche M\u00e9canique ou encore au Tigre \u00bb, d\u00e9taille S\u00e9bastien. \u00ab On a commenc\u00e9 avec quelque chose que l\u2019on conna\u00eet d\u00e9j\u00e0 : la musique \u00e9lectro. <strong>Mais nous avons comme ambition d\u2019ouvrir ces \u00e9v\u00e9nements \u00e0 une sc\u00e8ne plus alternative, avec des styles plus indie ou pop-rock.<\/strong> \u00bb<\/p>\n<p>Il poursuit : \u00ab <strong>On a vu qu\u2019il manquait quelque chose \u00e0 Strasbourg en termes de communication sur les \u00e9v\u00e9nements musicaux.<\/strong> \u00bb\u00a0Le duo souhaite m\u00eame aller plus loin et se lancer dans des interviews d\u2019artistes locaux\/les.<\/p>\n<p>    <img width=\"480\" height=\"600\" src=\"https:\/\/www.europesays.com\/fr\/wp-content\/uploads\/2025\/11\/soiree-freq-control-1-3-480x600.jpg\" class=\"attachment-image-size-M size-image-size-M\" alt=\"Soir\u00e9e Freq control 1 3\" decoding=\"async\" loading=\"lazy\"  \/>         Premi\u00e8re soir\u00e9e Freq Control. \u00a9 Document remis <\/p>\n<p>\u00ab\u00a0<strong>L\u2019id\u00e9e, c\u2019est de faire des vid\u00e9os avec des personnes de la sc\u00e8ne culturelle, des collectifs, des associations ou des groupes pour qu\u2019ils puissent pr\u00e9senter leurs projets<\/strong>, explique S\u00e9bastien. Il y a beaucoup de choses qui se font \u00e0 Strasbourg, mais on ne les conna\u00eet pas forc\u00e9ment. On ne sait pas toujours qui ils sont, d\u2019o\u00f9 ils viennent et quelles sont leurs inspirations. <strong>Nous, notre objectif, c\u2019est de mettre en avant cette sc\u00e8ne musicale. <\/strong>\u00bb<\/p>\n<p>Appel \u00e0 b\u00e9n\u00e9voles<\/p>\n<p>Si Jules et S\u00e9bastien sont actuellement les chevilles ouvri\u00e8res de Stras\u2019Groove, le jeune m\u00e9dia repose sur une structure associative \u00e0 but non lucratif. \u00ab <strong>L\u2019int\u00e9gralit\u00e9 des b\u00e9n\u00e9fices g\u00e9n\u00e9r\u00e9s par nos \u00e9v\u00e9nements est directement r\u00e9investie dans le d\u00e9veloppement de nouveaux formats (interviews, reportages) et dans la collaboration avec les artistes et acteurs de la r\u00e9gion\u00a0<\/strong>\u00bb appuient-ils.<\/p>\n<p><strong>Pour que le projet continue \u00e0 grandir, le duo lance aujourd\u2019hui un appel \u00e0 b\u00e9n\u00e9voles<\/strong>. Tant pour le r\u00e9dactionnel que pour l\u2019\u00e9v\u00e9nementiel. <a href=\"https:\/\/www.facebook.com\/events\/1175961651126213\/?acontext=%7B%22event_action_history%22%3A[%7B%22surface%22%3A%22external_search_engine%22%7D%2C%7B%22mechanism%22%3A%22attachment%22%2C%22surface%22%3A%22newsfeed%22%7D]%2C%22ref_notif_type%22%3Anull%7D&amp;locale=fr_FR\" target=\"_blank\" rel=\"noopener\">La prochaine soir\u00e9e Freq Control<\/a> aura lieu \u00e0 la brasserie Le Tigre, le 14 novembre.<\/p>\n<p><script async src=\"\/\/www.instagram.com\/embed.js\"><\/script><\/p>\n","protected":false},"excerpt":{"rendered":"Accueil \/ Info locale \/ Culture \/ Stras\u2019Groove : avec ce nouveau m\u00e9dia, 2 potes font danser les&hellip;\n","protected":false},"author":2,"featured_media":530247,"comment_status":"","ping_status":"","sticky":false,"template":"","format":"standard","meta":{"footnotes":""},"categories":[2820],"tags":[1111,11,1777,674,1011,27,775,3754,12,25,55186,64919,640],"class_list":{"0":"post-530246","1":"post","2":"type-post","3":"status-publish","4":"format-standard","5":"has-post-thumbnail","7":"category-strasbourg","8":"tag-actu","9":"tag-actualites","10":"tag-eu","11":"tag-europe","12":"tag-fr","13":"tag-france","14":"tag-grand-est","15":"tag-media","16":"tag-news","17":"tag-republique-francaise","18":"tag-scene-musicale","19":"tag-strasgroove","20":"tag-strasbourg"},"share_on_mastodon":{"url":"https:\/\/pubeurope.com\/@fr\/115539815092462818","error":""},"_links":{"self":[{"href":"https:\/\/www.europesays.com\/fr\/wp-json\/wp\/v2\/posts\/530246","targetHints":{"allow":["GET"]}}],"collection":[{"href":"https:\/\/www.europesays.com\/fr\/wp-json\/wp\/v2\/posts"}],"about":[{"href":"https:\/\/www.europesays.com\/fr\/wp-json\/wp\/v2\/types\/post"}],"author":[{"embeddable":true,"href":"https:\/\/www.europesays.com\/fr\/wp-json\/wp\/v2\/users\/2"}],"replies":[{"embeddable":true,"href":"https:\/\/www.europesays.com\/fr\/wp-json\/wp\/v2\/comments?post=530246"}],"version-history":[{"count":0,"href":"https:\/\/www.europesays.com\/fr\/wp-json\/wp\/v2\/posts\/530246\/revisions"}],"wp:featuredmedia":[{"embeddable":true,"href":"https:\/\/www.europesays.com\/fr\/wp-json\/wp\/v2\/media\/530247"}],"wp:attachment":[{"href":"https:\/\/www.europesays.com\/fr\/wp-json\/wp\/v2\/media?parent=530246"}],"wp:term":[{"taxonomy":"category","embeddable":true,"href":"https:\/\/www.europesays.com\/fr\/wp-json\/wp\/v2\/categories?post=530246"},{"taxonomy":"post_tag","embeddable":true,"href":"https:\/\/www.europesays.com\/fr\/wp-json\/wp\/v2\/tags?post=530246"}],"curies":[{"name":"wp","href":"https:\/\/api.w.org\/{rel}","templated":true}]}}