{"id":530248,"date":"2025-11-13T01:36:32","date_gmt":"2025-11-13T01:36:32","guid":{"rendered":"https:\/\/www.europesays.com\/fr\/530248\/"},"modified":"2025-11-13T01:36:32","modified_gmt":"2025-11-13T01:36:32","slug":"une-journee-pour-redecouvrir-la-grande-ile","status":"publish","type":"post","link":"https:\/\/www.europesays.com\/fr\/530248\/","title":{"rendered":"une journ\u00e9e pour red\u00e9couvrir la Grande \u00cele"},"content":{"rendered":"<p><strong>\u00c0 Strasbourg, le mois de novembre est d\u00e9sormais bien install\u00e9, avec ses couleurs qui r\u00e9chauffent le teint de M\u00f4man, radieuse par tous les temps. Entre fra\u00eecheur, \u00e9claircies et feuilles virevoltantes, on s\u2019est balad\u00e9 au c\u0153ur de la Grande \u00cele pour un petit parcours plac\u00e9 sous le signe de l\u2019automne. C\u2019est parti !\u00a0<\/strong><\/p>\n<p>Aujourd\u2019hui,<strong> on vous emm\u00e8ne avec nous pour une journ\u00e9e automnale, pour red\u00e9couvrir la Grande \u00cele<\/strong> <strong>de Strasbourg. <\/strong>Au programme : repaires insolites, activit\u00e9s de saison, bonnes adresses, gourmandise et boissons chaudes en mode cocon. Le tout sur un parcours r\u00e9alisable \u00e0 pied, pour savourer au maximum.<\/p>\n<p>                <img width=\"750\" height=\"500\" src=\"https:\/\/www.europesays.com\/fr\/wp-content\/uploads\/2025\/11\/dsc-6224-750x500.jpg\" class=\"attachment-gallery size-gallery\" alt=\"place saint \u00e9tienne automne\" data-full-url=\"https:\/\/pokaa.fr\/wp-content\/uploads\/2025\/11\/04\/dsc-6224.jpg\" decoding=\"async\" loading=\"lazy\"  \/>            <\/p>\n<p>                <img width=\"750\" height=\"500\" src=\"https:\/\/www.europesays.com\/fr\/wp-content\/uploads\/2025\/11\/dsc-6129-750x500.jpg\" class=\"attachment-gallery size-gallery\" alt=\"place du temple neuf automne\" data-full-url=\"https:\/\/pokaa.fr\/wp-content\/uploads\/2025\/11\/04\/dsc-6129.jpg\" decoding=\"async\" loading=\"lazy\"  \/>            <\/p>\n<p>                <img width=\"750\" height=\"500\" src=\"https:\/\/www.europesays.com\/fr\/wp-content\/uploads\/2025\/11\/dsc-6123-750x500.jpg\" class=\"attachment-gallery size-gallery\" alt=\"v\u00e9lo automne\" data-full-url=\"https:\/\/pokaa.fr\/wp-content\/uploads\/2025\/11\/04\/dsc-6123.jpg\" decoding=\"async\" loading=\"lazy\"  \/>            <\/p>\n<p>                <img width=\"750\" height=\"500\" src=\"https:\/\/www.europesays.com\/fr\/wp-content\/uploads\/2025\/11\/dsc-6137-750x500.jpg\" class=\"attachment-gallery size-gallery\" alt=\"place du temple neuf automne\" data-full-url=\"https:\/\/pokaa.fr\/wp-content\/uploads\/2025\/11\/04\/dsc-6137.jpg\" decoding=\"async\" loading=\"lazy\"  \/>            <\/p>\n<p>                <img width=\"750\" height=\"500\" src=\"https:\/\/www.europesays.com\/fr\/wp-content\/uploads\/2025\/11\/dsc-6142-750x500.jpg\" class=\"attachment-gallery size-gallery\" alt=\"Paroisse du temple neuf feuilles v\u00e9g\u00e9taux\" data-full-url=\"https:\/\/pokaa.fr\/wp-content\/uploads\/2025\/11\/04\/dsc-6142.jpg\" decoding=\"async\" loading=\"lazy\"  \/>            <\/p>\n<p>                    \u00a9 Marie Goehner-David \/ Pokaa<\/p>\n<p>\u00c9tape 1 : d\u00e9marrer du bon pied<\/p>\n<p>On le dit toujours\u00a0: le petit-d\u00e9jeuner, c\u2019est le repas le plus important de la journ\u00e9e. Pour commencer notre p\u00e9riple comme il se doit, on longe la rue des Francs-Bourgeois qui s\u2019anime doucement.<\/p>\n<p>On atterrit au <a href=\"https:\/\/www.instagram.com\/cafepotager\/\" target=\"_blank\" rel=\"noopener nofollow\"><strong>Caf\u00e9 Potager<\/strong><\/a> <strong>(5 rue des Francs-Bourgeois)<\/strong> pour profiter de la formule petit-d\u00e9jeuner. <strong>Ambiance cosy, caf\u00e9 fra\u00eechement pr\u00e9par\u00e9, boissons et viennoiseries <\/strong>vous attendent \u2013 parmi d\u2019autres options remplies de saveur.<\/p>\n<p>                <img width=\"889\" height=\"500\" src=\"https:\/\/pokaa.fr\/wp-content\/uploads\/2018\/06\/Le-Caf\u00e9-Potager-Strasbourg-21.jpg\" class=\"attachment-gallery size-gallery\" alt=\"Le Caf\u00e9 Potager Strasbourg (21)\" data-full-url=\"https:\/\/pokaa.fr\/wp-content\/uploads\/2018\/06\/Le-Caf\u00e9-Potager-Strasbourg-21.jpg\" decoding=\"async\" loading=\"lazy\"  \/>            <\/p>\n<p>                <img width=\"889\" height=\"500\" src=\"https:\/\/pokaa.fr\/wp-content\/uploads\/2018\/06\/Le-Caf\u00e9-Potager-Strasbourg-12.jpg\" class=\"attachment-gallery size-gallery\" alt=\"Le Caf\u00e9 Potager Strasbourg (12)\" data-full-url=\"https:\/\/pokaa.fr\/wp-content\/uploads\/2018\/06\/Le-Caf\u00e9-Potager-Strasbourg-12.jpg\" decoding=\"async\" loading=\"lazy\"  \/>            <\/p>\n<p>                <img width=\"889\" height=\"500\" src=\"https:\/\/pokaa.fr\/wp-content\/uploads\/2018\/06\/Le-Caf\u00e9-Potager-Strasbourg-17.jpg\" class=\"attachment-gallery size-gallery\" alt=\"Le Caf\u00e9 Potager Strasbourg (17)\" data-full-url=\"https:\/\/pokaa.fr\/wp-content\/uploads\/2018\/06\/Le-Caf\u00e9-Potager-Strasbourg-17.jpg\" decoding=\"async\" loading=\"lazy\"  \/>            <\/p>\n<p>                <img width=\"889\" height=\"500\" src=\"https:\/\/pokaa.fr\/wp-content\/uploads\/2018\/06\/Le-Caf\u00e9-Potager-Strasbourg-18.jpg\" class=\"attachment-gallery size-gallery\" alt=\"Le Caf\u00e9 Potager Strasbourg (18)\" data-full-url=\"https:\/\/pokaa.fr\/wp-content\/uploads\/2018\/06\/Le-Caf\u00e9-Potager-Strasbourg-18.jpg\" decoding=\"async\" loading=\"lazy\"  \/>            <\/p>\n<p>                    \u00a9 Bastien Pietronave \/ Pokaa<\/p>\n<p>\u00c9tape 2 : faire coucou \u00e0 M\u00f4man<\/p>\n<p><strong>Qui dit centre historique, dit forc\u00e9ment <a href=\"https:\/\/www.cathedrale-strasbourg.fr\" target=\"_blank\" rel=\"noopener nofollow\">cath\u00e9drale<\/a> (place de la Cath\u00e9drale).<\/strong> On la c\u00f4toie au quotidien, et pourtant, difficile de se lasser de celle qui a l\u2019air d\u2019\u00eatre b\u00e2tie dans la dentelle.<\/p>\n<p>Par un beau jour de soleil, c\u2019est peut-\u00eatre l\u2019occasion de s\u2019y arr\u00eater plus longtemps, et d\u2019en profiter pour d\u00e9guster un cornet de marrons chauds, avant de <strong>grimper les 330 marches qui m\u00e8nent jusqu\u2019\u00e0 la plateforme et profiter de la vue d\u00e9gag\u00e9e.<\/strong> Une \u00e9preuve sportive mais qui vaut le coup d\u2019\u0153il !<\/p>\n<p>                <img width=\"750\" height=\"500\" src=\"https:\/\/www.europesays.com\/fr\/wp-content\/uploads\/2025\/11\/dsc-5838-750x500.jpg\" class=\"attachment-gallery size-gallery\" alt=\"cath\u00e9drale marrons grill\u00e9s marrons chauds\" data-full-url=\"https:\/\/pokaa.fr\/wp-content\/uploads\/2025\/11\/04\/dsc-5838.jpg\" decoding=\"async\" loading=\"lazy\"  \/>            <\/p>\n<p>                <img width=\"750\" height=\"500\" src=\"https:\/\/www.europesays.com\/fr\/wp-content\/uploads\/2025\/11\/dsc-5849-750x500.jpg\" class=\"attachment-gallery size-gallery\" alt=\"place de la cath\u00e9drale marrons chauds\" data-full-url=\"https:\/\/pokaa.fr\/wp-content\/uploads\/2025\/11\/04\/dsc-5849.jpg\" decoding=\"async\" loading=\"lazy\"  \/>            <\/p>\n<p>                <img width=\"750\" height=\"500\" src=\"https:\/\/www.europesays.com\/fr\/wp-content\/uploads\/2025\/11\/dsc-5861-750x500.jpg\" class=\"attachment-gallery size-gallery\" alt=\"Cath\u00e9drale couple amoureux\" data-full-url=\"https:\/\/pokaa.fr\/wp-content\/uploads\/2025\/11\/04\/dsc-5861.jpg\" decoding=\"async\" loading=\"lazy\"  \/>            <\/p>\n<p>                    \u00a9 Marie Goehner-David \/ Pokaa<\/p>\n<p>                <img width=\"362\" height=\"500\" src=\"https:\/\/www.europesays.com\/fr\/wp-content\/uploads\/2025\/11\/cathedrale-plateforme-strasbourg-6655.jpg\" class=\"attachment-gallery size-gallery\" alt=\"cathe\u0301drale-plateforme-strasbourg-6655\" data-full-url=\"https:\/\/www.europesays.com\/fr\/wp-content\/uploads\/2025\/11\/cathedrale-plateforme-strasbourg-6655.jpg\" decoding=\"async\" loading=\"lazy\"  \/>            <\/p>\n<p>                <img width=\"361\" height=\"500\" src=\"https:\/\/www.europesays.com\/fr\/wp-content\/uploads\/2025\/11\/cathedrale-plateforme-strasbourg-6653.jpg\" class=\"attachment-gallery size-gallery\" alt=\"cathe\u0301drale-plateforme-strasbourg-6653\" data-full-url=\"https:\/\/www.europesays.com\/fr\/wp-content\/uploads\/2025\/11\/cathedrale-plateforme-strasbourg-6653.jpg\" decoding=\"async\" loading=\"lazy\"  \/>            <\/p>\n<p>                    \u00a9 Tamara Leroy \/ Pokaa<\/p>\n<p>Saviez-vous qu\u2019il est aussi possible de s\u2019offrir <strong><a href=\"https:\/\/shop.visitstrasbourg.fr\/visite\/la-cathedrale-et-ses-abords-joyaux-de-strasbourg-3\/\" target=\"_blank\" rel=\"noopener nofollow\">une visite guid\u00e9e<\/a> de l\u2019int\u00e9rieur de la Cath\u00e9drale ?<\/strong> Qu\u2019on ait l\u2019habitude d\u2019y mettre les pieds ou non, <strong>les vitraux, statues et tapisseries regorgent de secrets et d\u2019anecdotes que vous ne connaissez peut-\u00eatre pas encore.<\/strong> C\u2019est l\u2019occasion de (re)d\u00e9couvrir toutes les histoires et recoins m\u00e9connus, le tout en 1h30. Parce que parfois, jouer les touristes r\u00e9serve bien des surprises.<\/p>\n<p>                <a href=\"https:\/\/pokaa.fr\/2024\/04\/20\/dans-lintimite-de-moman-la-cathedrale-de-strasbourg-comme-vous-ne-lavez-jamais-vue\/\" rel=\"nofollow noopener\" target=\"_blank\"><br \/>\n                    <img width=\"450\" height=\"270\" src=\"https:\/\/www.europesays.com\/fr\/wp-content\/uploads\/2025\/11\/cathedrale-19-450x270.jpg\" class=\"attachment-card-horizontal--same-subject size-card-horizontal--same-subject wp-post-image\" alt=\"\" decoding=\"async\" loading=\"lazy\"\/>                <\/a><\/p>\n<p>                <img width=\"750\" height=\"500\" src=\"https:\/\/www.europesays.com\/fr\/wp-content\/uploads\/2025\/08\/cathedrale-27-750x500.jpg\" class=\"attachment-gallery size-gallery\" alt=\"Cath\u00e9drale (27) chien geiler\" data-full-url=\"https:\/\/pokaa.fr\/wp-content\/uploads\/2024\/04\/14\/cathedrale-27.jpg\" decoding=\"async\" loading=\"lazy\"  \/>            <\/p>\n<p>                <img width=\"750\" height=\"500\" src=\"https:\/\/www.europesays.com\/fr\/wp-content\/uploads\/2025\/11\/cathedrale-51-750x500.jpg\" class=\"attachment-gallery size-gallery\" alt=\"Cath\u00e9drale (51) vitrail\" data-full-url=\"https:\/\/pokaa.fr\/wp-content\/uploads\/2024\/04\/14\/cathedrale-51.jpg\" decoding=\"async\" loading=\"lazy\"  \/>            <\/p>\n<p>                <img width=\"750\" height=\"500\" src=\"https:\/\/www.europesays.com\/fr\/wp-content\/uploads\/2025\/11\/cathedrale-75-750x500.jpg\" class=\"attachment-gallery size-gallery\" alt=\"Cath\u00e9drale (75)\" data-full-url=\"https:\/\/pokaa.fr\/wp-content\/uploads\/2024\/04\/14\/cathedrale-75.jpg\" decoding=\"async\" loading=\"lazy\"  \/>            <\/p>\n<p>                <img width=\"750\" height=\"500\" src=\"https:\/\/www.europesays.com\/fr\/wp-content\/uploads\/2025\/08\/cathedrale-29-750x500.jpg\" class=\"attachment-gallery size-gallery\" alt=\"Cath\u00e9drale (29) statue\" data-full-url=\"https:\/\/pokaa.fr\/wp-content\/uploads\/2024\/04\/14\/cathedrale-29.jpg\" decoding=\"async\" loading=\"lazy\"  \/>            <\/p>\n<p>                <img width=\"750\" height=\"500\" src=\"https:\/\/www.europesays.com\/fr\/wp-content\/uploads\/2025\/11\/cathedrale-55-750x500.jpg\" class=\"attachment-gallery size-gallery\" alt=\"Cath\u00e9drale (55) vitrail\" data-full-url=\"https:\/\/pokaa.fr\/wp-content\/uploads\/2024\/04\/14\/cathedrale-55.jpg\" decoding=\"async\" loading=\"lazy\"  \/>            <\/p>\n<p>                    \u00a9 Marie Goehner-David \/ Pokaa<\/p>\n<p>\u00c9tape 3 : des repaires insolites, notamment en cas de pluie<\/p>\n<p>Si le temps se couvre, pas de panique. Connaissez-vous <strong><a href=\"https:\/\/www.instagram.com\/le.bidularium\/\" target=\"_blank\" rel=\"noopener nofollow\">le Bidularium<\/a> (2 rue des Soeurs) ?<\/strong> C\u2019est le projet de deux passionn\u00e9es, plant\u00e9 juste \u00e0 c\u00f4t\u00e9 de la catoche\u00a0: l\u2019une travaille la c\u00e9ramique, l\u2019autre l\u2019illustration et l\u2019\u00e9criture sc\u00e9naristique.<\/p>\n<p>Leur rencontre a fait des Chocapic, et <strong>le Bidularium est aujourd\u2019hui un lieu pour apprendre et cr\u00e9er, \u00e0 travers divers ateliers.<\/strong> Au menu, le choix est vaste\u00a0: manga, BD, cr\u00e9ation de personnages, illustration, moulage\u2026 et m\u00eame des ateliers de No\u00ebl \u00e0 venir, le tout sur des formats courts, ou plus longs. Pour r\u00e9server, <a href=\"https:\/\/www.le-bidularium.com\/?fbclid=PAZXh0bgNhZW0CMTEAc3J0YwZhcHBfaWQMMjU2MjgxMDQwNTU4AAGnRPg-stvQOww037LKQ2L69ElYrOuM66yDg94_j_VHRxm_6fmlzfJ_OpoFxb8_aem_jDzLTduBenF75TTrMV8roA\" target=\"_blank\" rel=\"noopener nofollow\">c\u2019est par ici<\/a>\u00a0!<\/p>\n<p>                <img width=\"411\" height=\"500\" src=\"https:\/\/www.europesays.com\/fr\/wp-content\/uploads\/2025\/11\/le-bidularium-1-411x500.png\" class=\"attachment-gallery size-gallery\" alt=\"Le Bidularium (1)\" data-full-url=\"https:\/\/pokaa.fr\/wp-content\/uploads\/2025\/11\/04\/le-bidularium-1.png\" decoding=\"async\" loading=\"lazy\"  \/>            <\/p>\n<p>                <img width=\"358\" height=\"500\" src=\"https:\/\/www.europesays.com\/fr\/wp-content\/uploads\/2025\/11\/le-bidularium-2-358x500.png\" class=\"attachment-gallery size-gallery\" alt=\"Le Bidularium (2)\" data-full-url=\"https:\/\/pokaa.fr\/wp-content\/uploads\/2025\/11\/04\/le-bidularium-2.png\" decoding=\"async\" loading=\"lazy\"  \/>            <\/p>\n<p>                <img width=\"520\" height=\"500\" src=\"https:\/\/www.europesays.com\/fr\/wp-content\/uploads\/2025\/11\/le-bidularium-3-520x500.png\" class=\"attachment-gallery size-gallery\" alt=\"Le Bidularium (3)\" data-full-url=\"https:\/\/pokaa.fr\/wp-content\/uploads\/2025\/11\/04\/le-bidularium-3.png\" decoding=\"async\" loading=\"lazy\"  \/>            <\/p>\n<p>                    \u00a9 Le Bidularium \/ Captures d&rsquo;\u00e9cran<\/p>\n<p>Dans une autre vibe, si vous voulez vous d\u00e9tendre, direction le <strong><a href=\"https:\/\/www.instagram.com\/taakabeerspa\/\" target=\"_blank\" rel=\"noopener nofollow\">Taaka Beer Spa<\/a> (6 rue Marbach).<\/strong> Un spa, oui. Avec de la bi\u00e8re, oui. Mais peut-\u00eatre pas comme vous pensez. Le principe ?<strong> Des baignoires houblonn\u00e9es <\/strong>(si si, on vous jure que c\u2019est purifiant), dans lesquelles vous pouvez savourer au passage de d\u00e9licieuses bibines ou produits locaux. Alors, vous tentez ?<\/p>\n<p>                <img width=\"491\" height=\"500\" src=\"https:\/\/www.europesays.com\/fr\/wp-content\/uploads\/2025\/11\/takaa-beer-spa-2-491x500.png\" class=\"attachment-gallery size-gallery\" alt=\"Taaka beer spa (2)\" data-full-url=\"https:\/\/pokaa.fr\/wp-content\/uploads\/2025\/11\/04\/takaa-beer-spa-2.png\" decoding=\"async\" loading=\"lazy\"  \/>            <\/p>\n<p>                <img width=\"693\" height=\"500\" src=\"https:\/\/www.europesays.com\/fr\/wp-content\/uploads\/2025\/11\/takaa-beer-spa-4-693x500.png\" class=\"attachment-gallery size-gallery\" alt=\"Taaka beer spa (4)\" data-full-url=\"https:\/\/pokaa.fr\/wp-content\/uploads\/2025\/11\/04\/takaa-beer-spa-4.png\" decoding=\"async\" loading=\"lazy\"  \/>            <\/p>\n<p>                <img width=\"676\" height=\"500\" src=\"https:\/\/www.europesays.com\/fr\/wp-content\/uploads\/2025\/11\/takaa-beer-spa-1-676x500.png\" class=\"attachment-gallery size-gallery\" alt=\"Taaka beer spa (1)\" data-full-url=\"https:\/\/pokaa.fr\/wp-content\/uploads\/2025\/11\/04\/takaa-beer-spa-1.png\" decoding=\"async\" loading=\"lazy\"  \/>            <\/p>\n<p>                    \u00a9 Taaka Beer Spa \/ Captures d&rsquo;\u00e9cran<\/p>\n<p>\u00c9tape 4 : l\u2019heure de se remplir la panse<\/p>\n<p>Si vous pr\u00e9f\u00e9rez opter pour <strong>une traditionnelle winstub, le Carr\u00e9 d\u2019Or strasbourgeois ne manque pas de bonnes adresses<\/strong> pour prendre des forces.<\/p>\n<p>On retrouve notamment <a href=\"https:\/\/www.le-clou.com\/\" target=\"_blank\" rel=\"noopener nofollow\"><strong>Le Clou<\/strong><\/a><strong> (3 rue du Chaudron)<\/strong>. Baeckeoffe, choucroute, w\u00e4dele\u2026 Il y a de quoi savourer l\u2019Alsace. Autres option : <strong>le <a href=\"https:\/\/www.instagram.com\/lesaintsepulcre\/\" target=\"_blank\" rel=\"noopener nofollow\">Saint-S\u00e9pulcre<\/a> (15 rue des Orf\u00e8vres)<\/strong>\u00a0avec son foie gras, son c\u00e9l\u00e8bre jambon en cro\u00fbte et autres incontournables.<\/p>\n<p>                <a href=\"https:\/\/pokaa.fr\/2024\/09\/16\/le-saint-sepulcre-a-strasbourg-cette-winstub-traditionnelle-alsacienne-traverse-le-temps\/\" rel=\"nofollow noopener\" target=\"_blank\"><br \/>\n                    <img width=\"450\" height=\"270\" src=\"https:\/\/www.europesays.com\/fr\/wp-content\/uploads\/2025\/11\/1762997631_595_image00028-450x270.jpeg\" class=\"attachment-card-horizontal--same-subject size-card-horizontal--same-subject wp-post-image\" alt=\"\" decoding=\"async\" loading=\"lazy\"\/>                <\/a><\/p>\n<p>                <img width=\"421\" height=\"425\" src=\"https:\/\/www.europesays.com\/fr\/wp-content\/uploads\/2025\/11\/le-clou-baeckehoffe-1.png\" class=\"attachment-gallery size-gallery\" alt=\"Le Clou baeckehoffe (1)\" data-full-url=\"https:\/\/www.europesays.com\/fr\/wp-content\/uploads\/2025\/11\/le-clou-baeckehoffe-1.png\" decoding=\"async\" loading=\"lazy\"  \/>            <\/p>\n<p>                <img width=\"415\" height=\"421\" src=\"https:\/\/www.europesays.com\/fr\/wp-content\/uploads\/2025\/11\/le-clou-baeckehoffe-2.png\" class=\"attachment-gallery size-gallery\" alt=\"Le Clou baeckehoffe (2)\" data-full-url=\"https:\/\/www.europesays.com\/fr\/wp-content\/uploads\/2025\/11\/le-clou-baeckehoffe-2.png\" decoding=\"async\" loading=\"lazy\"  \/>            <\/p>\n<p>                    \u00a9 Le Clou \/ Captures d&rsquo;\u00e9cran<\/p>\n<p>                <img width=\"667\" height=\"500\" src=\"https:\/\/www.europesays.com\/fr\/wp-content\/uploads\/2025\/11\/image00005-1-667x500.jpeg\" class=\"attachment-gallery size-gallery\" alt=\"Le saint S\u00e9pulcre traditionnel winstub vin\" data-full-url=\"https:\/\/pokaa.fr\/wp-content\/uploads\/2024\/09\/16\/image00005-1.jpeg\" decoding=\"async\" loading=\"lazy\"  \/>            <\/p>\n<p>                <img width=\"375\" height=\"500\" src=\"https:\/\/www.europesays.com\/fr\/wp-content\/uploads\/2025\/11\/1762997637_602_image00002-1-375x500.jpeg\" class=\"attachment-gallery size-gallery\" alt=\"Le saint S\u00e9pulcre traditionnel winstub vin\" data-full-url=\"https:\/\/pokaa.fr\/wp-content\/uploads\/2024\/09\/16\/image00002-1.jpeg\" decoding=\"async\" loading=\"lazy\"  \/>            <\/p>\n<p>                <img width=\"375\" height=\"500\" src=\"https:\/\/www.europesays.com\/fr\/wp-content\/uploads\/2025\/11\/image00041-375x500.jpeg\" class=\"attachment-gallery size-gallery\" alt=\"Saint S\u00e9pulcre restaurant Alsacien caveau carr\u00e9 d\u2019or waldele jarret\" data-full-url=\"https:\/\/pokaa.fr\/wp-content\/uploads\/2024\/08\/29\/image00041.jpeg\" decoding=\"async\" loading=\"lazy\"  \/>            <\/p>\n<p>                <img width=\"375\" height=\"500\" src=\"https:\/\/www.europesays.com\/fr\/wp-content\/uploads\/2025\/11\/image00015-1-375x500.jpeg\" class=\"attachment-gallery size-gallery\" alt=\"Le saint S\u00e9pulcre traditionnel winstub vin\" data-full-url=\"https:\/\/pokaa.fr\/wp-content\/uploads\/2024\/09\/16\/image00015-1.jpeg\" decoding=\"async\" loading=\"lazy\"  \/>            <\/p>\n<p>                    Le Saint-S\u00e9pulcre. \u00a9 Bastien Pietronave \/ Pokaa<\/p>\n<p>    <img width=\"800\" height=\"533\" src=\"https:\/\/www.europesays.com\/fr\/wp-content\/uploads\/2025\/11\/dsc-6162-800x533.jpg\" class=\"attachment-image-size-L size-image-size-L\" alt=\"Saint S\u00e9pulcre\" decoding=\"async\" loading=\"lazy\"  \/>         \u00a9 Marie Goehner-David \/ Pokaa <\/p>\n<p>Pour une tradition revisit\u00e9e, direction <strong><a href=\"https:\/\/www.instagram.com\/restaurantleschauvins\/\" target=\"_blank\" rel=\"noopener nofollow\">Les Chauvins<\/a> (3 rue du Faisan),<\/strong> avec ses tapas \u00e0 l\u2019alsacienne. Ou encore la <a href=\"https:\/\/www.instagram.com\/la_binchstub\/\" target=\"_blank\" rel=\"noopener nofollow\"><strong>Binchstub<\/strong><\/a> <strong>(6 rue du Tonnelet-Rouge),<\/strong> qui propose des tartes flamb\u00e9es classiques ou avec de nombreuses combinaisons.<\/p>\n<p>                <img width=\"750\" height=\"500\" src=\"https:\/\/www.europesays.com\/fr\/wp-content\/uploads\/2025\/11\/Les-chauvins-.jpg\" class=\"attachment-gallery size-gallery\" alt=\"Les chauvins\" data-full-url=\"https:\/\/www.europesays.com\/fr\/wp-content\/uploads\/2025\/11\/Les-chauvins-.jpg\" decoding=\"async\" loading=\"lazy\"  \/>            <\/p>\n<p>                <img width=\"750\" height=\"500\" src=\"https:\/\/pokaa.fr\/wp-content\/uploads\/2018\/02\/les-chauvins-p\u00e8re-et-fils-2.jpg\" class=\"attachment-gallery size-gallery\" alt=\"les chauvins p\u00e8re et fils 2\" data-full-url=\"https:\/\/pokaa.fr\/wp-content\/uploads\/2018\/02\/les-chauvins-p\u00e8re-et-fils-2.jpg\" decoding=\"async\" loading=\"lazy\"  \/>            <\/p>\n<p>                <img width=\"750\" height=\"500\" src=\"https:\/\/www.europesays.com\/fr\/wp-content\/uploads\/2025\/11\/Les-chauvins-6.jpg\" class=\"attachment-gallery size-gallery\" alt=\"Les chauvins 6\" data-full-url=\"https:\/\/www.europesays.com\/fr\/wp-content\/uploads\/2025\/11\/Les-chauvins-6.jpg\" decoding=\"async\" loading=\"lazy\"  \/>            <\/p>\n<p>                    Les Chauvins. \u00a9 Pokaa<\/p>\n<p>                <img width=\"750\" height=\"500\" src=\"https:\/\/www.europesays.com\/fr\/wp-content\/uploads\/2025\/11\/binchstubimg_1389.jpg\" class=\"attachment-gallery size-gallery\" alt=\"BINCHSTUBIMG_1389\" data-full-url=\"https:\/\/www.europesays.com\/fr\/wp-content\/uploads\/2025\/11\/binchstubimg_1389.jpg\" decoding=\"async\" loading=\"lazy\"  \/>            <\/p>\n<p>                <img width=\"969\" height=\"500\" src=\"https:\/\/www.europesays.com\/fr\/wp-content\/uploads\/2025\/10\/binchstub-tartes-flambees-strasbourg2.jpg\" class=\"attachment-gallery size-gallery\" alt=\"binchstub-tartes-flambees-strasbourg2\" data-full-url=\"https:\/\/www.europesays.com\/fr\/wp-content\/uploads\/2025\/10\/binchstub-tartes-flambees-strasbourg2.jpg\" decoding=\"async\" loading=\"lazy\"  \/>            <\/p>\n<p>                <img width=\"852\" height=\"500\" src=\"https:\/\/www.europesays.com\/fr\/wp-content\/uploads\/2025\/11\/binchstub-tartes-flambees-strasbourg3.png\" class=\"attachment-gallery size-gallery\" alt=\"binchstub-tartes-flambees-strasbourg3\" data-full-url=\"https:\/\/www.europesays.com\/fr\/wp-content\/uploads\/2025\/11\/binchstub-tartes-flambees-strasbourg3.png\" decoding=\"async\" loading=\"lazy\"  \/>            <\/p>\n<p>                <img width=\"750\" height=\"500\" src=\"https:\/\/www.europesays.com\/fr\/wp-content\/uploads\/2025\/11\/binchstubimg_1399.jpg\" class=\"attachment-gallery size-gallery\" alt=\"BINCHSTUBIMG_1399\" data-full-url=\"https:\/\/www.europesays.com\/fr\/wp-content\/uploads\/2025\/11\/binchstubimg_1399.jpg\" decoding=\"async\" loading=\"lazy\"  \/>            <\/p>\n<p>                    \u00a9 Binchstub \/ Documents remis <\/p>\n<p>\u00c9tape 5 : garder le nez en l\u2019air<\/p>\n<p>Pour une petite balade digestive,<strong> on peut s\u2019amuser \u00e0 lever la t\u00eate et d\u00e9couvrir les nombreuses vieilles enseignes qui jalonnent le centre historique.<\/strong> De quoi faire une chasse aux tr\u00e9sors qui amusera les petit(e)s comme les grand(e)s, et se plonger dans un moment hors du temps.<\/p>\n<p>                <a href=\"https:\/\/pokaa.fr\/2024\/07\/30\/dans-lintimite-du-centre-historique-de-strasbourg-entre-rues-pavees-colombages-et-moyen-age\/\" rel=\"nofollow noopener\" target=\"_blank\"><br \/>\n                    <img width=\"450\" height=\"270\" src=\"https:\/\/www.europesays.com\/fr\/wp-content\/uploads\/2025\/09\/reflet-cathedrale-veille-ville-2-450x270.jpg\" class=\"attachment-card-horizontal--same-subject size-card-horizontal--same-subject wp-post-image\" alt=\"\" decoding=\"async\" loading=\"lazy\"\/>                <\/a><\/p>\n<p>                <img width=\"750\" height=\"500\" src=\"https:\/\/www.europesays.com\/fr\/wp-content\/uploads\/2025\/11\/lever-la-tete-4-750x500.jpg\" class=\"attachment-gallery size-gallery\" alt=\"Enseigne cigogne bretzel\" data-full-url=\"https:\/\/pokaa.fr\/wp-content\/uploads\/2024\/07\/27\/lever-la-tete-4.jpg\" decoding=\"async\" loading=\"lazy\"  \/>            <\/p>\n<p>                <img width=\"750\" height=\"500\" src=\"https:\/\/www.europesays.com\/fr\/wp-content\/uploads\/2025\/11\/dsc-6106-750x500.jpg\" class=\"attachment-gallery size-gallery\" alt=\"vieille enseigne\" data-full-url=\"https:\/\/pokaa.fr\/wp-content\/uploads\/2025\/11\/04\/dsc-6106.jpg\" decoding=\"async\" loading=\"lazy\"  \/>            <\/p>\n<p>                <img width=\"750\" height=\"500\" src=\"https:\/\/www.europesays.com\/fr\/wp-content\/uploads\/2025\/11\/dsc-6184-750x500.jpg\" class=\"attachment-gallery size-gallery\" alt=\"rue des fr\u00e8res enseigne\" data-full-url=\"https:\/\/pokaa.fr\/wp-content\/uploads\/2025\/11\/04\/dsc-6184.jpg\" decoding=\"async\" loading=\"lazy\"  \/>            <\/p>\n<p>                <img width=\"750\" height=\"500\" src=\"https:\/\/www.europesays.com\/fr\/wp-content\/uploads\/2025\/11\/details-anciens-750x500.jpg\" class=\"attachment-gallery size-gallery\" alt=\"D\u00e9tails anciens enseigne cochon\" data-full-url=\"https:\/\/pokaa.fr\/wp-content\/uploads\/2024\/07\/27\/details-anciens.jpg\" decoding=\"async\" loading=\"lazy\"  \/>            <\/p>\n<p>                    \u00a9 Marie Goehner-David \/ Pokaa<\/p>\n<p>    <img width=\"1200\" height=\"846\" src=\"https:\/\/www.europesays.com\/fr\/wp-content\/uploads\/2025\/11\/dsc-6180-1200x846.jpg\" class=\"attachment-image-size-XL size-image-size-XL\" alt=\"cath\u00e9drale enseigne maison kammerzell\" decoding=\"async\" loading=\"lazy\"  \/>         \u00a9 Marie Goehner-David \/ Pokaa <\/p>\n<p>\u00c9tape 6 : des gourmandises en pagaille<\/p>\n<p>Vous voulez remplir vos placards avec des sp\u00e9cialit\u00e9s locales ? Restez par-l\u00e0 : il y en a pour tous les go\u00fbts. Histoire de faire le plein de bonnes choses, on peut s\u2019arr\u00eater au <a href=\"https:\/\/www.instagram.com\/lecomptoirmaisonlorho\/\" target=\"_blank\" rel=\"noopener nofollow\"><strong>Comptoir de la Maison Lorho<\/strong><\/a> <strong>(3 rue des Orf\u00e8vres)<\/strong>, pour se d\u00e9lecter de d\u00e9lices fromagers et autres saveurs locales.<\/p>\n<p>Chez <a href=\"https:\/\/www.instagram.com\/mononclemalker\/\" target=\"_blank\" rel=\"noopener nofollow\"><strong>Mon Oncle Malker de Munster<\/strong><\/a> <strong>(4 place de la Grande-Boucherie)<\/strong>, c\u2019est toute une \u00e9picerie du terroir alsacien qui vous attend, avec fromages, charcuterie, tourtes, terrines et autres d\u00e9lices.<\/p>\n<p>                <img width=\"692\" height=\"500\" src=\"https:\/\/www.europesays.com\/fr\/wp-content\/uploads\/2025\/10\/capture-decran-2025-10-24-133221-692x500.png\" class=\"attachment-gallery size-gallery\" alt=\"Lorho\" data-full-url=\"https:\/\/pokaa.fr\/wp-content\/uploads\/2025\/10\/24\/capture-decran-2025-10-24-133221.png\" decoding=\"async\" loading=\"lazy\"  \/>            <\/p>\n<p>                <img width=\"707\" height=\"500\" src=\"https:\/\/www.europesays.com\/fr\/wp-content\/uploads\/2025\/10\/capture-decran-2025-10-24-133227-707x500.png\" class=\"attachment-gallery size-gallery\" alt=\"Lorho\" data-full-url=\"https:\/\/pokaa.fr\/wp-content\/uploads\/2025\/10\/24\/capture-decran-2025-10-24-133227.png\" decoding=\"async\" loading=\"lazy\"  \/>            <\/p>\n<p>                    Comptoir de la Maison Lorho. \u00a9 Marie Goehner-David \/ Pokaa<\/p>\n<p>                <img width=\"389\" height=\"500\" src=\"https:\/\/www.europesays.com\/fr\/wp-content\/uploads\/2025\/11\/image00019-5.jpeg\" class=\"attachment-gallery size-gallery\" alt=\"Glace cr\u00e8mes glac\u00e9es Mon Oncle Malker\" data-full-url=\"https:\/\/www.europesays.com\/fr\/wp-content\/uploads\/2025\/11\/image00019-5.jpeg\" decoding=\"async\" loading=\"lazy\"  \/>            <\/p>\n<p>                <img width=\"375\" height=\"500\" src=\"https:\/\/www.europesays.com\/fr\/wp-content\/uploads\/2025\/11\/image00022-6.jpeg\" class=\"attachment-gallery size-gallery\" alt=\"Glace cr\u00e8mes glac\u00e9es Mon Oncle Malker\" data-full-url=\"https:\/\/www.europesays.com\/fr\/wp-content\/uploads\/2025\/11\/image00022-6.jpeg\" decoding=\"async\" loading=\"lazy\"  \/>            <\/p>\n<p>                <img width=\"667\" height=\"500\" src=\"https:\/\/www.europesays.com\/fr\/wp-content\/uploads\/2025\/11\/image00013-6.jpeg\" class=\"attachment-gallery size-gallery\" alt=\"Glace cr\u00e8mes glac\u00e9es Mon Oncle Malker\" data-full-url=\"https:\/\/www.europesays.com\/fr\/wp-content\/uploads\/2025\/11\/image00013-6.jpeg\" decoding=\"async\" loading=\"lazy\"  \/>            <\/p>\n<p>                    Mon Oncle Malker de Munster. \u00a9 Bastien Pietronave \/ Pokaa<\/p>\n<p>Pour faire descendre tout \u00e7a, plusieurs options : le <a href=\"https:\/\/www.instagram.com\/explore\/locations\/4461156\/le-village-de-la-biere-strasbourg\/\" target=\"_blank\" rel=\"noopener nofollow\"><strong>Village de la bi\u00e8re<\/strong><\/a> <strong>(22 rue des Fr\u00e8res)<\/strong> vous propose les meilleures p\u00e9pites brassicoles du coin. Pour plus de sensations fortes, c\u2019est chez <a href=\"https:\/\/www.instagram.com\/distilleriemeyers\/\" target=\"_blank\" rel=\"noopener nofollow\"><strong>Meyer\u2019s<\/strong><\/a> <strong>(17 rue des Orf\u00e8vres)<\/strong> qu\u2019il faut se diriger. La distillerie propose des eaux-de-vie, des liqueurs ou encore des whiskys.<\/p>\n<p>                <img width=\"750\" height=\"500\" src=\"https:\/\/www.europesays.com\/fr\/wp-content\/uploads\/2025\/11\/dsc-6211-750x500.jpg\" class=\"attachment-gallery size-gallery\" alt=\"Village de la bi\u00e8re\" data-full-url=\"https:\/\/pokaa.fr\/wp-content\/uploads\/2025\/11\/04\/dsc-6211.jpg\" decoding=\"async\" loading=\"lazy\"  \/>            <\/p>\n<p>                <img width=\"750\" height=\"500\" src=\"https:\/\/www.europesays.com\/fr\/wp-content\/uploads\/2025\/11\/dsc-6212-750x500.jpg\" class=\"attachment-gallery size-gallery\" alt=\"Village de la bi\u00e8re\" data-full-url=\"https:\/\/pokaa.fr\/wp-content\/uploads\/2025\/11\/04\/dsc-6212.jpg\" decoding=\"async\" loading=\"lazy\"  \/>            <\/p>\n<p>                    Village de la bi\u00e8re. \u00a9 Marie Goehner-David \/ Pokaa<\/p>\n<p>                <img width=\"750\" height=\"500\" src=\"https:\/\/www.europesays.com\/fr\/wp-content\/uploads\/2025\/11\/dsc-6177-750x500.jpg\" class=\"attachment-gallery size-gallery\" alt=\"Meyer\u2019s distillerie whisky\" data-full-url=\"https:\/\/pokaa.fr\/wp-content\/uploads\/2025\/11\/04\/dsc-6177.jpg\" decoding=\"async\" loading=\"lazy\"  \/>            <\/p>\n<p>                <img width=\"750\" height=\"500\" src=\"https:\/\/www.europesays.com\/fr\/wp-content\/uploads\/2025\/11\/dsc-6172-750x500.jpg\" class=\"attachment-gallery size-gallery\" alt=\"Meyer\u2019s distillerie whisky\" data-full-url=\"https:\/\/pokaa.fr\/wp-content\/uploads\/2025\/11\/04\/dsc-6172.jpg\" decoding=\"async\" loading=\"lazy\"  \/>            <\/p>\n<p>                    Distillerie Meyer&rsquo;s. \u00a9 Marie Goehner-David \/ Pokaa<\/p>\n<p>On n\u2019oublie \u00e9videmment pas le dessert : la <a href=\"https:\/\/www.instagram.com\/maisonclaude.shop\/\" target=\"_blank\" rel=\"noopener nofollow\"><strong>Maison Claude<\/strong><\/a> <strong>(9 rue des Veaux)<\/strong> vous attend avec ses confitures artisanales, tandis que <a href=\"https:\/\/www.instagram.com\/mireilleoster\/\" target=\"_blank\" rel=\"noopener nofollow\"><strong>Mireille Oster<\/strong><\/a> <strong>(14 rue des Dentelles)<\/strong> saura vous r\u00e9galer avec ses pains d\u2019\u00e9pice. Pour voyager un peu, vous pouvez passer une t\u00eate chez le p\u00e2tissier et chocolatier <a href=\"https:\/\/www.instagram.com\/erithajchocolat\/\" target=\"_blank\" rel=\"noopener nofollow\"><strong>Erithaj<\/strong><\/a> <strong>(6 rue Br\u00fbl\u00e9e)<\/strong>, et vous r\u00e9galer avec ses p\u00e9pites faites \u00e0 partir de cacao du Vietnam.<\/p>\n<p>                <a href=\"https:\/\/pokaa.fr\/2025\/10\/24\/strasbourg-mireille-oster-vient-douvrir-une-boutique-de-pains-depices-place-kleber\/\" rel=\"nofollow noopener\" target=\"_blank\"><br \/>\n                    <img width=\"450\" height=\"270\" src=\"https:\/\/www.europesays.com\/fr\/wp-content\/uploads\/2025\/11\/img-2207-grande-450x270.jpeg\" class=\"attachment-card-horizontal--same-subject size-card-horizontal--same-subject wp-post-image\" alt=\"\" decoding=\"async\" loading=\"lazy\"\/>                <\/a><\/p>\n<p>                <img width=\"667\" height=\"500\" src=\"https:\/\/www.europesays.com\/fr\/wp-content\/uploads\/2025\/10\/img-2211-grande-667x500.jpeg\" class=\"attachment-gallery size-gallery\" alt=\"mireille oster pain \u00e9pices place kleber\" data-full-url=\"https:\/\/pokaa.fr\/wp-content\/uploads\/2025\/10\/24\/img-2211-grande.jpeg\" decoding=\"async\" loading=\"lazy\"  \/>            <\/p>\n<p>                <img width=\"667\" height=\"500\" src=\"https:\/\/www.europesays.com\/fr\/wp-content\/uploads\/2025\/11\/mireille-oster-pain-depices-bastien-pietronaveimage00029.jpeg\" class=\"attachment-gallery size-gallery\" alt=\"Mireille Oster Pain d\u2019e\u0301pices Bastien Pietronaveimage00029\" data-full-url=\"https:\/\/www.europesays.com\/fr\/wp-content\/uploads\/2025\/11\/mireille-oster-pain-depices-bastien-pietronaveimage00029.jpeg\" decoding=\"async\" loading=\"lazy\"  \/>            <\/p>\n<p>                <img width=\"667\" height=\"500\" src=\"https:\/\/www.europesays.com\/fr\/wp-content\/uploads\/2025\/10\/img-2209-grande-667x500.jpeg\" class=\"attachment-gallery size-gallery\" alt=\"mireille oster pain \u00e9pices place kleber\" data-full-url=\"https:\/\/pokaa.fr\/wp-content\/uploads\/2025\/10\/24\/img-2209-grande.jpeg\" decoding=\"async\" loading=\"lazy\"  \/>            <\/p>\n<p>                    Mireille Oster. \u00a9 Nicolas Kaspar \/ Pokaa<\/p>\n<p>                <img width=\"667\" height=\"500\" src=\"https:\/\/www.europesays.com\/fr\/wp-content\/uploads\/2025\/11\/erithaj-patisserie-chocolat-7.jpeg\" class=\"attachment-gallery size-gallery\" alt=\"Erithaj Patisserie chocolat (7)\" data-full-url=\"https:\/\/www.europesays.com\/fr\/wp-content\/uploads\/2025\/11\/erithaj-patisserie-chocolat-7.jpeg\" decoding=\"async\" loading=\"lazy\"  \/>            <\/p>\n<p>                <img width=\"667\" height=\"500\" src=\"https:\/\/www.europesays.com\/fr\/wp-content\/uploads\/2025\/11\/erithaj-patisserie-chocolat-6.jpeg\" class=\"attachment-gallery size-gallery\" alt=\"Erithaj Patisserie chocolat (6)\" data-full-url=\"https:\/\/www.europesays.com\/fr\/wp-content\/uploads\/2025\/11\/erithaj-patisserie-chocolat-6.jpeg\" decoding=\"async\" loading=\"lazy\"  \/>            <\/p>\n<p>                <img width=\"667\" height=\"500\" src=\"https:\/\/www.europesays.com\/fr\/wp-content\/uploads\/2025\/11\/erithaj-patisserie-chocolat-15.jpeg\" class=\"attachment-gallery size-gallery\" alt=\"Erithaj Patisserie chocolat (15)\" data-full-url=\"https:\/\/www.europesays.com\/fr\/wp-content\/uploads\/2025\/11\/erithaj-patisserie-chocolat-15.jpeg\" decoding=\"async\" loading=\"lazy\"  \/>            <\/p>\n<p>                    Erithaj. \u00a9 Bastien Pietronave \/ Pokaa<\/p>\n<p>\u00c9tape 7 : on continue le shopping<\/p>\n<p>Pour des bonnes adresses shopping, on n\u2019est pas en reste non plus. Pour les amateurs\/rices de vintage, c\u2019est \u00e0 la boutique <a href=\"https:\/\/www.instagram.com\/friperieleleopard\/\" target=\"_blank\" rel=\"noopener nofollow\"><strong>Le L\u00e9opard<\/strong><\/a> <strong>(8 rue des Veaux)<\/strong> qu\u2019il faut foncer de toute urgence. Pour choper des cr\u00e9ations d\u2019artisan(e)s locaux\/les, direction <strong><a href=\"https:\/\/www.instagram.com\/boutiquelesherbesfolles\/\" target=\"_blank\" rel=\"noopener nofollow\">Les Herbes folles<\/a> (44 rue du Jeu-des-Enfants).<\/strong><\/p>\n<p>                <img width=\"375\" height=\"500\" src=\"https:\/\/www.europesays.com\/fr\/wp-content\/uploads\/2025\/11\/greenfriday-leleopard2-strasbourg.jpg\" class=\"attachment-gallery size-gallery\" alt=\"GreenFriday-LeLeopard2-Strasbourg\" data-full-url=\"https:\/\/www.europesays.com\/fr\/wp-content\/uploads\/2025\/11\/greenfriday-leleopard2-strasbourg.jpg\" decoding=\"async\" loading=\"lazy\"  \/>            <\/p>\n<p>                <img width=\"375\" height=\"500\" src=\"https:\/\/www.europesays.com\/fr\/wp-content\/uploads\/2025\/11\/greenfriday-leleopard1-strasbourg.jpg\" class=\"attachment-gallery size-gallery\" alt=\"GreenFriday-LeLeopard1-Strasbourg\" data-full-url=\"https:\/\/www.europesays.com\/fr\/wp-content\/uploads\/2025\/11\/greenfriday-leleopard1-strasbourg.jpg\" decoding=\"async\" loading=\"lazy\"  \/>            <\/p>\n<p>                    1. 2. Le L\u00e9opard, 3. \u00e0 5. Dot Store. \u00a9 Pokaa<\/p>\n<p>                <img width=\"375\" height=\"500\" src=\"https:\/\/www.europesays.com\/fr\/wp-content\/uploads\/2025\/11\/les-herbes-folles-image00051.jpeg\" class=\"attachment-gallery size-gallery\" alt=\"Les herbes folles image00051\" data-full-url=\"https:\/\/www.europesays.com\/fr\/wp-content\/uploads\/2025\/11\/les-herbes-folles-image00051.jpeg\" decoding=\"async\" loading=\"lazy\"  \/>            <\/p>\n<p>                <img width=\"667\" height=\"500\" src=\"https:\/\/www.europesays.com\/fr\/wp-content\/uploads\/2025\/11\/les-herbes-folles-image00050.jpeg\" class=\"attachment-gallery size-gallery\" alt=\"Les herbes folles image00050\" data-full-url=\"https:\/\/www.europesays.com\/fr\/wp-content\/uploads\/2025\/11\/les-herbes-folles-image00050.jpeg\" decoding=\"async\" loading=\"lazy\"  \/>            <\/p>\n<p>                <img width=\"375\" height=\"500\" src=\"https:\/\/www.europesays.com\/fr\/wp-content\/uploads\/2025\/11\/les-herbes-folles-image00060.jpeg\" class=\"attachment-gallery size-gallery\" alt=\"Les herbes folles image00060\" data-full-url=\"https:\/\/www.europesays.com\/fr\/wp-content\/uploads\/2025\/11\/les-herbes-folles-image00060.jpeg\" decoding=\"async\" loading=\"lazy\"  \/>            <\/p>\n<p>                <img width=\"375\" height=\"500\" src=\"https:\/\/www.europesays.com\/fr\/wp-content\/uploads\/2025\/11\/les-herbes-folles-image00063.jpeg\" class=\"attachment-gallery size-gallery\" alt=\"Les herbes folles image00063\" data-full-url=\"https:\/\/www.europesays.com\/fr\/wp-content\/uploads\/2025\/11\/les-herbes-folles-image00063.jpeg\" decoding=\"async\" loading=\"lazy\"  \/>            <\/p>\n<p>                    Les Herbes folles. \u00a9 Pokaa<\/p>\n<p>Strasbourg, c\u2019est aussi un repaire d\u2019antiquaires. Pour d\u00e9couvrir des p\u00e9pites uniques, vous pouvez vous aventurer chez <a href=\"https:\/\/www.instagram.com\/antiquites_bastian\/\" target=\"_blank\" rel=\"noopener nofollow\"><strong>Antiquit\u00e9s Bastian<\/strong><\/a><strong> (24 place de la Cath\u00e9drale)<\/strong> ou <a href=\"https:\/\/www.instagram.com\/antiquitesrichard\/\" target=\"_blank\" rel=\"noopener nofollow\"><strong>Antiquit\u00e9s Richard<\/strong><\/a> <strong>(1 quai Au-Sable)<\/strong>, deux adresses tout \u00e0 fait incontournables.<\/p>\n<p>                <a href=\"https:\/\/pokaa.fr\/2021\/01\/11\/antiquites-bastian-six-generations-dexpertise-et-dhistoire-au-pied-de-la-cathedrale\/\" rel=\"nofollow noopener\" target=\"_blank\"><br \/>\n                    <img width=\"450\" height=\"257\" src=\"https:\/\/www.europesays.com\/fr\/wp-content\/uploads\/2025\/11\/antiquites-bastian-antiquaire-strasbourg-alsace-cathedrale.jpg\" class=\"attachment-card-horizontal--same-subject size-card-horizontal--same-subject wp-post-image\" alt=\"\" decoding=\"async\" loading=\"lazy\"  \/>                <\/a><\/p>\n<p>                <img width=\"750\" height=\"500\" src=\"https:\/\/www.europesays.com\/fr\/wp-content\/uploads\/2025\/11\/dsc-6182-750x500.jpg\" class=\"attachment-gallery size-gallery\" alt=\"Antiquit\u00e9s bastian\" data-full-url=\"https:\/\/pokaa.fr\/wp-content\/uploads\/2025\/11\/04\/dsc-6182.jpg\" decoding=\"async\" loading=\"lazy\"  \/>            <\/p>\n<p>                <img width=\"750\" height=\"500\" src=\"https:\/\/www.europesays.com\/fr\/wp-content\/uploads\/2025\/11\/dsc-6113-750x500.jpg\" class=\"attachment-gallery size-gallery\" alt=\"antiquaire bastian\" data-full-url=\"https:\/\/pokaa.fr\/wp-content\/uploads\/2025\/11\/04\/dsc-6113.jpg\" decoding=\"async\" loading=\"lazy\"  \/>            <\/p>\n<p>                    Antiquit\u00e9s Bastian. \u00a9 Marie Goehner-David \/ Pokaa<\/p>\n<p>                <img width=\"750\" height=\"500\" src=\"https:\/\/www.europesays.com\/fr\/wp-content\/uploads\/2025\/11\/reflet-cathedrale-veille-ville-3-750x500.jpg\" class=\"attachment-gallery size-gallery\" alt=\"Reflet cath\u00e9drale veille ville (3) antiquit\u00e9s\" data-full-url=\"https:\/\/pokaa.fr\/wp-content\/uploads\/2024\/07\/27\/reflet-cathedrale-veille-ville-3.jpg\" decoding=\"async\" loading=\"lazy\"  \/>            <\/p>\n<p>                <img width=\"750\" height=\"500\" src=\"https:\/\/www.europesays.com\/fr\/wp-content\/uploads\/2025\/11\/reflet-cathedrale-veille-ville-4-750x500.jpg\" class=\"attachment-gallery size-gallery\" alt=\"Reflet cath\u00e9drale veille ville (4) antiquit\u00e9s\" data-full-url=\"https:\/\/pokaa.fr\/wp-content\/uploads\/2024\/07\/27\/reflet-cathedrale-veille-ville-4.jpg\" decoding=\"async\" loading=\"lazy\"  \/>            <\/p>\n<p>                <img width=\"750\" height=\"500\" src=\"https:\/\/www.europesays.com\/fr\/wp-content\/uploads\/2025\/11\/dsc-5585-750x500.jpg\" class=\"attachment-gallery size-gallery\" alt=\"antiquaire\" data-full-url=\"https:\/\/pokaa.fr\/wp-content\/uploads\/2025\/10\/23\/dsc-5585-1500x1000.jpg\" decoding=\"async\" loading=\"lazy\"  \/>            <\/p>\n<p>                    Antiquit\u00e9s Richard. \u00a9 Marie Goehner-David \/ Pokaa<\/p>\n<p>Enfin, pour continuer de voyager dans le temps, vous pouvez faire un tour \u00e0 la <strong><a href=\"https:\/\/www.instagram.com\/droguerie_du_cygne\/\" target=\"_blank\" rel=\"noopener nofollow\">Droguerie du Cygne<\/a> (24 Grand\u2019Rue)<\/strong>, qui est une des plus vieilles de France avec plus de 150 ans \u00e0 son actif.<\/p>\n<p>                <img width=\"375\" height=\"500\" src=\"https:\/\/www.europesays.com\/fr\/wp-content\/uploads\/2025\/11\/img_20211127_191236-scaled-e1638074783488.jpg\" class=\"attachment-gallery size-gallery\" alt=\"La Droguerie du Cygne + esperlu\u00e8te + rasoir + z\u00e9ro d\u00e9chet + savon\" data-full-url=\"https:\/\/www.europesays.com\/fr\/wp-content\/uploads\/2025\/11\/img_20211127_191236-scaled-e1638074783488.jpg\" decoding=\"async\" loading=\"lazy\"\/>            <\/p>\n<p>                <img width=\"890\" height=\"500\" src=\"https:\/\/www.europesays.com\/fr\/wp-content\/uploads\/2025\/11\/droguerie-cygne-2.jpg\" class=\"attachment-gallery size-gallery\" alt=\"droguerie cygne (2)\" data-full-url=\"https:\/\/www.europesays.com\/fr\/wp-content\/uploads\/2025\/11\/droguerie-cygne-2.jpg\" decoding=\"async\" loading=\"lazy\"  \/>            <\/p>\n<p>                <img width=\"890\" height=\"500\" src=\"https:\/\/www.europesays.com\/fr\/wp-content\/uploads\/2025\/11\/droguerie-cygne-1.jpg\" class=\"attachment-gallery size-gallery\" alt=\"droguerie cygne (1)\" data-full-url=\"https:\/\/www.europesays.com\/fr\/wp-content\/uploads\/2025\/11\/droguerie-cygne-1.jpg\" decoding=\"async\" loading=\"lazy\"  \/>            <\/p>\n<p>                    La Droguerie du Cygne. \u00a9 Fanny Soriano \/ Pokaa<\/p>\n<p>\u00c9tape 8 : l\u2019heure du go\u00fbter r\u00e9confortant<\/p>\n<p>Apr\u00e8s toutes ces p\u00e9r\u00e9grinations, l\u2019heure de faire une pause s\u2019impose. \u00c0 c\u00f4t\u00e9 de la cath\u00e9drale, <a href=\"https:\/\/www.instagram.com\/au.fond.du.jardin.strasbourg\/\" target=\"_blank\" rel=\"noopener nofollow\"><strong>Au Fond du Jardin<\/strong><\/a> <strong>(6 rue de la R\u00e2pe)<\/strong> sait ravir les amateurs\/rices <strong>de madeleines, th\u00e9s et chocolat chaud, dans sa d\u00e9co soign\u00e9e et de saison !<\/strong><\/p>\n<p>Pour se lover dans des gros fauteuils en velours et voyager dans le monde entier avec une tasse de th\u00e9, on fonce au <strong><a href=\"https:\/\/www.instagram.com\/thedesmuses\/\" target=\"_blank\" rel=\"noopener nofollow\">Th\u00e9 des Muses<\/a> (19 rue Sainte-Barbe), <\/strong>\u00e0 c\u00f4t\u00e9 de la Grand\u2019Rue. <strong>En plus, un latte sp\u00e9cial automne est \u00e0 la carte.<\/strong><\/p>\n<p>                <img width=\"371\" height=\"500\" src=\"https:\/\/www.europesays.com\/fr\/wp-content\/uploads\/2025\/11\/au-fond-du-jardin-1-371x500.png\" class=\"attachment-gallery size-gallery\" alt=\"Au fond du jardin (1)\" data-full-url=\"https:\/\/pokaa.fr\/wp-content\/uploads\/2025\/11\/05\/au-fond-du-jardin-1.png\" decoding=\"async\" loading=\"lazy\"  \/>            <\/p>\n<p>                <img width=\"490\" height=\"500\" src=\"https:\/\/www.europesays.com\/fr\/wp-content\/uploads\/2025\/11\/au-fond-du-jardin-3-490x500.png\" class=\"attachment-gallery size-gallery\" alt=\"Au fond du jardin (3)\" data-full-url=\"https:\/\/pokaa.fr\/wp-content\/uploads\/2025\/11\/05\/au-fond-du-jardin-3.png\" decoding=\"async\" loading=\"lazy\"  \/>            <\/p>\n<p>                <img width=\"386\" height=\"500\" src=\"https:\/\/www.europesays.com\/fr\/wp-content\/uploads\/2025\/11\/au-fond-du-jardin-4-386x500.png\" class=\"attachment-gallery size-gallery\" alt=\"Au fond du jardin (4)\" data-full-url=\"https:\/\/pokaa.fr\/wp-content\/uploads\/2025\/11\/05\/au-fond-du-jardin-4.png\" decoding=\"async\" loading=\"lazy\"  \/>            <\/p>\n<p>                <img width=\"496\" height=\"500\" src=\"https:\/\/www.europesays.com\/fr\/wp-content\/uploads\/2025\/11\/au-fond-du-jardin-2-496x500.png\" class=\"attachment-gallery size-gallery\" alt=\"Au fond du jardin (2)\" data-full-url=\"https:\/\/pokaa.fr\/wp-content\/uploads\/2025\/11\/05\/au-fond-du-jardin-2.png\" decoding=\"async\" loading=\"lazy\"  \/>            <\/p>\n<p>                    \u00a9 Au Fond du Jardin \/ Captures d&rsquo;\u00e9cran<\/p>\n<p>                <img width=\"397\" height=\"500\" src=\"https:\/\/www.europesays.com\/fr\/wp-content\/uploads\/2025\/11\/the-des-muses-2-397x500.png\" class=\"attachment-gallery size-gallery\" alt=\"Th\u00e9 des muses (2)\" data-full-url=\"https:\/\/pokaa.fr\/wp-content\/uploads\/2025\/11\/05\/the-des-muses-2.png\" decoding=\"async\" loading=\"lazy\"  \/>            <\/p>\n<p>                <img width=\"595\" height=\"472\" src=\"https:\/\/www.europesays.com\/fr\/wp-content\/uploads\/2025\/11\/the-des-muses-3.png\" class=\"attachment-gallery size-gallery\" alt=\"Th\u00e9 des muses (3)\" data-full-url=\"https:\/\/www.europesays.com\/fr\/wp-content\/uploads\/2025\/11\/the-des-muses-3.png\" decoding=\"async\" loading=\"lazy\"  \/>            <\/p>\n<p>                <img width=\"495\" height=\"500\" src=\"https:\/\/www.europesays.com\/fr\/wp-content\/uploads\/2025\/11\/the-des-muses-1-495x500.png\" class=\"attachment-gallery size-gallery\" alt=\"Th\u00e9 des muses (1)\" data-full-url=\"https:\/\/pokaa.fr\/wp-content\/uploads\/2025\/11\/05\/the-des-muses-1.png\" decoding=\"async\" loading=\"lazy\"  \/>            <\/p>\n<p>                <img width=\"488\" height=\"500\" src=\"https:\/\/www.europesays.com\/fr\/wp-content\/uploads\/2025\/11\/the-des-muses-4-488x500.png\" class=\"attachment-gallery size-gallery\" alt=\"Th\u00e9 des muses (4)\" data-full-url=\"https:\/\/pokaa.fr\/wp-content\/uploads\/2025\/11\/05\/the-des-muses-4.png\" decoding=\"async\" loading=\"lazy\"  \/>            <\/p>\n<p>                <img width=\"498\" height=\"500\" src=\"https:\/\/www.europesays.com\/fr\/wp-content\/uploads\/2025\/11\/the-des-muses-5-498x500.png\" class=\"attachment-gallery size-gallery\" alt=\"Th\u00e9 des muses (5)\" data-full-url=\"https:\/\/pokaa.fr\/wp-content\/uploads\/2025\/11\/05\/the-des-muses-5.png\" decoding=\"async\" loading=\"lazy\"  \/>            <\/p>\n<p>                    \u00a9 Th\u00e9 des Muses \/ Captures d&rsquo;\u00e9cran<\/p>\n<p>Envie de gros croissants, ou de go\u00fbter des sp\u00e9cialit\u00e9s ukrainiennes et polonaises\u00a0? On passe une t\u00eate chez la <strong><a href=\"https:\/\/www.instagram.com\/manufacture_de_la_pate\/\" target=\"_blank\" rel=\"noopener nofollow\">Manufacture de la P\u00e2te<\/a> (23 rue des Juifs).<\/strong> Et en bonus pour celles et ceux qui mangent sans gluten\u00a0: <a href=\"https:\/\/www.instagram.com\/eden_strasbourg\/?hl=fr\" target=\"_blank\" rel=\"noopener nofollow\"><strong>l\u2019Eden Libre de Gluten<\/strong><\/a> <strong>(15 place du Temple-Neuf)<\/strong> propose des p\u00e2tisseries et autres joyeuset\u00e9s \u00e0 tomber.<\/p>\n<p>                <a href=\"https:\/\/pokaa.fr\/2025\/10\/21\/la-manufacture-de-la-pate-la-nouvelle-boulangerie-ukrainienne-qui-vaut-le-detour-a-strasbourg\/\" rel=\"nofollow noopener\" target=\"_blank\"><br \/>\n                    <img width=\"450\" height=\"270\" src=\"https:\/\/www.europesays.com\/fr\/wp-content\/uploads\/2025\/11\/img-0333-450x270.jpg\" class=\"attachment-card-horizontal--same-subject size-card-horizontal--same-subject wp-post-image\" alt=\"\" decoding=\"async\" loading=\"lazy\"\/>                <\/a><\/p>\n<p>                <img width=\"667\" height=\"500\" src=\"https:\/\/www.europesays.com\/fr\/wp-content\/uploads\/2025\/11\/img-2073-grande-667x500.jpeg\" class=\"attachment-gallery size-gallery\" alt=\"manufacture de la pate\" data-full-url=\"https:\/\/pokaa.fr\/wp-content\/uploads\/2025\/10\/20\/img-2073-grande.jpeg\" decoding=\"async\" loading=\"lazy\"  \/>            <\/p>\n<p>                <img width=\"375\" height=\"500\" src=\"https:\/\/www.europesays.com\/fr\/wp-content\/uploads\/2025\/10\/img-0345-375x500.jpg\" class=\"attachment-gallery size-gallery\" alt=\"manufacture de la pate\" data-full-url=\"https:\/\/pokaa.fr\/wp-content\/uploads\/2025\/10\/20\/img-0345.jpg\" decoding=\"async\" loading=\"lazy\"  \/>            <\/p>\n<p>                <img width=\"667\" height=\"500\" src=\"https:\/\/www.europesays.com\/fr\/wp-content\/uploads\/2025\/10\/img-0343-667x500.jpg\" class=\"attachment-gallery size-gallery\" alt=\"manufacture de la pate\" data-full-url=\"https:\/\/pokaa.fr\/wp-content\/uploads\/2025\/10\/20\/img-0343.jpg\" decoding=\"async\" loading=\"lazy\"  \/>            <\/p>\n<p>                    \u00a9 Coraline Lafon \/ Pokaa<\/p>\n<p>    <img width=\"800\" height=\"564\" src=\"https:\/\/www.europesays.com\/fr\/wp-content\/uploads\/2025\/11\/dsc-6151-800x564.jpg\" class=\"attachment-image-size-L size-image-size-L\" alt=\"L\u2019eden sans gluten\" decoding=\"async\" loading=\"lazy\"  \/>         \u00a9 Marie Goehner-David \/ Pokaa <\/p>\n<p>\u00c9tape 9 : place \u00e0 la culture ! <\/p>\n<p>C\u00f4t\u00e9 arts et culture, on n\u2019est pas en reste. La place du Ch\u00e2teau \u00e0 elle seule compte 4 mus\u00e9es, dont celui de <a href=\"https:\/\/www.musees.strasbourg.eu\/musee-de-l-oeuvre-notre-dame\" target=\"_blank\" rel=\"noopener nofollow\"><strong>l\u2019Oeuvre-Notre-Dame<\/strong><\/a> <strong>(3 place du Ch\u00e2teau)<\/strong> ou encore <strong>ceux du <a href=\"https:\/\/www.musees.strasbourg.eu\/edition\/-\/entity\/id\/277882\/Le+Palais+Rohan\" target=\"_blank\" rel=\"noopener nofollow\">Palais Rohan<\/a> (2 place du Ch\u00e2teau)<\/strong>.<\/p>\n<p>Cependant, il y a une autre adresse \u00e0 ne pas manquer\u00a0: <strong>le <a href=\"https:\/\/www.instagram.com\/5elieu\/\" target=\"_blank\" rel=\"noopener nofollow\">5e Lieu<\/a> (5 place du Ch\u00e2teau) propose de d\u00e9couvrir Strasbourg \u00e0 travers sa culture et son patrimoine,<\/strong> et ce gr\u00e2ce \u00e0 une exposition permanente, mais aussi une programmation \u00e0 l\u2019ann\u00e9e. Visites, lectures, danse ou encore ateliers vous attendent.<\/p>\n<p>                <a href=\"https:\/\/pokaa.fr\/2023\/06\/04\/dans-les-coulisses-de-loeuvre-notre-dame-au-chevet-de-la-cathedrale-depuis-800-ans\/\" rel=\"nofollow noopener\" target=\"_blank\"><br \/>\n                    <img width=\"450\" height=\"270\" src=\"https:\/\/www.europesays.com\/fr\/wp-content\/uploads\/2025\/11\/230504-pka-oeuvre-nd-18-450x270.jpg\" class=\"attachment-card-horizontal--same-subject size-card-horizontal--same-subject wp-post-image\" alt=\"\" decoding=\"async\" loading=\"lazy\"\/>                <\/a><\/p>\n<p>                <img width=\"752\" height=\"500\" src=\"https:\/\/www.europesays.com\/fr\/wp-content\/uploads\/2025\/11\/230504-pka-oeuvre-nd-16-752x500.jpg\" class=\"attachment-gallery size-gallery\" alt=\"Oeuvre Notre Dame Cath\u00e9drale Histoire Strasbourg Restauration\" data-full-url=\"https:\/\/pokaa.fr\/wp-content\/uploads\/2023\/06\/230504-pka-oeuvre-nd-16.jpg\" decoding=\"async\" loading=\"lazy\"  \/>            <\/p>\n<p>                <img width=\"749\" height=\"500\" src=\"https:\/\/www.europesays.com\/fr\/wp-content\/uploads\/2025\/11\/dsc09791.jpg\" class=\"attachment-gallery size-gallery\" alt=\"oeuvre notre dame cath\u00e9drale\" data-full-url=\"https:\/\/www.europesays.com\/fr\/wp-content\/uploads\/2025\/11\/dsc09791.jpg\" decoding=\"async\" loading=\"lazy\"  \/>            <\/p>\n<p>                <img width=\"752\" height=\"500\" src=\"https:\/\/www.europesays.com\/fr\/wp-content\/uploads\/2025\/11\/230504-pka-oeuvre-nd-15-752x500.jpg\" class=\"attachment-gallery size-gallery\" alt=\"Oeuvre Notre Dame Cath\u00e9drale Histoire Strasbourg Restauration\" data-full-url=\"https:\/\/pokaa.fr\/wp-content\/uploads\/2023\/06\/230504-pka-oeuvre-nd-15.jpg\" decoding=\"async\" loading=\"lazy\"  \/>            <\/p>\n<p>                    Mus\u00e9e de l&rsquo;Oeuvre-Notre-Dame. 1. 3. Adrien Labit, 2. Hugo Favre-Napoli \/ Pokaa<\/p>\n<p>                <img width=\"667\" height=\"500\" src=\"https:\/\/www.europesays.com\/fr\/wp-content\/uploads\/2025\/04\/img-0372-667x500.jpg\" class=\"attachment-gallery size-gallery\" alt=\"5e lieu\" data-full-url=\"https:\/\/pokaa.fr\/wp-content\/uploads\/2024\/05\/28\/img-0372.jpg\" decoding=\"async\" loading=\"lazy\"  \/>            <\/p>\n<p>                <img width=\"667\" height=\"500\" src=\"https:\/\/www.europesays.com\/fr\/wp-content\/uploads\/2025\/05\/img-8835-3-grande-667x500.jpeg\" class=\"attachment-gallery size-gallery\" alt=\"5e Lieu\" data-full-url=\"https:\/\/pokaa.fr\/wp-content\/uploads\/2025\/05\/21\/img-8835-3-grande.jpeg\" decoding=\"async\" loading=\"lazy\"  \/>            <\/p>\n<p>                <img width=\"667\" height=\"500\" src=\"https:\/\/www.europesays.com\/fr\/wp-content\/uploads\/2025\/11\/img-8834-3-grande-667x500.jpeg\" class=\"attachment-gallery size-gallery\" alt=\"5e Lieu\" data-full-url=\"https:\/\/pokaa.fr\/wp-content\/uploads\/2025\/05\/21\/img-8834-3-grande.jpeg\" decoding=\"async\" loading=\"lazy\"  \/>            <\/p>\n<p>                    Le 5e Lieu. \u00a9 Nicolas Kaspar \/ Pokaa<\/p>\n<p>Pour continuer de se rincer l\u2019\u0153il, on fait un tour \u00e0 <strong>la <a href=\"https:\/\/www.instagram.com\/galerie_zeeart\/\" target=\"_blank\" rel=\"noopener nofollow\">galerie Zee-art<\/a> (5 rue des Fr\u00e8res)<\/strong>, pour d\u00e9couvrir ce qui se trame sur la sc\u00e8ne de l\u2019art contemporain. <a href=\"https:\/\/www.instagram.com\/aida_galerie\/\" target=\"_blank\" rel=\"noopener nofollow\"><strong>La galerie AIDA<\/strong><\/a> <strong>(130 Grand\u2019Rue)<\/strong>, quant \u00e0 elle, organise une vingtaine d\u2019expositions par saison. Actuellement, c\u2019est Jean-Roch Klethi qui expose ses oeuvres oniriques \u00e0 partir de mati\u00e8res textiles !<\/p>\n<p>                <img width=\"639\" height=\"500\" src=\"https:\/\/www.europesays.com\/fr\/wp-content\/uploads\/2025\/11\/dsc-6194-639x500.jpg\" class=\"attachment-gallery size-gallery\" alt=\"zee-art\" data-full-url=\"https:\/\/pokaa.fr\/wp-content\/uploads\/2025\/11\/04\/dsc-6194.jpg\" decoding=\"async\" loading=\"lazy\"  \/>            <\/p>\n<p>                <img width=\"671\" height=\"500\" src=\"https:\/\/www.europesays.com\/fr\/wp-content\/uploads\/2025\/11\/dsc-6190-671x500.jpg\" class=\"attachment-gallery size-gallery\" alt=\"zee-art\" data-full-url=\"https:\/\/pokaa.fr\/wp-content\/uploads\/2025\/11\/04\/dsc-6190.jpg\" decoding=\"async\" loading=\"lazy\"  \/>            <\/p>\n<p>                    \u00a9 Marie Goehner-David \/ Pokaa<\/p>\n<p>                <img width=\"470\" height=\"500\" src=\"https:\/\/www.europesays.com\/fr\/wp-content\/uploads\/2025\/11\/galerie-aida-jean-roch-klethi-2-470x500.png\" class=\"attachment-gallery size-gallery\" alt=\"Galerie Aida Jean-Roch Klethi (2)\" data-full-url=\"https:\/\/pokaa.fr\/wp-content\/uploads\/2025\/11\/05\/galerie-aida-jean-roch-klethi-2.png\" decoding=\"async\" loading=\"lazy\"  \/>            <\/p>\n<p>                <img width=\"478\" height=\"500\" src=\"https:\/\/www.europesays.com\/fr\/wp-content\/uploads\/2025\/11\/galerie-aida-jean-roch-klethi-1-478x500.png\" class=\"attachment-gallery size-gallery\" alt=\"Galerie Aida Jean-Roch Klethi (1)\" data-full-url=\"https:\/\/pokaa.fr\/wp-content\/uploads\/2025\/11\/05\/galerie-aida-jean-roch-klethi-1.png\" decoding=\"async\" loading=\"lazy\"  \/>            <\/p>\n<p>                <img width=\"830\" height=\"500\" src=\"https:\/\/www.europesays.com\/fr\/wp-content\/uploads\/2025\/11\/galerie-aida-830x500.png\" class=\"attachment-gallery size-gallery\" alt=\"Galerie Aida\" data-full-url=\"https:\/\/pokaa.fr\/wp-content\/uploads\/2025\/11\/05\/galerie-aida.png\" decoding=\"async\" loading=\"lazy\"  \/>            <\/p>\n<p>                    1. 2. \u00a9 Jean-Roch Klethi, 3. \u00a9 Galerie Aida \/ Captures d&rsquo;\u00e9cran<\/p>\n<p>\u00c9tape 10 : et l\u2019ap\u00e9ro ?<\/p>\n<p>La journ\u00e9e avance, et il se fait l\u2019heure d\u2019un rafra\u00eechissement plus que m\u00e9rit\u00e9. Les choix insolites sont nombreux\u00a0: on peut tenter notre chance <a href=\"https:\/\/www.instagram.com\/lecarton.strasbourg\/\" target=\"_blank\" rel=\"noopener nofollow\"><strong>au Carton<\/strong><\/a> <strong>(1a rue des Aveugles)<\/strong>, un bar \u00e0 bi\u00e8re avec un mobilier\u2026 en carton. Cet endroit unique veut aussi \u00eatre un lieu d\u2019exposition et de soir\u00e9es festives, avec une programmation essentiellement house et techno.<\/p>\n<p>                <img width=\"375\" height=\"500\" src=\"https:\/\/www.europesays.com\/fr\/wp-content\/uploads\/2025\/11\/image00037-3-375x500.jpeg\" class=\"attachment-gallery size-gallery\" alt=\"Le carton bar AEDAEN\" data-full-url=\"https:\/\/pokaa.fr\/wp-content\/uploads\/2023\/04\/image00037-3.jpeg\" decoding=\"async\" loading=\"lazy\"  \/>            <\/p>\n<p>                <img width=\"667\" height=\"500\" src=\"https:\/\/www.europesays.com\/fr\/wp-content\/uploads\/2025\/11\/image00032-3-667x500.jpeg\" class=\"attachment-gallery size-gallery\" alt=\"Le carton bar AEDAEN\" data-full-url=\"https:\/\/pokaa.fr\/wp-content\/uploads\/2023\/04\/image00032-3.jpeg\" decoding=\"async\" loading=\"lazy\"  \/>            <\/p>\n<p>                <img width=\"375\" height=\"500\" src=\"https:\/\/www.europesays.com\/fr\/wp-content\/uploads\/2025\/11\/image00034-3-375x500.jpeg\" class=\"attachment-gallery size-gallery\" alt=\"Le carton bar AEDAEN\" data-full-url=\"https:\/\/pokaa.fr\/wp-content\/uploads\/2023\/04\/image00034-3.jpeg\" decoding=\"async\" loading=\"lazy\"  \/>            <\/p>\n<p>                <img width=\"667\" height=\"500\" src=\"https:\/\/www.europesays.com\/fr\/wp-content\/uploads\/2025\/11\/image00024-2-667x500.jpeg\" class=\"attachment-gallery size-gallery\" alt=\"Le carton bar AEDAEN\" data-full-url=\"https:\/\/pokaa.fr\/wp-content\/uploads\/2023\/04\/image00024-2.jpeg\" decoding=\"async\" loading=\"lazy\"  \/>            <\/p>\n<p>                    Le Carton. \u00a9 Bastien Pietronave \/ Pokaa<\/p>\n<p>Si vous souhaitez jeter votre d\u00e9volu sur un cocktail, direction <strong><a href=\"https:\/\/www.instagram.com\/bar_alchimiste\/?hl=fr\" target=\"_blank\" rel=\"noopener nofollow\">L\u2019Alchimiste<\/a> (3 rue des Soeurs).<\/strong> Dans un mood myst\u00e9rieux, on peut aussi s\u2019aventurer \u00e0 <a href=\"https:\/\/www.instagram.com\/barlamandragore\/?hl=fr\" target=\"_blank\" rel=\"noopener nofollow\"><strong>La Mandragore<\/strong><\/a> <strong>(1 rue de la Grange)<\/strong>, qui est \u00e0 la fois un bar et un vrai cabinet de curiosit\u00e9s.<\/p>\n<p>                <img width=\"667\" height=\"500\" src=\"https:\/\/www.europesays.com\/fr\/wp-content\/uploads\/2025\/11\/340290212-1347835972729427-8370320331524867566-n-667x500.jpg\" class=\"attachment-gallery size-gallery\" alt=\"mandragore bar\" data-full-url=\"https:\/\/pokaa.fr\/wp-content\/uploads\/2023\/04\/340290212-1347835972729427-8370320331524867566-n-1500x1125.jpg\" decoding=\"async\" loading=\"lazy\"  \/>            <\/p>\n<p>                <img width=\"333\" height=\"500\" src=\"https:\/\/www.europesays.com\/fr\/wp-content\/uploads\/2025\/11\/10014796_10203390479067287_2022566672_o-2.jpg\" class=\"attachment-gallery size-gallery\" alt=\"La Mandragore, myst\u00e8res et pintes de bi\u00e8res \u2013 Pokaa\" data-full-url=\"https:\/\/www.europesays.com\/fr\/wp-content\/uploads\/2025\/11\/10014796_10203390479067287_2022566672_o-2.jpg\" decoding=\"async\" loading=\"lazy\"  \/>            <\/p>\n<p>                    \u00a9 Coraline Lafon \/ Pokaa<\/p>\n<p>Pour une soir\u00e9e plus glamour, <a href=\"https:\/\/www.instagram.com\/madame.c_strasbourg\/?hl=fr\" target=\"_blank\" rel=\"noopener nofollow\"><strong>Madame C<\/strong><\/a> <strong>(10 rue des Soeurs)<\/strong> est le petit \u00e9crin id\u00e9al pour un verre tout en \u00e9l\u00e9gance.<\/p>\n<p>                <a href=\"https:\/\/pokaa.fr\/2025\/07\/08\/bienvenue-chez-madame-c-la-nouvelle-adresse-cachee-qui-fait-deja-parler-strasbourg\/\" rel=\"nofollow noopener\" target=\"_blank\"><br \/>\n                    <img width=\"450\" height=\"270\" src=\"https:\/\/www.europesays.com\/fr\/wp-content\/uploads\/2025\/10\/d2-450x270.png\" class=\"attachment-card-horizontal--same-subject size-card-horizontal--same-subject wp-post-image\" alt=\"\" decoding=\"async\" loading=\"lazy\"\/>                <\/a><\/p>\n<p>                <img width=\"375\" height=\"500\" src=\"https:\/\/www.europesays.com\/fr\/wp-content\/uploads\/2025\/07\/madame-c-strasbourgimg-3613-375x500.jpeg\" class=\"attachment-gallery size-gallery\" alt=\"Madame C strasbourgIMG_3613\" data-full-url=\"https:\/\/pokaa.fr\/wp-content\/uploads\/2025\/07\/07\/madame-c-strasbourgimg-3613.jpeg\" decoding=\"async\" loading=\"lazy\"  \/>            <\/p>\n<p>                <img width=\"375\" height=\"500\" src=\"https:\/\/www.europesays.com\/fr\/wp-content\/uploads\/2025\/11\/madame-c-strasbourgimg-3609-375x500.jpeg\" class=\"attachment-gallery size-gallery\" alt=\"Madame C strasbourgIMG_3609\" data-full-url=\"https:\/\/pokaa.fr\/wp-content\/uploads\/2025\/07\/07\/madame-c-strasbourgimg-3609.jpeg\" decoding=\"async\" loading=\"lazy\"  \/>            <\/p>\n<p>                <img width=\"375\" height=\"500\" src=\"https:\/\/www.europesays.com\/fr\/wp-content\/uploads\/2025\/07\/madame-c-strasbourgimg-3630-375x500.jpeg\" class=\"attachment-gallery size-gallery\" alt=\"Madame C strasbourgIMG_3630\" data-full-url=\"https:\/\/pokaa.fr\/wp-content\/uploads\/2025\/07\/07\/madame-c-strasbourgimg-3630.jpeg\" decoding=\"async\" loading=\"lazy\"  \/>            <\/p>\n<p>                <img width=\"375\" height=\"500\" src=\"https:\/\/www.europesays.com\/fr\/wp-content\/uploads\/2025\/07\/madame-c-strasbourgimg-3646-375x500.jpeg\" class=\"attachment-gallery size-gallery\" alt=\"Madame C strasbourgIMG_3646\" data-full-url=\"https:\/\/pokaa.fr\/wp-content\/uploads\/2025\/07\/07\/madame-c-strasbourgimg-3646.jpeg\" decoding=\"async\" loading=\"lazy\"  \/>            <\/p>\n<p>                    Madame C. \u00a9 Bastien Pietronave \/ Pokaa<\/p>\n<p>Enfin, si vous voulez jouer \u00e0 des jeux de soci\u00e9t\u00e9, geeker entre potes ou faire un karaok\u00e9, <a href=\"https:\/\/www.instagram.com\/meltdownstrasbourg\/?hl=fr\" target=\"_blank\" rel=\"noopener nofollow\"><strong>le Meltdown<\/strong><\/a> <strong>(10 rue des Glaci\u00e8res)<\/strong> est le spot immanquable.<\/p>\n<p>\u00c9tape 11 : faire valser les papilles <\/p>\n<p>L\u2019heure du d\u00eener approche et l\u2019estomac gronde. Pour un d\u00eener <strong>dans le style bistronomique<\/strong>, on file \u00e0 <strong><a href=\"https:\/\/www.instagram.com\/vinostradarestaurant\/?hl=fr\" target=\"_blank\" rel=\"noopener nofollow\">Vino Strada<\/a> (1 rue du Temple-Neuf).<\/strong> \u00c0 la fois restaurant et caviste, le lieu propose une cuisine raffin\u00e9e et plus de <strong>4000 r\u00e9f\u00e9rences de vin.<\/strong><\/p>\n<p>                <a href=\"https:\/\/pokaa.fr\/2025\/05\/14\/terrasse-cachee-cuisine-raffinee-vino-strada-le-resto-strasbourgeois-qui-ne-decoit-pas\/\" rel=\"nofollow noopener\" target=\"_blank\"><br \/>\n                    <img width=\"450\" height=\"270\" src=\"https:\/\/www.europesays.com\/fr\/wp-content\/uploads\/2025\/11\/vinostrada-vin-terrasse-cachee-vitello-tonato-foie-gras-dessert-caviste-balcon-vinostrada-vin-terras.jpeg\" class=\"attachment-card-horizontal--same-subject size-card-horizontal--same-subject wp-post-image\" alt=\"\" decoding=\"async\" loading=\"lazy\"\/>                <\/a><\/p>\n<p>                <img width=\"375\" height=\"500\" src=\"https:\/\/www.europesays.com\/fr\/wp-content\/uploads\/2025\/05\/1747272248_285_vinostrada-vin-terrasse-cachee-vitello-tonato-foie-gras-dessert-caviste-balcon-vinostrada-vin-terras.jpeg\" class=\"attachment-gallery size-gallery\" alt=\"Vinostrada vin terrasse cach\u00e9e vitello tonato foie gras dessert caviste balcon Vinostrada vin terrasse cach\u00e9e vitello tonato foie gras dessert caviste balcon IMG_4667\" data-full-url=\"https:\/\/pokaa.fr\/wp-content\/uploads\/2025\/05\/13\/vinostrada-vin-terrasse-cachee-vitello-tonato-foie-gras-dessert-caviste-balcon-vinostrada-vin-terrasse-cachee-vitello-tonato-foie-gras-dessert-caviste-balcon-img-4667.jpeg\" decoding=\"async\" loading=\"lazy\"  \/>            <\/p>\n<p>                <img width=\"375\" height=\"500\" src=\"https:\/\/www.europesays.com\/fr\/wp-content\/uploads\/2025\/05\/1747272247_648_vinostrada-vin-terrasse-cachee-vitello-tonato-foie-gras-dessert-caviste-balcon-vinostrada-vin-terras.jpeg\" class=\"attachment-gallery size-gallery\" alt=\"Vinostrada vin terrasse cach\u00e9e vitello tonato foie gras dessert caviste balcon Vinostrada vin terrasse cach\u00e9e vitello tonato foie gras dessert caviste balcon IMG_4606\" data-full-url=\"https:\/\/pokaa.fr\/wp-content\/uploads\/2025\/05\/13\/vinostrada-vin-terrasse-cachee-vitello-tonato-foie-gras-dessert-caviste-balcon-vinostrada-vin-terrasse-cachee-vitello-tonato-foie-gras-dessert-caviste-balcon-img-4606.jpeg\" decoding=\"async\" loading=\"lazy\"  \/>            <\/p>\n<p>                <img width=\"375\" height=\"500\" src=\"https:\/\/www.europesays.com\/fr\/wp-content\/uploads\/2025\/05\/1747272246_683_vinostrada-vin-terrasse-cachee-vitello-tonato-foie-gras-dessert-caviste-balcon-vinostrada-vin-terras.jpeg\" class=\"attachment-gallery size-gallery\" alt=\"Vinostrada vin terrasse cach\u00e9e vitello tonato foie gras dessert caviste balcon Vinostrada vin terrasse cach\u00e9e vitello tonato foie gras dessert caviste balcon IMG_4666\" data-full-url=\"https:\/\/pokaa.fr\/wp-content\/uploads\/2025\/05\/13\/vinostrada-vin-terrasse-cachee-vitello-tonato-foie-gras-dessert-caviste-balcon-vinostrada-vin-terrasse-cachee-vitello-tonato-foie-gras-dessert-caviste-balcon-img-4666.jpeg\" decoding=\"async\" loading=\"lazy\"  \/>            <\/p>\n<p>                <img width=\"375\" height=\"500\" src=\"https:\/\/www.europesays.com\/fr\/wp-content\/uploads\/2025\/11\/1762997762_439_vinostrada-vin-terrasse-cachee-vitello-tonato-foie-gras-dessert-caviste-balcon-vinostrada-vin-terras.jpeg\" class=\"attachment-gallery size-gallery\" alt=\"Vinostrada vin terrasse cach\u00e9e vitello tonato foie gras dessert caviste balcon Vinostrada vin terrasse cach\u00e9e vitello tonato foie gras dessert caviste balcon IMG_4617\" data-full-url=\"https:\/\/pokaa.fr\/wp-content\/uploads\/2025\/05\/13\/vinostrada-vin-terrasse-cachee-vitello-tonato-foie-gras-dessert-caviste-balcon-vinostrada-vin-terrasse-cachee-vitello-tonato-foie-gras-dessert-caviste-balcon-img-4617.jpeg\" decoding=\"async\" loading=\"lazy\"  \/>            <\/p>\n<p>                <img width=\"667\" height=\"500\" src=\"https:\/\/www.europesays.com\/fr\/wp-content\/uploads\/2025\/05\/1747272248_950_vinostrada-vin-terrasse-cachee-vitello-tonato-foie-gras-dessert-caviste-balcon-vinostrada-vin-terras.jpeg\" class=\"attachment-gallery size-gallery\" alt=\"Vinostrada vin terrasse cach\u00e9e vitello tonato foie gras dessert caviste balcon Vinostrada vin terrasse cach\u00e9e vitello tonato foie gras dessert caviste balcon IMG_4479\" data-full-url=\"https:\/\/pokaa.fr\/wp-content\/uploads\/2025\/05\/13\/vinostrada-vin-terrasse-cachee-vitello-tonato-foie-gras-dessert-caviste-balcon-vinostrada-vin-terrasse-cachee-vitello-tonato-foie-gras-dessert-caviste-balcon-img-4479.jpeg\" decoding=\"async\" loading=\"lazy\"  \/>            <\/p>\n<p>                    Vino Strada. \u00a9 Bastien Pietronave \/ Pokaa<\/p>\n<p>Autre option\u00a0: pour faire voyager vos papilles, direction <a href=\"https:\/\/www.instagram.com\/o30.restaurant\/\" target=\"_blank\" rel=\"noopener nofollow\"><strong>\u00d430<\/strong><\/a> <strong>(30 rue des Juifs)<\/strong> : au menu, <strong>cuisine afro-fusion<\/strong>, soit des saveurs africaines revisit\u00e9es avec des influences fran\u00e7aises. De quoi surprendre votre palais avec des assiettes ensoleill\u00e9es.<\/p>\n<p>                <a href=\"https:\/\/pokaa.fr\/2024\/02\/17\/o30-a-strasbourg-cette-pepite-afro-donne-un-bon-coup-de-fouet-a-la-gastronomie-francaise-fusion\/\" rel=\"nofollow noopener\" target=\"_blank\"><br \/>\n                    <img width=\"450\" height=\"270\" src=\"https:\/\/www.europesays.com\/fr\/wp-content\/uploads\/2025\/11\/img-6745-450x270.jpg\" class=\"attachment-card-horizontal--same-subject size-card-horizontal--same-subject wp-post-image\" alt=\"\u00d4 30 restaurant\" decoding=\"async\" loading=\"lazy\"\/>                <\/a><\/p>\n<p>                <img width=\"375\" height=\"500\" src=\"https:\/\/www.europesays.com\/fr\/wp-content\/uploads\/2025\/11\/img-6722-375x500.jpg\" class=\"attachment-gallery size-gallery\" alt=\"\u00d4 30 restaurant\" data-full-url=\"https:\/\/pokaa.fr\/wp-content\/uploads\/2024\/02\/15\/img-6722.jpg\" decoding=\"async\" loading=\"lazy\"  \/>            <\/p>\n<p>                <img width=\"375\" height=\"500\" src=\"https:\/\/www.europesays.com\/fr\/wp-content\/uploads\/2025\/11\/img-5640-375x500.jpg\" class=\"attachment-gallery size-gallery\" alt=\"\u00d4 30 restaurant\" data-full-url=\"https:\/\/pokaa.fr\/wp-content\/uploads\/2024\/02\/15\/img-5640.jpg\" decoding=\"async\" loading=\"lazy\"  \/>            <\/p>\n<p>                    \u00a9 Vivien Latuner \/ Pokaa<\/p>\n<p>\u00c9tape 12 : finir la soir\u00e9e en beaut\u00e9<\/p>\n<p>Envie de prolonger encore un peu la soir\u00e9e\u00a0? Pour mettre la cerise sur le g\u00e2teau de cette journ\u00e9e, vous pouvez en profiter pour <strong>aller vous faire une toile au <a href=\"https:\/\/www.instagram.com\/cinemasstar67\/?hl=fr\" target=\"_blank\" rel=\"noopener nofollow\">Cin\u00e9ma Star<\/a> (27 rue du Jeu-des-Enfants),<\/strong> avec des salles ind\u00e9pendantes class\u00e9es art &amp; essai.<\/p>\n<p><strong>D\u2019ailleurs, le festival du film germanophone <a href=\"https:\/\/www.instagram.com\/festival.augenblick\/?hl=fr\" target=\"_blank\" rel=\"noopener nofollow\">Augenblick<\/a> revient du 4 au 21 novembre pour sa 21\u00e8me \u00e9dition\u00a0:<\/strong> de quoi d\u00e9couvrir les p\u00e9pites qui se cachent de l\u2019autre c\u00f4t\u00e9 du Rhin.<\/p>\n<p>                <img width=\"375\" height=\"500\" src=\"https:\/\/www.europesays.com\/fr\/wp-content\/uploads\/2025\/10\/img-9882-375x500.jpeg\" class=\"attachment-gallery size-gallery\" alt=\"star cin\u00e9ma\" data-full-url=\"https:\/\/pokaa.fr\/wp-content\/uploads\/2025\/07\/15\/img-9882.jpeg\" decoding=\"async\" loading=\"lazy\"  \/>            <\/p>\n<p>                <img width=\"822\" height=\"500\" src=\"https:\/\/www.europesays.com\/fr\/wp-content\/uploads\/2025\/11\/img-0464-822x500.jpg\" class=\"attachment-gallery size-gallery\" alt=\"cin\u00e9ma star\" data-full-url=\"https:\/\/pokaa.fr\/wp-content\/uploads\/2023\/06\/img-0464.jpg\" decoding=\"async\" loading=\"lazy\"  \/>            <\/p>\n<p>                    1. \u00a9 Anthony Jilli \/ Pokaa ; 2. \u00a9 Nicolas Kaspar \/ Pokaa<\/p>\n<p>Autre option de sortie\u00a0: <strong>l\u2019\u00e9glise protestante Saint-Pierre-le-Jeune (place Saint-Pierre-le-Jeune) propose <a href=\"https:\/\/www.saintpierrelejeune.org\/Vie-culturelle_r96.html\" target=\"_blank\" rel=\"noopener nofollow\">une programmation culturelle<\/a> \u00e0 l\u2019ann\u00e9e <\/strong>avec veill\u00e9es musicales, concerts ou encore expositions.<\/p>\n<p>                <img width=\"375\" height=\"500\" src=\"https:\/\/www.europesays.com\/fr\/wp-content\/uploads\/2025\/11\/img-7347-375x500.jpg\" class=\"attachment-gallery size-gallery\" alt=\"Galerie Saint Pierre le Jeune Catholique\" data-full-url=\"https:\/\/pokaa.fr\/wp-content\/uploads\/2023\/01\/img-7347-1500x2000.jpg\" decoding=\"async\" loading=\"lazy\"  \/>            <\/p>\n<p>                <img width=\"375\" height=\"500\" src=\"https:\/\/www.europesays.com\/fr\/wp-content\/uploads\/2025\/11\/img-7348-375x500.jpg\" class=\"attachment-gallery size-gallery\" alt=\"Galerie Saint Pierre le Jeune Catholique\" data-full-url=\"https:\/\/pokaa.fr\/wp-content\/uploads\/2023\/01\/img-7348-1500x2000.jpg\" decoding=\"async\" loading=\"lazy\"  \/>            <\/p>\n<p>                <img width=\"529\" height=\"500\" src=\"https:\/\/www.europesays.com\/fr\/wp-content\/uploads\/2025\/11\/img-7341-529x500.jpg\" class=\"attachment-gallery size-gallery\" alt=\"Vitrail  Saint Pierre le Jeune Catholique\" data-full-url=\"https:\/\/pokaa.fr\/wp-content\/uploads\/2023\/01\/img-7341-1500x1417.jpg\" decoding=\"async\" loading=\"lazy\"  \/>            <\/p>\n<p>                <img width=\"497\" height=\"500\" src=\"https:\/\/www.europesays.com\/fr\/wp-content\/uploads\/2025\/11\/eglise-protestante-saint-pierre-le-jeune-strasbourg-2-497x500.jpg\" class=\"attachment-gallery size-gallery\" alt=\"\u00c9glise protestante Saint Pierre le Jeune\" data-full-url=\"https:\/\/pokaa.fr\/wp-content\/uploads\/2024\/10\/29\/eglise-protestante-saint-pierre-le-jeune-strasbourg-2.jpg\" decoding=\"async\" loading=\"lazy\"  \/>            <\/p>\n<p>                    \u00c9glise Saint-Pierre-le-Jeune. 1. \u00e0 3. \u00a9 J\u00e9r\u00e9my Martin \/ Pokaa ; 4. \u00a9 Robert Cutts &#8211; Wikimedia Commons \/ Document remis<\/p>\n<p>Pour acc\u00e9der au centre sans s\u2019encombrer de sa voiture, on a l\u2019option bicyclette, pour profiter encore un peu avant le retour des temp\u00e9ratures d\u2019hiver.<\/p>\n<p>Si l\u2019on vient de plus loin (et qu\u2019on ne prend pas le train), on pense \u00e0 <b>l\u2019offre de parking-relais tram (P+R)<\/b>, ou aux <b>parkings place Gutenberg, Austerlitz <\/b>et les nombreux arr\u00eats de tram \u00e0 proximit\u00e9.<\/p>\n<p><strong>Bon plan<\/strong> <strong>: ce samedi 15 et dimanche 16 novembre, <a href=\"https:\/\/www.cts-strasbourg.eu\/fr\/Article\/GRATUITE-DU-RESEAU-CTS\/#:~:text=Samedi%2015%20%26%20Dimanche%2016%20novembre,Le%20samedi%2015%20novembre%202025\" target=\"_blank\" rel=\"noopener nofollow\">les trams, bus et parkings-relais seront gratuits<\/a> \u00e0 l\u2019occasion de l\u2019inauguration de l\u2019extension de la ligne F jusqu\u2019\u00e0 Wolfisheim !\u00a0<\/strong><\/p>\n<p>    <img width=\"800\" height=\"533\" src=\"https:\/\/www.europesays.com\/fr\/wp-content\/uploads\/2025\/09\/dsc02243-800x533.jpg\" class=\"attachment-image-size-L size-image-size-L\" alt=\"tram poteries tram ouest\" decoding=\"async\" loading=\"lazy\"  \/>         \u00a9 Anthony Jilli \/ Pokaa <\/p>\n<p><strong>L\u2019escapade se termine, la soir\u00e9e est d\u00e9j\u00e0 bien avanc\u00e9e\u00a0: il ne reste plus qu\u2019\u00e0 doucement arpenter les rues rafra\u00eechies par l\u2019automne pour rentrer chez soi, en profitant des paysages brumeux de la saison, apr\u00e8s une journ\u00e9e bien remplie.<\/strong><\/p>\n<p style=\"text-align: center;\"><strong>Et vous, c\u2019est quoi vos bons plans pour profiter d\u2019une belle journ\u00e9e dans la Grande \u00cele ?\u00a0<\/strong><\/p>\n<p>                <img width=\"750\" height=\"500\" src=\"https:\/\/www.europesays.com\/fr\/wp-content\/uploads\/2025\/11\/dsc-6152-750x500.jpg\" class=\"attachment-gallery size-gallery\" alt=\"art nouveau fa\u00e7ade fresque\" data-full-url=\"https:\/\/pokaa.fr\/wp-content\/uploads\/2025\/11\/04\/dsc-6152.jpg\" decoding=\"async\" loading=\"lazy\"  \/>            <\/p>\n<p>                <img width=\"750\" height=\"500\" src=\"https:\/\/www.europesays.com\/fr\/wp-content\/uploads\/2025\/11\/dsc-6217-750x500.jpg\" class=\"attachment-gallery size-gallery\" alt=\"banderoles guirlandes fa\u00e7ade\" data-full-url=\"https:\/\/pokaa.fr\/wp-content\/uploads\/2025\/11\/04\/dsc-6217.jpg\" decoding=\"async\" loading=\"lazy\"  \/>            <\/p>\n<p>                <img width=\"750\" height=\"500\" src=\"https:\/\/www.europesays.com\/fr\/wp-content\/uploads\/2025\/11\/dsc-6226-750x500.jpg\" class=\"attachment-gallery size-gallery\" alt=\"Street art\" data-full-url=\"https:\/\/pokaa.fr\/wp-content\/uploads\/2025\/11\/04\/dsc-6226.jpg\" decoding=\"async\" loading=\"lazy\"  \/>            <\/p>\n<p>                <img width=\"750\" height=\"500\" src=\"https:\/\/www.europesays.com\/fr\/wp-content\/uploads\/2025\/11\/dsc-6208-750x500.jpg\" class=\"attachment-gallery size-gallery\" alt=\"rue des fr\u00e8res\" data-full-url=\"https:\/\/pokaa.fr\/wp-content\/uploads\/2025\/11\/04\/dsc-6208.jpg\" decoding=\"async\" loading=\"lazy\"  \/>            <\/p>\n<p>                <img width=\"750\" height=\"500\" src=\"https:\/\/www.europesays.com\/fr\/wp-content\/uploads\/2025\/11\/dsc-5859-750x500.jpg\" class=\"attachment-gallery size-gallery\" alt=\"place du ch\u00e2teau fustel automne\" data-full-url=\"https:\/\/pokaa.fr\/wp-content\/uploads\/2025\/11\/04\/dsc-5859.jpg\" decoding=\"async\" loading=\"lazy\"  \/>            <\/p>\n<p>                    \u00a9 Marie Goehner-David \/ Pokaa<\/p>\n<p><script async src=\"\/\/www.instagram.com\/embed.js\"><\/script><\/p>\n","protected":false},"excerpt":{"rendered":"\u00c0 Strasbourg, le mois de novembre est d\u00e9sormais bien install\u00e9, avec ses couleurs qui r\u00e9chauffent le teint de&hellip;\n","protected":false},"author":2,"featured_media":530249,"comment_status":"","ping_status":"","sticky":false,"template":"","format":"standard","meta":{"footnotes":""},"categories":[2820],"tags":[1111,11,13632,7552,1777,674,1011,27,775,24437,12,12618,3907,64920,25,640,64921,64922],"class_list":{"0":"post-530248","1":"post","2":"type-post","3":"status-publish","4":"format-standard","5":"has-post-thumbnail","7":"category-strasbourg","8":"tag-actu","9":"tag-actualites","10":"tag-automne","11":"tag-balade","12":"tag-eu","13":"tag-europe","14":"tag-fr","15":"tag-france","16":"tag-grand-est","17":"tag-grande-ile","18":"tag-news","19":"tag-parcours","20":"tag-que-faire","21":"tag-que-faire-a-strasbourg","22":"tag-republique-francaise","23":"tag-strasbourg","24":"tag-un-week-end-a-strasbourg","25":"tag-une-journee-a-strasbourg"},"share_on_mastodon":{"url":"https:\/\/pubeurope.com\/@fr\/115539841849460490","error":""},"_links":{"self":[{"href":"https:\/\/www.europesays.com\/fr\/wp-json\/wp\/v2\/posts\/530248","targetHints":{"allow":["GET"]}}],"collection":[{"href":"https:\/\/www.europesays.com\/fr\/wp-json\/wp\/v2\/posts"}],"about":[{"href":"https:\/\/www.europesays.com\/fr\/wp-json\/wp\/v2\/types\/post"}],"author":[{"embeddable":true,"href":"https:\/\/www.europesays.com\/fr\/wp-json\/wp\/v2\/users\/2"}],"replies":[{"embeddable":true,"href":"https:\/\/www.europesays.com\/fr\/wp-json\/wp\/v2\/comments?post=530248"}],"version-history":[{"count":0,"href":"https:\/\/www.europesays.com\/fr\/wp-json\/wp\/v2\/posts\/530248\/revisions"}],"wp:featuredmedia":[{"embeddable":true,"href":"https:\/\/www.europesays.com\/fr\/wp-json\/wp\/v2\/media\/530249"}],"wp:attachment":[{"href":"https:\/\/www.europesays.com\/fr\/wp-json\/wp\/v2\/media?parent=530248"}],"wp:term":[{"taxonomy":"category","embeddable":true,"href":"https:\/\/www.europesays.com\/fr\/wp-json\/wp\/v2\/categories?post=530248"},{"taxonomy":"post_tag","embeddable":true,"href":"https:\/\/www.europesays.com\/fr\/wp-json\/wp\/v2\/tags?post=530248"}],"curies":[{"name":"wp","href":"https:\/\/api.w.org\/{rel}","templated":true}]}}