{"id":530254,"date":"2025-11-13T01:39:13","date_gmt":"2025-11-13T01:39:13","guid":{"rendered":"https:\/\/www.europesays.com\/fr\/530254\/"},"modified":"2025-11-13T01:39:13","modified_gmt":"2025-11-13T01:39:13","slug":"municipales-a-nantes-place-publique-aura-bien-deux-places-sur-la-liste-de-johanna-rolland","status":"publish","type":"post","link":"https:\/\/www.europesays.com\/fr\/530254\/","title":{"rendered":"Municipales \u00e0 Nantes. Place publique aura bien deux places sur la liste de Johanna Rolland"},"content":{"rendered":"<p><a href=\"https:\/\/nantes.maville.com\/actu\/actudet_-municipales-a-nantes.-place-publique-trop-gourmand-premier-accroc-sur-le-chemin-d-une-gauche-unie-_52716-7045180_actu.Htm\" target=\"_self\" rel=\"noopener\">Place publique<\/a> devrait \u00eatre sur la photo de famille d\u2019une gauche au grand complet, vendredi 21\u00a0novembre, pour le meeting de lancement de la campagne de Johanna Rolland, maire sortante (PS) de Nantes, dans les salons Mauduit.<\/p>\n<p>Un accord a \u00e9t\u00e9 trouv\u00e9 ce mercredi soir. Place publique, qui revendiquait deux places sur la liste de Johanna Rolland, les a obtenues. Selon nos informations, il s\u2019agirait de deux places en position \u00e9ligible, avec la perspective, en cas de victoire de la gauche, d\u2019une place d\u2019adjoint ou d\u2019adjointe.<\/p>\n<p>\u00a0<\/p>\n","protected":false},"excerpt":{"rendered":"Place publique devrait \u00eatre sur la photo de famille d\u2019une gauche au grand complet, vendredi 21\u00a0novembre, pour le&hellip;\n","protected":false},"author":2,"featured_media":530255,"comment_status":"","ping_status":"","sticky":false,"template":"","format":"standard","meta":{"footnotes":""},"categories":[2818],"tags":[1111,11,1777,674,1011,27,36294,5110,3554,766,12,2636,5536,18433,12299,25,36295],"class_list":{"0":"post-530254","1":"post","2":"type-post","3":"status-publish","4":"format-standard","5":"has-post-thumbnail","7":"category-nantes","8":"tag-actu","9":"tag-actualites","10":"tag-eu","11":"tag-europe","12":"tag-fr","13":"tag-france","14":"tag-johanna","15":"tag-liste","16":"tag-municipales","17":"tag-nantes","18":"tag-news","19":"tag-pays-de-la-loire","20":"tag-place","21":"tag-places","22":"tag-publique","23":"tag-republique-francaise","24":"tag-rolland"},"share_on_mastodon":{"url":"https:\/\/pubeurope.com\/@fr\/115539841321386932","error":""},"_links":{"self":[{"href":"https:\/\/www.europesays.com\/fr\/wp-json\/wp\/v2\/posts\/530254","targetHints":{"allow":["GET"]}}],"collection":[{"href":"https:\/\/www.europesays.com\/fr\/wp-json\/wp\/v2\/posts"}],"about":[{"href":"https:\/\/www.europesays.com\/fr\/wp-json\/wp\/v2\/types\/post"}],"author":[{"embeddable":true,"href":"https:\/\/www.europesays.com\/fr\/wp-json\/wp\/v2\/users\/2"}],"replies":[{"embeddable":true,"href":"https:\/\/www.europesays.com\/fr\/wp-json\/wp\/v2\/comments?post=530254"}],"version-history":[{"count":0,"href":"https:\/\/www.europesays.com\/fr\/wp-json\/wp\/v2\/posts\/530254\/revisions"}],"wp:featuredmedia":[{"embeddable":true,"href":"https:\/\/www.europesays.com\/fr\/wp-json\/wp\/v2\/media\/530255"}],"wp:attachment":[{"href":"https:\/\/www.europesays.com\/fr\/wp-json\/wp\/v2\/media?parent=530254"}],"wp:term":[{"taxonomy":"category","embeddable":true,"href":"https:\/\/www.europesays.com\/fr\/wp-json\/wp\/v2\/categories?post=530254"},{"taxonomy":"post_tag","embeddable":true,"href":"https:\/\/www.europesays.com\/fr\/wp-json\/wp\/v2\/tags?post=530254"}],"curies":[{"name":"wp","href":"https:\/\/api.w.org\/{rel}","templated":true}]}}