{"id":530256,"date":"2025-11-13T01:40:43","date_gmt":"2025-11-13T01:40:43","guid":{"rendered":"https:\/\/www.europesays.com\/fr\/530256\/"},"modified":"2025-11-13T01:40:43","modified_gmt":"2025-11-13T01:40:43","slug":"le-record-de-chaleur-en-novembre-sera-t-il-battu","status":"publish","type":"post","link":"https:\/\/www.europesays.com\/fr\/530256\/","title":{"rendered":"le record de chaleur en novembre sera-t-il battu\u00a0?"},"content":{"rendered":"<p>                    Par<br \/>\n        <strong><br \/>\n            <a href=\"https:\/\/actu.fr\/auteur\/thomas-bernard\" title=\"Consulter tous les articles de Thomas Bernard\" target=\"_blank\" rel=\"noopener\">Thomas Bernard<\/a><br \/>\n                    <\/strong><\/p>\n<p>        Publi\u00e9 le<\/p>\n<p>            12 nov. 2025 \u00e0 15h19        <\/p>\n<p>Une m\u00e9t\u00e9o quasi printani\u00e8re en novembre \u00e0 Nantes. Les temp\u00e9ratures sont relativement douces en cette p\u00e9riode de l\u2019ann\u00e9e. Ce mercredi 12\u00a0novembre 2025, le ciel devrait \u00eatre ensoleill\u00e9 avec quelques nuages. D\u2019apr\u00e8s les pr\u00e9visions de <a href=\"https:\/\/meteofrance.com\/previsions-meteo-france\/nantes\/44000\" target=\"_blank\" rel=\"noopener\">M\u00e9t\u00e9o-France<\/a>, le thermom\u00e8tre <b>devrait afficher 20 degr\u00e9s aux environs de 16h<\/b>, ce mercredi. La r\u00e9daction d\u2019<a href=\"https:\/\/actu.fr\/nantes\/\" target=\"_blank\" rel=\"noopener\">actu Nantes<\/a> a \u00e9chang\u00e9 avec St\u00e9ven Tual, fondateur de <a href=\"https:\/\/x.com\/Temps_Breton\">Temps Breton<\/a>, pour comprendre ce ph\u00e9nom\u00e8ne m\u00e9t\u00e9orologique.<\/p>\n<p>Sept degr\u00e9s au-dessus des normales de saison<\/p>\n<p class=\" wall-content\">\u00c0 Nantes, la moyenne des normales de saison pour un mois de novembre est de <b>13 degr\u00e9s<\/b>. En affichant 20 degr\u00e9s, le mercure devrait \u00eatre sup\u00e9rieur de 7 degr\u00e9s par rapport aux normales. Comme l\u2019explique St\u00e9ven Tual, une vague de douceur est en action sur le continent.<\/p>\n<blockquote class=\"ac-article-quote wall-content\">\n<p>\u00ab\u2009C\u2019est un ph\u00e9nom\u00e8ne qui se pr\u00e9sente sur toute l\u2019Europe. Il n\u2019y a pas d\u2019exception, que vous soyez en France, en Roumanie ou en Allemagne, les temp\u00e9ratures sont d\u00e9mesur\u00e9es pour cette p\u00e9riode de l\u2019ann\u00e9e. On a une d\u00e9pression qui est situ\u00e9e au niveau des A\u00e7ores et sa position permet \u00e0 de l\u2019air chaud de remonter directement d\u2019Afrique. C\u2019est comme si l\u2019h\u00e9misph\u00e8re nord c\u2019\u00e9tait un ballon de baudruche et que la d\u00e9pression c\u2019\u00e9tait votre poing qui appuyait sur le ballon. De l\u2019autre c\u00f4t\u00e9 du ballon, vous avez de l\u2019air qui remonte. La partie du ballon qui remonte, repr\u00e9senterait l\u2019air chaud qui remonte vers la France.\u2009\u00bb<\/p>\n<p>St\u00e9ven Tual, fondateur de Temps Breton<\/p><\/blockquote>\n<p>Des orages pour la fin de semaine<\/p>\n<p class=\" wall-content\">\u00c0 Nantes, le record de douceur pour un mois de novembre a \u00e9t\u00e9 recens\u00e9 le 1er\u00a0novembre 2025. Ce jour-l\u00e0, le thermom\u00e8tre avait <b>enregistr\u00e9 21,8\u00b0C dans la cit\u00e9 des ducs de Bretagne<\/b>.<\/p>\n<p class=\" wall-content\">D\u2019ici la fin de semaine, la douceur va se transformer en temps orageux. Un air froid va s\u2019immiscer par la Scandinavie \u00e0 partir de vendredi.<\/p>\n<p class=\" wall-content\">\u00ab\u2009L\u2019air chaud va rentrer en conflit avec de l\u2019air froid, \u00e7a devrait g\u00e9n\u00e9rer une situation potentiellement avec des orages pour vendredi. Et puis \u00e0 partir de dimanche, il faudra s\u2019attendre \u00e0 une baisse du mercure\u2009\u00bb, pr\u00e9vient St\u00e9ven Tual.<\/p>\n<p>Votre r\u00e9gion, votre actu !<\/p>\n<p>Recevez chaque jour les infos qui comptent pour vous.<\/p>\n<p>\t<a href=\"https:\/\/actu.fr\/newsletter\" class=\"ac-btn ac-btn--corner ac-btn--medium ac-btn--blue800\" target=\"_blank\" rel=\"noopener\">S&rsquo;incrire<\/a><\/p>\n<p class=\" wall-content\">Les temp\u00e9ratures devraient \u00eatre plus fra\u00eeches la semaine prochaine, comparables aux normales de saison. Soyez pr\u00eats \u00e0 ressortir les gants et le bonnet de votre placard.<\/p>\n<p class=\" wall-content\">Personnalisez votre actualit\u00e9 en ajoutant vos villes et m\u00e9dias en favori avec <a href=\"https:\/\/moncompte.actu.fr\" title=\"D\u00e9couvez Mon Actu\" rel=\"nofollow noopener\" data-trk=\"{&quot;cta&quot;:{&quot;action&quot;:&quot;https:\\\/\\\/moncompte.actu.fr&quot;,&quot;category&quot;:&quot;mon compte&quot;,&quot;from&quot;:&quot;article footer&quot;,&quot;name&quot;:&quot;Mon actu&quot;,&quot;type&quot;:&quot;cta&quot;}}\" target=\"_blank\">Mon Actu<\/a>.<\/p>\n","protected":false},"excerpt":{"rendered":"Par Thomas Bernard Publi\u00e9 le 12 nov. 2025 \u00e0 15h19 Une m\u00e9t\u00e9o quasi printani\u00e8re en novembre \u00e0 Nantes.&hellip;\n","protected":false},"author":2,"featured_media":530257,"comment_status":"","ping_status":"","sticky":false,"template":"","format":"standard","meta":{"footnotes":""},"categories":[2818],"tags":[1111,11,1777,674,1011,27,2487,2357,766,12,4594,2636,25],"class_list":{"0":"post-530256","1":"post","2":"type-post","3":"status-publish","4":"format-standard","5":"has-post-thumbnail","7":"category-nantes","8":"tag-actu","9":"tag-actualites","10":"tag-eu","11":"tag-europe","12":"tag-fr","13":"tag-france","14":"tag-meteo","15":"tag-meteo-france","16":"tag-nantes","17":"tag-news","18":"tag-orages","19":"tag-pays-de-la-loire","20":"tag-republique-francaise"},"share_on_mastodon":{"url":"https:\/\/pubeurope.com\/@fr\/115539845003209710","error":""},"_links":{"self":[{"href":"https:\/\/www.europesays.com\/fr\/wp-json\/wp\/v2\/posts\/530256","targetHints":{"allow":["GET"]}}],"collection":[{"href":"https:\/\/www.europesays.com\/fr\/wp-json\/wp\/v2\/posts"}],"about":[{"href":"https:\/\/www.europesays.com\/fr\/wp-json\/wp\/v2\/types\/post"}],"author":[{"embeddable":true,"href":"https:\/\/www.europesays.com\/fr\/wp-json\/wp\/v2\/users\/2"}],"replies":[{"embeddable":true,"href":"https:\/\/www.europesays.com\/fr\/wp-json\/wp\/v2\/comments?post=530256"}],"version-history":[{"count":0,"href":"https:\/\/www.europesays.com\/fr\/wp-json\/wp\/v2\/posts\/530256\/revisions"}],"wp:featuredmedia":[{"embeddable":true,"href":"https:\/\/www.europesays.com\/fr\/wp-json\/wp\/v2\/media\/530257"}],"wp:attachment":[{"href":"https:\/\/www.europesays.com\/fr\/wp-json\/wp\/v2\/media?parent=530256"}],"wp:term":[{"taxonomy":"category","embeddable":true,"href":"https:\/\/www.europesays.com\/fr\/wp-json\/wp\/v2\/categories?post=530256"},{"taxonomy":"post_tag","embeddable":true,"href":"https:\/\/www.europesays.com\/fr\/wp-json\/wp\/v2\/tags?post=530256"}],"curies":[{"name":"wp","href":"https:\/\/api.w.org\/{rel}","templated":true}]}}