{"id":530283,"date":"2025-11-13T01:56:19","date_gmt":"2025-11-13T01:56:19","guid":{"rendered":"https:\/\/www.europesays.com\/fr\/530283\/"},"modified":"2025-11-13T01:56:19","modified_gmt":"2025-11-13T01:56:19","slug":"linstitut-francais-de-la-mode-annonce-le-retour-de-fashion-reboot","status":"publish","type":"post","link":"https:\/\/www.europesays.com\/fr\/530283\/","title":{"rendered":"L&rsquo;Institut Fran\u00e7ais de la Mode annonce le retour de Fashion Reboot"},"content":{"rendered":"<p>\n                                    <b>Publi\u00e9 le<\/b><br \/>\n                                    <\/p>\n<p>                                        12 novembre 2025<\/p>\n<p class=\"article-content col-md-8 offset-md-1\">\n                                L\u2019Institut Fran\u00e7ais de la Mode (IFM) donne rendez-vous aux acteurs du textile, de la mode et du luxe le 27 novembre, \u00e0 Paris, pour son \u00e9v\u00e9nement annuel Fashion Reboot. Ce rendez-vous s\u2019impose comme un moment cl\u00e9 pour comprendre les \u00e9volutions qui bousculent un secteur en perp\u00e9tuelle \u00e9volution.<\/p>\n<p><img decoding=\"async\" class=\"news-image\" style=\"width:100%;\" src=\"https:\/\/www.europesays.com\/fr\/wp-content\/uploads\/2025\/11\/05fa.jpg\" alt=\"Shutterstock\" loading=\"lazy\"\/>Shutterstock <\/p>\n<p class=\"col-md-8 offset-md-1 article-content--texte\">La journ\u00e9e, anim\u00e9e par Lucas Delattre, professeur \u00e0 l\u2019IFM, sera ouverte par Xavier Romatet, directeur g\u00e9n\u00e9ral de l\u2019Institut. Le programme du matin explorera les grands bouleversements \u00e9conomiques et g\u00e9opolitiques. Alain Frachon, \u00e9ditorialiste au Monde, reviendra sur la nouvelle logique de blocus qui impacte la mode mondiale. Denis Ferrand, directeur g\u00e9n\u00e9ral de Rexecode, analysera les tensions \u00e9conomiques actuelles.<\/p>\n<p>Une capsule pr\u00e9sentera ensuite \u201cLa nouvelle vague streetwear : l\u2019uniforme d\u2019une g\u00e9n\u00e9ration ?\u201d, port\u00e9e par L\u00e9o Dentant, fondateur de Henny. Suivront des interventions sur la distribution mondiale des grands magasins, la mont\u00e9e en puissance des nouveaux acteurs du march\u00e9, et une r\u00e9flexion sur la consommation fran\u00e7aise men\u00e9e par Agn\u00e8s Crozet et Boris Descarrega de l\u2019ObSoCo.<\/p>\n<p class=\"col-md-8 offset-md-1 article-content--texte\">L\u2019apr\u00e8s-midi sera consacr\u00e9e aux transformations culturelles et technologiques du secteur. Les \u00e9tudiants du Mast\u00e8re Sp\u00e9cialis\u00e9 Management de la Mode et du Luxe pr\u00e9senteront leur documentaire \u201cFaire Core\u201d, avant une discussion sur l\u2019usage de l\u2019intelligence artificielle dans la mode, illustr\u00e9e par l\u2019exemple d\u2019ETAM avec son CEO Laurent Milchior.<\/p>\n<p>Les questions environnementales seront \u00e9galement au c\u0153ur des d\u00e9bats. Dominique Jacomet et Caroline Ardelet aborderont la r\u00e9gulation europ\u00e9enne et l\u2019affichage environnemental. Enfin, la journ\u00e9e se conclura sur deux regards crois\u00e9s: l\u2019un sur le succ\u00e8s populaire des d\u00e9fil\u00e9s et expositions de mode avec \u00c9milie Hammen et Benjamin Simmenauer, et l\u2019autre sur le mod\u00e8le r\u00e9silient de Kiabi, pr\u00e9sent\u00e9 par sa pr\u00e9sidente \u00c9lisabeth Cunin.<\/p>\n<p>Ce Fashion Reboot se tiendra rue Mazarine \u00e0 Paris, dans le VIe arrondissement. L\u2019\u00e9v\u00e9nement est payant, avec des tarifs d\u00e9gressifs selon le nombre de participants.\u00a0\n                            <\/p>\n<p>\n                                Tous droits de reproduction et de repr\u00e9sentation r\u00e9serv\u00e9s.<br \/>\u00a9 2025 FashionNetwork.com\n                            <\/p>\n","protected":false},"excerpt":{"rendered":"Publi\u00e9 le 12 novembre 2025 L\u2019Institut Fran\u00e7ais de la Mode (IFM) donne rendez-vous aux acteurs du textile, de&hellip;\n","protected":false},"author":2,"featured_media":530284,"comment_status":"","ping_status":"","sticky":false,"template":"","format":"standard","meta":{"footnotes":""},"categories":[1888],"tags":[11,2424,537,2423,1777,674,1011,27,2425,985,12,2298,626,2426,2427,25,2421,2422],"class_list":{"0":"post-530283","1":"post","2":"type-post","3":"status-publish","4":"format-standard","5":"has-post-thumbnail","7":"category-paris","8":"tag-actualites","9":"tag-beaute","10":"tag-contact","11":"tag-cosmetiques","12":"tag-eu","13":"tag-europe","14":"tag-fr","15":"tag-france","16":"tag-luxe","17":"tag-mode","18":"tag-news","19":"tag-parfum","20":"tag-paris","21":"tag-professionnel","22":"tag-professionnels","23":"tag-republique-francaise","24":"tag-reseau","25":"tag-textile"},"share_on_mastodon":{"url":"https:\/\/pubeurope.com\/@fr\/115539908725897032","error":""},"_links":{"self":[{"href":"https:\/\/www.europesays.com\/fr\/wp-json\/wp\/v2\/posts\/530283","targetHints":{"allow":["GET"]}}],"collection":[{"href":"https:\/\/www.europesays.com\/fr\/wp-json\/wp\/v2\/posts"}],"about":[{"href":"https:\/\/www.europesays.com\/fr\/wp-json\/wp\/v2\/types\/post"}],"author":[{"embeddable":true,"href":"https:\/\/www.europesays.com\/fr\/wp-json\/wp\/v2\/users\/2"}],"replies":[{"embeddable":true,"href":"https:\/\/www.europesays.com\/fr\/wp-json\/wp\/v2\/comments?post=530283"}],"version-history":[{"count":0,"href":"https:\/\/www.europesays.com\/fr\/wp-json\/wp\/v2\/posts\/530283\/revisions"}],"wp:featuredmedia":[{"embeddable":true,"href":"https:\/\/www.europesays.com\/fr\/wp-json\/wp\/v2\/media\/530284"}],"wp:attachment":[{"href":"https:\/\/www.europesays.com\/fr\/wp-json\/wp\/v2\/media?parent=530283"}],"wp:term":[{"taxonomy":"category","embeddable":true,"href":"https:\/\/www.europesays.com\/fr\/wp-json\/wp\/v2\/categories?post=530283"},{"taxonomy":"post_tag","embeddable":true,"href":"https:\/\/www.europesays.com\/fr\/wp-json\/wp\/v2\/tags?post=530283"}],"curies":[{"name":"wp","href":"https:\/\/api.w.org\/{rel}","templated":true}]}}