{"id":530285,"date":"2025-11-13T01:57:15","date_gmt":"2025-11-13T01:57:15","guid":{"rendered":"https:\/\/www.europesays.com\/fr\/530285\/"},"modified":"2025-11-13T01:57:15","modified_gmt":"2025-11-13T01:57:15","slug":"le-nom-de-la-star-qui-va-lancer-les-illuminations-de-noel-sur-les-champs-elysees-devoilee","status":"publish","type":"post","link":"https:\/\/www.europesays.com\/fr\/530285\/","title":{"rendered":"Le nom de la star qui va lancer les illuminations de No\u00ebl sur les Champs-\u00c9lys\u00e9es d\u00e9voil\u00e9e"},"content":{"rendered":"<p><a href=\"https:\/\/www.20minutes.fr\/arts-stars\/cinema\/festival_de_cannes\/4091213-20240515-lea-seydoux-mouvement-metoo-permis-plus-respect-tournages-films\" target=\"_blank\" class=\"c-link c-link--is-underlined\" rel=\"nofollow noopener\">L\u00e9a Seydoux<\/a> va avoir la joie d\u2019appuyer sur l\u2019interrupteur. L\u2019actrice a \u00e9t\u00e9 d\u00e9sign\u00e9e pour lancer les <a href=\"https:\/\/www.20minutes.fr\/paris\/4123048-20241124-paris-passe-mode-popcorn-sale-noel-illuminations-champs-elysees\" target=\"_blank\" class=\"c-link c-link--is-underlined\" rel=\"nofollow noopener\">illuminations de No\u00ebl sur les Champs-\u00c9lys\u00e9es<\/a> le 16\u00a0novembre, a annonc\u00e9 mercredi le Comit\u00e9 Champs-\u00c9lys\u00e9es.<\/p>\n<p>Elle donnera le coup d\u2019envoi \u00e0 18h30 des illuminations sur les Champs-Elys\u00e9es, rituel des f\u00eates de fin d\u2019ann\u00e9e et du <a href=\"https:\/\/www.20minutes.fr\/paris\/\" target=\"_blank\" class=\"c-link c-link--is-underlined\" rel=\"nofollow noopener\">Paris<\/a> touristique, instaur\u00e9 en\u00a01980. Elle sera accompagn\u00e9e d\u2019un gar\u00e7on et d\u2019une fille de l\u2019association Petits Princes, qui r\u00e9alise les r\u00eaves d\u2019enfants gravement malades. Selon le pr\u00e9sident du comit\u00e9, Marc-Antoine Jamet, \u00ab\u00a0on sera entre tradition et innovation, modernit\u00e9 et classicisme\u00a0\u00bb.<\/p>\n<p>La tour Eiffel en guest-star<\/p>\n<p>Nouveaut\u00e9 pour cette \u00e9dition, la tour Eiffel scintillera le soir du lancement \u00ab\u00a0pendant cinq minutes\u00a0\u00bb pour \u00ab\u00a0r\u00e9pondre \u00e0 la plus belle avenue du monde\u00a0\u00bb. C\u00f4t\u00e9 spectacle, l\u2019artiste qu\u00e9b\u00e9coise Charlotte Cardin m\u00e8nera la danse et interpr\u00e9tera le morceau Tant pis pour elle.<\/p>\n<\/p>\n<p>Imagin\u00e9 par le concepteur Thierry Reboul, le spectacle est mis en lumi\u00e8re par Thomas Dechandon et confi\u00e9, comme les ann\u00e9es pr\u00e9c\u00e9dentes, \u00e0 \u00ab\u00a0la technologie exceptionnelle de Blach\u00e8re Illuminations\u00a0\u00bb, fournisseur officiel. Les d\u00e9corations orneront 400 arbres du 16\u00a0novembre au 4\u00a0janvier 2026 et scintilleront au quotidien d\u00e8s 17 heures, jusqu\u2019\u00e0 minuit, et m\u00eame une heure de plus les vendredis et samedis.<\/p>\n<p><a href=\"https:\/\/www.20minutes.fr\/paris\/\" target=\"_blank\" class=\"c-link c-btn c-btn--primary\" rel=\"nofollow noopener\">Nos articles sur Paris<\/a><\/p>\n<p>Ces illuminations correspondent \u00e0 \u00ab\u00a0la consommation de 2 foyers moyens fran\u00e7ais \u00e0 l\u2019ann\u00e9e\u00a0\u00bb, des chiffres en baisse depuis l\u2019utilisation de guirlandes LED, pr\u00e9cise le pr\u00e9sident du comit\u00e9. Marc-Antoine Jamet ambitionne de d\u00e9passer la barre des 150.000 spectateurs franchie en\u00a02024, gr\u00e2ce aux \u00ab\u00a0m\u00e9dias t\u00e9l\u00e9visuels\u00a0\u00bb et aux \u00ab\u00a0r\u00e9seaux sociaux\u00a0\u00bb.<\/p>\n","protected":false},"excerpt":{"rendered":"L\u00e9a Seydoux va avoir la joie d\u2019appuyer sur l\u2019interrupteur. L\u2019actrice a \u00e9t\u00e9 d\u00e9sign\u00e9e pour lancer les illuminations de&hellip;\n","protected":false},"author":2,"featured_media":530286,"comment_status":"","ping_status":"","sticky":false,"template":"","format":"standard","meta":{"footnotes":""},"categories":[1888],"tags":[11,6984,1777,674,1011,27,662,23660,12,15830,626,1306,25,133],"class_list":{"0":"post-530285","1":"post","2":"type-post","3":"status-publish","4":"format-standard","5":"has-post-thumbnail","7":"category-paris","8":"tag-actualites","9":"tag-champs-elysees","10":"tag-eu","11":"tag-europe","12":"tag-fr","13":"tag-france","14":"tag-ile-de-france","15":"tag-lea-seydoux","16":"tag-news","17":"tag-noel","18":"tag-paris","19":"tag-regions","20":"tag-republique-francaise","21":"tag-video"},"share_on_mastodon":{"url":"https:\/\/pubeurope.com\/@fr\/115539911873211740","error":""},"_links":{"self":[{"href":"https:\/\/www.europesays.com\/fr\/wp-json\/wp\/v2\/posts\/530285","targetHints":{"allow":["GET"]}}],"collection":[{"href":"https:\/\/www.europesays.com\/fr\/wp-json\/wp\/v2\/posts"}],"about":[{"href":"https:\/\/www.europesays.com\/fr\/wp-json\/wp\/v2\/types\/post"}],"author":[{"embeddable":true,"href":"https:\/\/www.europesays.com\/fr\/wp-json\/wp\/v2\/users\/2"}],"replies":[{"embeddable":true,"href":"https:\/\/www.europesays.com\/fr\/wp-json\/wp\/v2\/comments?post=530285"}],"version-history":[{"count":0,"href":"https:\/\/www.europesays.com\/fr\/wp-json\/wp\/v2\/posts\/530285\/revisions"}],"wp:featuredmedia":[{"embeddable":true,"href":"https:\/\/www.europesays.com\/fr\/wp-json\/wp\/v2\/media\/530286"}],"wp:attachment":[{"href":"https:\/\/www.europesays.com\/fr\/wp-json\/wp\/v2\/media?parent=530285"}],"wp:term":[{"taxonomy":"category","embeddable":true,"href":"https:\/\/www.europesays.com\/fr\/wp-json\/wp\/v2\/categories?post=530285"},{"taxonomy":"post_tag","embeddable":true,"href":"https:\/\/www.europesays.com\/fr\/wp-json\/wp\/v2\/tags?post=530285"}],"curies":[{"name":"wp","href":"https:\/\/api.w.org\/{rel}","templated":true}]}}