{"id":530287,"date":"2025-11-13T01:58:14","date_gmt":"2025-11-13T01:58:14","guid":{"rendered":"https:\/\/www.europesays.com\/fr\/530287\/"},"modified":"2025-11-13T01:58:14","modified_gmt":"2025-11-13T01:58:14","slug":"ukraine-le-g7-reflechit-a-la-maniere-damener-la-russie-a-des-negociations-de-paix-12-11-2025-a-2325","status":"publish","type":"post","link":"https:\/\/www.europesays.com\/fr\/530287\/","title":{"rendered":"Ukraine-Le G7 r\u00e9fl\u00e9chit \u00e0 la mani\u00e8re d&rsquo;amener la Russie \u00e0 des n\u00e9gociations de paix &#8211; 12\/11\/2025 \u00e0 23:25"},"content":{"rendered":"<p>\n par Daphne Psaledakis et Maria  Cheng\n<\/p>\n<p>\n Les ministres<br \/>\ndes Affaires \u00e9trang\u00e8re des pays membres du Groupe des Sept (G7)<br \/>\nont discut\u00e9 mercredi des moyens d&rsquo;accro\u00eetre la pression sur la<br \/>\nRussie, alors que des doutes subsistent quant \u00e0 la volont\u00e9 de<br \/>\nMoscou de n\u00e9gocier la fin du conflit en Ukraine.\n<\/p>\n<p>\n Le secr\u00e9taire d&rsquo;Etat am\u00e9ricain Marco Rubio \u00e9tait pr\u00e9sent \u00e0<br \/>\ncette r\u00e9union, organis\u00e9e au Canada, \u00e0 laquelle participait<br \/>\n\u00e9galement le ministre ukrainien des Affaires \u00e9trang\u00e8res Andrii<br \/>\nSybiha, qui a plaid\u00e9 pour que les alli\u00e9s de Kyiv renforcent ses<br \/>\ncapacit\u00e9s en mati\u00e8re de missiles \u00e0 longue port\u00e9e et soutiennent<br \/>\nson secteur \u00e9nerg\u00e9tique.\n<\/p>\n<p>\n Les relations entre la Russie et les Etats-Unis se sont<br \/>\nd\u00e9t\u00e9rior\u00e9es ces derni\u00e8res semaines alors que le pr\u00e9sident<br \/>\nam\u00e9ricain Donald Trump, frustr\u00e9 du manque de progr\u00e8s sur le<br \/>\ndossier ukrainien, a annul\u00e9 un sommet pr\u00e9vu avec son homologue<br \/>\nrusse Vladimir Poutine et a impos\u00e9 des sanctions contre Moscou<br \/>\npour la premi\u00e8re fois depuis son retour \u00e0 la Maison blanche.\n<\/p>\n<p>\n Les ministres des Affaires \u00e9trang\u00e8res du G7 ont publi\u00e9 une<br \/>\nd\u00e9claration commune dans laquelle ils ont de nouveau appel\u00e9 \u00e0 un<br \/>\ncessez-le-feu imm\u00e9diat et ont dit: \u00ab\u00a0Nous augmentons le co\u00fbt<br \/>\n\u00e9conomique pour la Russie et nous \u00e9tudions des mesures contre<br \/>\nles pays qui aident \u00e0 financer l&rsquo;effort de guerre russe.\u00a0\u00bb\n<\/p>\n<p>\n Kaja Kallas, haute repr\u00e9sentante de l&rsquo;Union europ\u00e9enne pour<br \/>\nles Affaires \u00e9trang\u00e8res, a d\u00e9clar\u00e9 \u00e0 Reuters en marge des<br \/>\nn\u00e9gociations que les discussions visaient \u00e0 accro\u00eetre la<br \/>\npression sur la Russie pour parvenir \u00e0 la paix.\n<\/p>\n<p>\n Apr\u00e8s avoir rencontr\u00e9 les ministres des Affaires \u00e9trang\u00e8res<br \/>\ndu G7, Andrii Sybiha a f\u00e9licit\u00e9 Washington pour les nouvelles<br \/>\nsanctions impos\u00e9es aux compagnies p\u00e9troli\u00e8res russes le mois<br \/>\ndernier.\n<\/p>\n<p>\n \u00ab\u00a0Nous devons continuer \u00e0 augmenter le co\u00fbt de la guerre pour<br \/>\n(Vladimir) Poutine et son r\u00e9gime, afin de forcer la Russie \u00e0<br \/>\nmettre fin \u00e0 la guerre\u00a0\u00bb, a-t-il \u00e9crit sur le r\u00e9seau social X.\n<\/p>\n<p>\n (Avec David Ljunggren, Michelle Nichols et Simon Lewis; version<br \/>\nfran\u00e7aise Camille Raynaud)<\/p>\n","protected":false},"excerpt":{"rendered":"par Daphne Psaledakis et Maria Cheng Les ministres des Affaires \u00e9trang\u00e8re des pays membres du Groupe des Sept&hellip;\n","protected":false},"author":2,"featured_media":2486,"comment_status":"","ping_status":"","sticky":false,"template":"","format":"standard","meta":{"footnotes":""},"categories":[1591],"tags":[400,11,398,408,405,1887,403,402,399,404,12,1885,1886,132,401,406,407],"class_list":{"0":"post-530287","1":"post","2":"type-post","3":"status-publish","4":"format-standard","5":"has-post-thumbnail","7":"category-russie","8":"tag-action-cac-40","9":"tag-actualites","10":"tag-bourse-de-paris","11":"tag-boursorama","12":"tag-cotations","13":"tag-federation-de-russie","14":"tag-indices-devises","15":"tag-investir","16":"tag-investissement","17":"tag-marche-boursier","18":"tag-news","19":"tag-russia","20":"tag-russian-federation","21":"tag-russie","22":"tag-sicav","23":"tag-trackers","24":"tag-warrants"},"share_on_mastodon":{"url":"https:\/\/pubeurope.com\/@fr\/115539916035548145","error":""},"_links":{"self":[{"href":"https:\/\/www.europesays.com\/fr\/wp-json\/wp\/v2\/posts\/530287","targetHints":{"allow":["GET"]}}],"collection":[{"href":"https:\/\/www.europesays.com\/fr\/wp-json\/wp\/v2\/posts"}],"about":[{"href":"https:\/\/www.europesays.com\/fr\/wp-json\/wp\/v2\/types\/post"}],"author":[{"embeddable":true,"href":"https:\/\/www.europesays.com\/fr\/wp-json\/wp\/v2\/users\/2"}],"replies":[{"embeddable":true,"href":"https:\/\/www.europesays.com\/fr\/wp-json\/wp\/v2\/comments?post=530287"}],"version-history":[{"count":0,"href":"https:\/\/www.europesays.com\/fr\/wp-json\/wp\/v2\/posts\/530287\/revisions"}],"wp:featuredmedia":[{"embeddable":true,"href":"https:\/\/www.europesays.com\/fr\/wp-json\/wp\/v2\/media\/2486"}],"wp:attachment":[{"href":"https:\/\/www.europesays.com\/fr\/wp-json\/wp\/v2\/media?parent=530287"}],"wp:term":[{"taxonomy":"category","embeddable":true,"href":"https:\/\/www.europesays.com\/fr\/wp-json\/wp\/v2\/categories?post=530287"},{"taxonomy":"post_tag","embeddable":true,"href":"https:\/\/www.europesays.com\/fr\/wp-json\/wp\/v2\/tags?post=530287"}],"curies":[{"name":"wp","href":"https:\/\/api.w.org\/{rel}","templated":true}]}}