{"id":53029,"date":"2025-04-26T00:11:15","date_gmt":"2025-04-26T00:11:15","guid":{"rendered":"https:\/\/www.europesays.com\/fr\/53029\/"},"modified":"2025-04-26T00:11:15","modified_gmt":"2025-04-26T00:11:15","slug":"les-poubelles-se-rebiffent-saint-etienne-croule-sous-les-dechets","status":"publish","type":"post","link":"https:\/\/www.europesays.com\/fr\/53029\/","title":{"rendered":"LES POUBELLES SE REBIFFENT : SAINT-\u00c9TIENNE CROULE SOUS LES D\u00c9CHETS"},"content":{"rendered":"<p>                <a href=\"https:\/\/42info.fr\/gagnez-vos-invitations-pour-le-concert-de-lady-gaga-a-lyon\/\" target=\"_blank\" aria-label=\"GAGNEZ VOS PLACES POUR LE CONCERT DE\" rel=\"noopener\"><img loading=\"lazy\" decoding=\"async\" src=\"https:\/\/www.europesays.com\/fr\/wp-content\/uploads\/2025\/04\/GAGNEZ-VOS-PLACES-POUR-LE-CONCERT-DE.jpg\" alt=\"\"   width=\"2240\" height=\"1260\"\/><\/a><\/p>\n<p>Les rues sont encombr\u00e9es de d\u00e9chets et le retour \u00e0 la normale n\u2019est pas imminent. Les habitants de Saint-\u00c9tienne, de l\u2019Ondaine et du Gier doivent slalomer entre les poubelles qui envahissent les trottoirs. Apr\u00e8s quinze jours sans collecte, les d\u00e9chets se sont accumul\u00e9s cr\u00e9ant une situation particuli\u00e8rement difficile pour les pi\u00e9tons.<\/p>\n<p>Saint-\u00c9tienne M\u00e9tropole (SEM) a confirm\u00e9 que le nettoyage complet des rues prendra du temps. Les \u00e9quipes font face \u00e0 un volume d\u2019ordures deux fois plus important que d\u2019habitude, tant pour les d\u00e9chets m\u00e9nagers que pour le tri s\u00e9lectif.<\/p>\n<p>Des conditions de travail difficiles pour les agents<\/p>\n<p>Le retard accumul\u00e9 s\u2019explique par plusieurs facteurs. Les bacs d\u00e9bordants, les d\u00e9chets d\u00e9pos\u00e9s hors des conteneurs et les mauvaises conditions m\u00e9t\u00e9orologiques r\u00e9centes compliquent consid\u00e9rablement la t\u00e2che des \u00e9boueurs et des agents municipaux de propret\u00e9.<\/p>\n<p>SEM appelle les habitants \u00e0 la patience et demande de limiter les comportements incivils pour faciliter le travail des agents qui fournissent d\u00e9j\u00e0 des efforts consid\u00e9rables.<\/p>\n<p>Pourquoi cette gr\u00e8ve de deux semaines ?<\/p>\n<p>Le mouvement social des \u00e9boueurs \u00e9tait motiv\u00e9 par des revendications concernant leurs conditions de travail et le manque de reconnaissance de leur profession. Les agents d\u00e9noncent notamment la d\u00e9gradation de leur situation depuis juillet 2023, quand la fr\u00e9quence de collecte est pass\u00e9e de trois \u00e0 deux fois par semaine. Ce changement aurait provoqu\u00e9 une mauvaise r\u00e9partition des d\u00e9chets et une surcharge des tourn\u00e9es.<\/p>\n<p>Des avanc\u00e9es limit\u00e9es pour les gr\u00e9vistes<\/p>\n<p>Si les agents ont obtenu le paiement int\u00e9gral de leurs jours de gr\u00e8ve, leurs autres revendications n\u2019ont \u00e9t\u00e9 que partiellement satisfaites. SEM s\u2019est engag\u00e9e \u00e0 mettre en place des groupes de travail concernant l\u2019organisation des tourn\u00e9es et \u00e0 ouvrir des discussions sur l\u2019am\u00e9lioration des conditions de s\u00e9curit\u00e9. Toutefois, ces discussions concernant la dangerosit\u00e9 du m\u00e9tier ne d\u00e9buteront pas avant 2026, ce qui constitue une attente consid\u00e9rable pour les agents.<\/p>\n<p>Vers un retour progressif \u00e0 la normale<\/p>\n<p>Selon les pr\u00e9visions de Saint-\u00c9tienne M\u00e9tropole, la situation devrait revenir \u00e0 la normale au milieu de la semaine prochaine. D\u2019ici l\u00e0, les habitants devront composer avec cette situation exceptionnelle et faire preuve de civisme pour faciliter le travail des \u00e9quipes de nettoyage.<\/p>\n<p>\u00a9 Photo 42info<\/p>\n","protected":false},"excerpt":{"rendered":"Les rues sont encombr\u00e9es de d\u00e9chets et le retour \u00e0 la normale n\u2019est pas imminent. Les habitants de&hellip;\n","protected":false},"author":2,"featured_media":53030,"comment_status":"","ping_status":"","sticky":false,"template":"","format":"standard","meta":{"footnotes":""},"categories":[9653],"tags":[1111,11,2430,14675,1777,674,1011,27,6151,3367,12,25,4001,10060],"class_list":{"0":"post-53029","1":"post","2":"type-post","3":"status-publish","4":"format-standard","5":"has-post-thumbnail","7":"category-saint-etienne","8":"tag-actu","9":"tag-actualites","10":"tag-auvergne-rhone-alpes","11":"tag-eboueurs","12":"tag-eu","13":"tag-europe","14":"tag-fr","15":"tag-france","16":"tag-greve","17":"tag-loire","18":"tag-news","19":"tag-republique-francaise","20":"tag-saint-etienne","21":"tag-saint-etienne-metropole"},"share_on_mastodon":{"url":"https:\/\/pubeurope.com\/@fr\/114401370743722943","error":""},"_links":{"self":[{"href":"https:\/\/www.europesays.com\/fr\/wp-json\/wp\/v2\/posts\/53029","targetHints":{"allow":["GET"]}}],"collection":[{"href":"https:\/\/www.europesays.com\/fr\/wp-json\/wp\/v2\/posts"}],"about":[{"href":"https:\/\/www.europesays.com\/fr\/wp-json\/wp\/v2\/types\/post"}],"author":[{"embeddable":true,"href":"https:\/\/www.europesays.com\/fr\/wp-json\/wp\/v2\/users\/2"}],"replies":[{"embeddable":true,"href":"https:\/\/www.europesays.com\/fr\/wp-json\/wp\/v2\/comments?post=53029"}],"version-history":[{"count":0,"href":"https:\/\/www.europesays.com\/fr\/wp-json\/wp\/v2\/posts\/53029\/revisions"}],"wp:featuredmedia":[{"embeddable":true,"href":"https:\/\/www.europesays.com\/fr\/wp-json\/wp\/v2\/media\/53030"}],"wp:attachment":[{"href":"https:\/\/www.europesays.com\/fr\/wp-json\/wp\/v2\/media?parent=53029"}],"wp:term":[{"taxonomy":"category","embeddable":true,"href":"https:\/\/www.europesays.com\/fr\/wp-json\/wp\/v2\/categories?post=53029"},{"taxonomy":"post_tag","embeddable":true,"href":"https:\/\/www.europesays.com\/fr\/wp-json\/wp\/v2\/tags?post=53029"}],"curies":[{"name":"wp","href":"https:\/\/api.w.org\/{rel}","templated":true}]}}