{"id":530292,"date":"2025-11-13T02:01:14","date_gmt":"2025-11-13T02:01:14","guid":{"rendered":"https:\/\/www.europesays.com\/fr\/530292\/"},"modified":"2025-11-13T02:01:14","modified_gmt":"2025-11-13T02:01:14","slug":"le-royaume-uni-choisit-le-nord-du-pays-de-galles-pour-sa-premiere-mini-centrale-nucleaire","status":"publish","type":"post","link":"https:\/\/www.europesays.com\/fr\/530292\/","title":{"rendered":"Le Royaume-Uni choisit le nord du Pays de Galles pour sa premi\u00e8re mini-centrale nucl\u00e9aire"},"content":{"rendered":"<p>Le Royaume-Uni a d\u00e9sign\u00e9 jeudi un site dans le nord du Pays de Galles pour l&rsquo;implantation de sa premi\u00e8re centrale nucl\u00e9aire \u00e0 petit r\u00e9acteur modulaire (SMR), poursuivant ainsi ses ambitions d&rsquo;expansion de l&rsquo;infrastructure nucl\u00e9aire nationale, malgr\u00e9 des critiques \u00e9manant des \u00c9tats-Unis.<\/p>\n<p>Le gouvernement britannique avait annonc\u00e9 en juin un investissement de 2,5 milliards de livres sterling (3,36 milliards de dollars) dans les SMR, des installations moins co\u00fbteuses et plus rapides \u00e0 construire que les centrales nucl\u00e9aires traditionnelles de grande taille. Cette initiative vise \u00e0 renforcer la s\u00e9curit\u00e9 \u00e9nerg\u00e9tique du pays tout en contribuant \u00e0 l&rsquo;atteinte des objectifs climatiques.<\/p>\n<p>Le choix de Wylfa, sur l&rsquo;\u00eele d&rsquo;Anglesey dans le nord du Pays de Galles, comme site du premier SMR, a \u00e9t\u00e9 vertement critiqu\u00e9 par l&rsquo;ambassadeur am\u00e9ricain, via un communiqu\u00e9 inhabituellement ferme publi\u00e9 \u00e0 la veille de l&rsquo;annonce officielle.<\/p>\n<p>Les \u00c9tats-Unis militaient pour un projet de grande ampleur \u00e0 Wylfa, qui abritait d\u00e9j\u00e0 une ancienne centrale nucl\u00e9aire, mise \u00e0 l&rsquo;arr\u00eat en 2015.<\/p>\n<p>Selon le gouvernement britannique, l&rsquo;expansion du parc nucl\u00e9aire pourrait \u00e9galement inclure la construction d&rsquo;une nouvelle centrale de grande taille. \u00c0 cet effet, il a charg\u00e9 l&rsquo;entreprise publique GB Energy-Nuclear d&rsquo;identifier un site adapt\u00e9 pour un tel projet d&rsquo;ici l&rsquo;automne 2026.<\/p>\n<p>En juin, l&rsquo;ex\u00e9cutif avait d\u00e9j\u00e0 retenu un mod\u00e8le de SMR d\u00e9velopp\u00e9 par Rolls-Royce.<\/p>\n<p>Les nouveaux mini-r\u00e9acteurs devraient fournir de l&rsquo;\u00e9lectricit\u00e9 \u00e0 l&rsquo;\u00e9quivalent de 3\u00a0millions de foyers et g\u00e9n\u00e9rer jusqu&rsquo;\u00e0 3\u00a0000 emplois locaux pendant la phase de construction, avec une connexion pr\u00e9vue au r\u00e9seau \u00e9lectrique dans les ann\u00e9es 2030.<\/p>\n<p>Actuellement, deux grandes centrales nucl\u00e9aires sont en cours de construction au Royaume-Uni\u00a0: Hinkley Point C dans l&rsquo;ouest de l&rsquo;Angleterre, et Sizewell C dans l&rsquo;est du pays.<\/p>\n<p>(1\u00a0dollar = 0,7451\u00a0livre)<\/p>\n<p><\/p>\n","protected":false},"excerpt":{"rendered":"Le Royaume-Uni a d\u00e9sign\u00e9 jeudi un site dans le nord du Pays de Galles pour l&rsquo;implantation de sa&hellip;\n","protected":false},"author":2,"featured_media":530293,"comment_status":"","ping_status":"","sticky":false,"template":"","format":"standard","meta":{"footnotes":""},"categories":[1588],"tags":[11,340,1777,674,12,473,1853,1851,1850,1852],"class_list":{"0":"post-530292","1":"post","2":"type-post","3":"status-publish","4":"format-standard","5":"has-post-thumbnail","7":"category-royaume-uni","8":"tag-actualites","9":"tag-bourse","10":"tag-eu","11":"tag-europe","12":"tag-news","13":"tag-royaume-uni","14":"tag-royaume-uni-de-grande-bretagne-et-dirlande-du-nord","15":"tag-uk","16":"tag-united-kingdom","17":"tag-united-kingdom-of-great-britain-and-northern-ireland"},"share_on_mastodon":{"url":"https:\/\/pubeurope.com\/@fr\/115539927982034918","error":""},"_links":{"self":[{"href":"https:\/\/www.europesays.com\/fr\/wp-json\/wp\/v2\/posts\/530292","targetHints":{"allow":["GET"]}}],"collection":[{"href":"https:\/\/www.europesays.com\/fr\/wp-json\/wp\/v2\/posts"}],"about":[{"href":"https:\/\/www.europesays.com\/fr\/wp-json\/wp\/v2\/types\/post"}],"author":[{"embeddable":true,"href":"https:\/\/www.europesays.com\/fr\/wp-json\/wp\/v2\/users\/2"}],"replies":[{"embeddable":true,"href":"https:\/\/www.europesays.com\/fr\/wp-json\/wp\/v2\/comments?post=530292"}],"version-history":[{"count":0,"href":"https:\/\/www.europesays.com\/fr\/wp-json\/wp\/v2\/posts\/530292\/revisions"}],"wp:featuredmedia":[{"embeddable":true,"href":"https:\/\/www.europesays.com\/fr\/wp-json\/wp\/v2\/media\/530293"}],"wp:attachment":[{"href":"https:\/\/www.europesays.com\/fr\/wp-json\/wp\/v2\/media?parent=530292"}],"wp:term":[{"taxonomy":"category","embeddable":true,"href":"https:\/\/www.europesays.com\/fr\/wp-json\/wp\/v2\/categories?post=530292"},{"taxonomy":"post_tag","embeddable":true,"href":"https:\/\/www.europesays.com\/fr\/wp-json\/wp\/v2\/tags?post=530292"}],"curies":[{"name":"wp","href":"https:\/\/api.w.org\/{rel}","templated":true}]}}