{"id":530296,"date":"2025-11-13T02:03:13","date_gmt":"2025-11-13T02:03:13","guid":{"rendered":"https:\/\/www.europesays.com\/fr\/530296\/"},"modified":"2025-11-13T02:03:13","modified_gmt":"2025-11-13T02:03:13","slug":"grippe-aviaire-la-situation-devient-tres-preoccupante-en-europe","status":"publish","type":"post","link":"https:\/\/www.europesays.com\/fr\/530296\/","title":{"rendered":"Grippe aviaire : La situation devient \u00ab tr\u00e8s pr\u00e9occupante \u00bb en Europe"},"content":{"rendered":"<p class=\"mb-4 text-lg md:leading-8 break-words\"><strong>\u00c9PID\u00c9MIE &#8211; La grippe aviaire se propage \u00e0 nouveau en Europe. En France, la vaccination des canards limite les d\u00e9g\u00e2ts, mais le virus reste une menace persistante<\/strong><\/p>\n<p class=\"mb-4 text-lg md:leading-8 break-words\">La r\u00e9surgence de la <a href=\"https:\/\/www.20minutes.fr\/monde\/grippe_aviaire\/?at_medium=RSS%20feed&amp;at_campaign=ynews&amp;utm_source=yahoo&amp;utm_medium=rss&amp;utm_campaign=news_feed&amp;utm_content=in_article_link\" rel=\"nofollow noopener\" target=\"_blank\" data-ylk=\"slk:grippe aviaire;elm:context_link;itc:0;sec:content-canvas\" class=\"link \">grippe aviaire<\/a> en Europe alarme les experts. \u00ab\u00a0La situation est tr\u00e8s pr\u00e9occupante dans l\u2019avifaune sauvage\u00a0\u00bb, avertit Jean-Luc Gu\u00e9rin, professeur \u00e0 l\u2019Ecole v\u00e9t\u00e9rinaire de Toulouse et chercheur \u00e0 l\u2019Inrae. Selon la plateforme ESA, 1.173 foyers ont \u00e9t\u00e9 recens\u00e9s entre ao\u00fbt et novembre dans 26 pays, dont 578 en Allemagne, 182 au Royaume-Uni et 116 en France. Ces chiffres seraient toutefois sous-estim\u00e9s.<\/p>\n<p class=\"mb-4 text-lg md:leading-8 break-words\">Les <a href=\"https:\/\/www.20minutes.fr\/dossier\/elevage?at_medium=RSS%20feed&amp;at_campaign=ynews&amp;utm_source=yahoo&amp;utm_medium=rss&amp;utm_campaign=news_feed&amp;utm_content=in_article_link\" rel=\"nofollow noopener\" target=\"_blank\" data-ylk=\"slk:\u00e9levages;elm:context_link;itc:0;sec:content-canvas\" class=\"link \">\u00e9levages<\/a> sont \u00e0 leur tour touch\u00e9s\u00a0: 168 foyers en Europe, notamment en Allemagne o\u00f9 1,5\u00a0million d\u2019animaux ont p\u00e9ri ou ont \u00e9t\u00e9 abattus. La <a href=\"https:\/\/www.20minutes.fr\/france\/?at_medium=RSS%20feed&amp;at_campaign=ynews&amp;utm_source=yahoo&amp;utm_medium=rss&amp;utm_campaign=news_feed&amp;utm_content=in_article_link\" rel=\"nofollow noopener\" target=\"_blank\" data-ylk=\"slk:France;elm:context_link;itc:0;sec:content-canvas\" class=\"link \">France<\/a>, l\u2019<a href=\"https:\/\/www.20minutes.fr\/dossier\/espagne?at_medium=RSS%20feed&amp;at_campaign=ynews&amp;utm_source=yahoo&amp;utm_medium=rss&amp;utm_campaign=news_feed&amp;utm_content=in_article_link\" rel=\"nofollow noopener\" target=\"_blank\" data-ylk=\"slk:Espagne;elm:context_link;itc:0;sec:content-canvas\" class=\"link \">Espagne<\/a> et le <a href=\"https:\/\/www.20minutes.fr\/monde\/royaume-uni\/?at_medium=RSS%20feed&amp;at_campaign=ynews&amp;utm_source=yahoo&amp;utm_medium=rss&amp;utm_campaign=news_feed&amp;utm_content=in_article_link\" rel=\"nofollow noopener\" target=\"_blank\" data-ylk=\"slk:Royaume-Uni;elm:context_link;itc:0;sec:content-canvas\" class=\"link \">Royaume-Uni<\/a> ont confin\u00e9 leurs volailles de plein air. Dans l\u2019Hexagone, la <a href=\"https:\/\/www.20minutes.fr\/dossier\/vendee?at_medium=RSS%20feed&amp;at_campaign=ynews&amp;utm_source=yahoo&amp;utm_medium=rss&amp;utm_campaign=news_feed&amp;utm_content=in_article_link\" rel=\"nofollow noopener\" target=\"_blank\" data-ylk=\"slk:Vend\u00e9e;elm:context_link;itc:0;sec:content-canvas\" class=\"link \">Vend\u00e9e<\/a> est la zone la plus touch\u00e9e, avec une dizaine de foyers r\u00e9cents. \u00ab\u00a0Lorsqu\u2019il y a une introduction par la faune sauvage, le risque de propagation entre fermes est tr\u00e8s \u00e9lev\u00e9\u00a0\u00bb, souligne Jean-Luc Gu\u00e9rin.<\/p>\n<p>Vaccination massive en France<\/p>\n<p class=\"mb-4 text-lg md:leading-8 break-words\">Seule la France a lanc\u00e9 une <a href=\"https:\/\/www.20minutes.fr\/france\/vaccination\/?at_medium=RSS%20feed&amp;at_campaign=ynews&amp;utm_source=yahoo&amp;utm_medium=rss&amp;utm_campaign=news_feed&amp;utm_content=in_article_link\" rel=\"nofollow noopener\" target=\"_blank\" data-ylk=\"slk:vaccination;elm:context_link;itc:0;sec:content-canvas\" class=\"link \">vaccination<\/a> massive des canards, esp\u00e8ce la plus sensible au virus. Malgr\u00e9 quelques cas isol\u00e9s, \u00ab\u00a0la vaccination n\u2019a pas une efficacit\u00e9 absolue, mais elle freine la maladie \u00e0 l\u2019\u00e9chelle du territoire\u00a0\u00bb, affirme le chercheur.<\/p>\n<p><a href=\"https:\/\/www.20minutes.fr\/monde\/grippe_aviaire\/\" rel=\"nofollow noopener\" target=\"_blank\" data-ylk=\"slk:Notre dossier sur la grippe aviaire;elm:context_link;itc:0;sec:content-canvas\" class=\"link \">Notre dossier sur la grippe aviaire<\/a><\/p>\n<p class=\"mb-4 text-lg md:leading-8 break-words\">Depuis son lancement en octobre\u00a02023, elle a permis \u00ab\u00a0une remarquable stabilit\u00e9 et un blocage efficace des cha\u00eenes de transmission\u00a0\u00bb. Reste que la hausse r\u00e9cente des cas rappelle la fragilit\u00e9 de l\u2019\u00e9quilibre face \u00e0 un virus d\u00e9sormais install\u00e9 durablement en Europe.<\/p>\n<p class=\"mb-4 text-lg md:leading-8 break-words\"><a href=\"https:\/\/www.20minutes.fr\/societe\/4185288-20251112-grippe-aviaire-situation-devient-tres-preoccupante-europe?at_medium=RSS%20feed&amp;at_campaign=ynews&amp;utm_source=yahoo&amp;utm_medium=rss&amp;utm_campaign=news_feed&amp;utm_content=read_more_link&quot;\" rel=\"nofollow noopener\" target=\"_blank\" data-ylk=\"slk:Lire la suite sur 20minutes;elm:context_link;itc:0;sec:content-canvas\" class=\"link \">Lire la suite sur 20minutes<\/a><\/p>\n<p>\u00c0 lire aussi :<br \/><a href=\"https:\/\/www.20minutes.fr\/societe\/4182290-20251029-loiret-oiseaux-migrateurs-passent-grippe-aviaire-plane?at_medium=RSS%20feed&amp;at_campaign=ynews&amp;utm_source=yahoo&amp;utm_medium=rss&amp;utm_campaign=news_feed&amp;utm_content=related_content_link\" rel=\"nofollow noopener\" target=\"_blank\" data-ylk=\"slk:Loiret\u00a0: Les oiseaux migrateurs passent, la grippe aviaire plane;elm:context_link;itc:0;sec:content-canvas\" class=\"link \">Loiret\u00a0: Les oiseaux migrateurs passent, la grippe aviaire plane<\/a><br \/><a href=\"https:\/\/www.20minutes.fr\/sante\/4183271-20251103-marne-grippe-aviaire-entraine-restrictions-133-communes?at_medium=RSS%20feed&amp;at_campaign=ynews&amp;utm_source=yahoo&amp;utm_medium=rss&amp;utm_campaign=news_feed&amp;utm_content=related_content_link\" rel=\"nofollow noopener\" target=\"_blank\" data-ylk=\"slk:Marne\u00a0: La grippe aviaire entra\u00eene des restrictions dans 133 communes;elm:context_link;itc:0;sec:content-canvas\" class=\"link \">Marne\u00a0: La grippe aviaire entra\u00eene des restrictions dans 133 communes<\/a><\/p>\n","protected":false},"excerpt":{"rendered":"\u00c9PID\u00c9MIE &#8211; La grippe aviaire se propage \u00e0 nouveau en Europe. En France, la vaccination des canards limite&hellip;\n","protected":false},"author":2,"featured_media":530297,"comment_status":"","ping_status":"","sticky":false,"template":"","format":"standard","meta":{"footnotes":""},"categories":[1586],"tags":[11,1777,674,1011,27,5698,64923,9791,62323,12,25,473],"class_list":{"0":"post-530296","1":"post","2":"type-post","3":"status-publish","4":"format-standard","5":"has-post-thumbnail","7":"category-europe","8":"tag-actualites","9":"tag-eu","10":"tag-europe","11":"tag-fr","12":"tag-france","13":"tag-grippe-aviaire","14":"tag-jean-luc-guerin","15":"tag-la-france","16":"tag-la-grippe","17":"tag-news","18":"tag-republique-francaise","19":"tag-royaume-uni"},"share_on_mastodon":{"url":"https:\/\/pubeurope.com\/@fr\/115539935744614564","error":""},"_links":{"self":[{"href":"https:\/\/www.europesays.com\/fr\/wp-json\/wp\/v2\/posts\/530296","targetHints":{"allow":["GET"]}}],"collection":[{"href":"https:\/\/www.europesays.com\/fr\/wp-json\/wp\/v2\/posts"}],"about":[{"href":"https:\/\/www.europesays.com\/fr\/wp-json\/wp\/v2\/types\/post"}],"author":[{"embeddable":true,"href":"https:\/\/www.europesays.com\/fr\/wp-json\/wp\/v2\/users\/2"}],"replies":[{"embeddable":true,"href":"https:\/\/www.europesays.com\/fr\/wp-json\/wp\/v2\/comments?post=530296"}],"version-history":[{"count":0,"href":"https:\/\/www.europesays.com\/fr\/wp-json\/wp\/v2\/posts\/530296\/revisions"}],"wp:featuredmedia":[{"embeddable":true,"href":"https:\/\/www.europesays.com\/fr\/wp-json\/wp\/v2\/media\/530297"}],"wp:attachment":[{"href":"https:\/\/www.europesays.com\/fr\/wp-json\/wp\/v2\/media?parent=530296"}],"wp:term":[{"taxonomy":"category","embeddable":true,"href":"https:\/\/www.europesays.com\/fr\/wp-json\/wp\/v2\/categories?post=530296"},{"taxonomy":"post_tag","embeddable":true,"href":"https:\/\/www.europesays.com\/fr\/wp-json\/wp\/v2\/tags?post=530296"}],"curies":[{"name":"wp","href":"https:\/\/api.w.org\/{rel}","templated":true}]}}