{"id":530298,"date":"2025-11-13T02:04:30","date_gmt":"2025-11-13T02:04:30","guid":{"rendered":"https:\/\/www.europesays.com\/fr\/530298\/"},"modified":"2025-11-13T02:04:30","modified_gmt":"2025-11-13T02:04:30","slug":"lunion-europeenne-attend-des-actes-concrets-du-nouveau-pouvoir","status":"publish","type":"post","link":"https:\/\/www.europesays.com\/fr\/530298\/","title":{"rendered":"l\u2019Union europ\u00e9enne attend des actes concrets du nouveau pouvoir"},"content":{"rendered":"<p class=\"surtitre \">\u00ab\u00a0Il ne s\u2019agit plus de diagnostics, mais d\u2019action\u00a0\u00bb, a d\u00e9clar\u00e9 l\u2019ambassadeur de l\u2019Union europ\u00e9enne<\/p>\n<p>13 novembre<\/p>\n<p>ors de cette rencontre, les autorit\u00e9s publiques ont r\u00e9affirm\u00e9 leur volont\u00e9 d\u2019associer pleinement le secteur priv\u00e9 dans la dynamique nationale. L\u2019ambition est de stimuler la croissance, cr\u00e9er de la richesse et favoriser l\u2019emploi durable pour l\u2019ensemble des Malgaches. \u00ab\u00a0Cela fait des ann\u00e9es que nous analysons l\u2019\u00e9tat des lieux du cadre \u00e9conomique et commercial \u00e0 Madagascar. Aujourd\u2019hui, il ne s\u2019agit plus de diagnostics, mais d\u2019action\u00a0\u00bb, a d\u00e9clar\u00e9 l\u2019ambassadeur de l\u2019Union europ\u00e9enne, Roland Kobia soulignant le passage attendu vers une phase concr\u00e8te de mise en \u0153uvre.<\/p>\n<p>L\u2019UE premier partenaire commercial de Madagascar<\/p>\n<p>L\u2019Union europ\u00e9enne reste le premier partenaire commercial de Madagascar, absorbant pr\u00e8s d\u2019un tiers des exportations Malagasy avec plus d\u2019un milliard d\u2019euros d\u2019\u00e9change bilat\u00e9raux et repr\u00e9sentant plus de 22\u00a0% du commerce global du pays. L\u2019union europ\u00e9enne repr\u00e9sente 40\u00a0% des investissements directs et plus de 117.000 emplois directs g\u00e9n\u00e9r\u00e9s par les entreprises europ\u00e9ennes \u00e0 Madagascar. Dans ce contexte, les n\u00e9gociations autour d\u2019un nouvel accord de partenariat \u00e9conomique (APE) \u00e9largi entre Madagascar et l\u2019UE entrent dans leur phase finale.<br class=\"autobr\"\/><br \/>\nSelon l\u2019ambassadeur, les deux parties s\u2019orientent vers une conclusion rapide. \u00ab\u00a0Nous esp\u00e9rons une signature dans les semaines qui viennent. L\u2019accord ira au-del\u00e0 du commerce des biens de consommation\u00a0: il inclura d\u00e9sormais les services, les investissements et les r\u00e8gles d\u2019origine. Cela \u00e9largira consid\u00e9rablement les b\u00e9n\u00e9fices et le potentiel commercial de Madagascar\u00a0\u00bb, a-t-il pr\u00e9cis\u00e9.<\/p>\n<p>L\u2019UE partenaire historique et strat\u00e9gique<\/p>\n<p>Ce moment illustre la volont\u00e9 commune de b\u00e2tir une coop\u00e9ration plus dynamique, fond\u00e9e sur la confiance et la compl\u00e9mentarit\u00e9. En r\u00e9unissant les autorit\u00e9s malgaches, le secteur priv\u00e9 et les partenaires internationaux, cette rencontre symbolise l\u2019esprit m\u00eame de la Refondation\u00a0: une action concert\u00e9e au service du d\u00e9veloppement.<br class=\"autobr\"\/><br \/>\nUne nouvelle \u00e9tape s\u2019ouvre ainsi pour Madagascar, port\u00e9e par l\u2019engagement conjoint de ses acteurs publics et priv\u00e9s, avec l\u2019appui d\u2019un partenaire historique et strat\u00e9gique, l\u2019Union europ\u00e9enne. Ensemble, ils entendent transformer la vision de refondation en une r\u00e9alit\u00e9 \u00e9conomique tangible pour le pays.<\/p>\n<p><strong>Source\u00a0: Agence Dep\u00eache informative Taratra<\/strong><\/p>\n<p>\t<a href=\"https:\/\/www.temoignages.re\/culture\/hommage\/hommage-a-paul-verges-un-visionnaire-un-combattant-un-repere-pour-le-peuple-reunionnais\" class=\"image\" rel=\"nofollow noopener\" target=\"_blank\"><img decoding=\"async\" src=\"https:\/\/www.europesays.com\/fr\/wp-content\/uploads\/2025\/11\/56b989f1252c110ff8b8c1dcf879a1.jpg\" alt=\"\"\/><\/a><br \/>\n\t<a href=\"https:\/\/www.temoignages.re\/culture\/hommage\/hommage-a-paul-verges-un-visionnaire-un-combattant-un-repere-pour-le-peuple-reunionnais\" rel=\"nofollow noopener\" target=\"_blank\">Hommage \u00e0 Paul Verg\u00e8s\u00a0: \u00ab\u00a0Un visionnaire, un combattant, un rep\u00e8re pour le peuple r\u00e9unionnais\u00a0\u00bb<\/a><br \/>\n\t<strong>13 novembre, par  <a href=\"https:\/\/www.temoignages.re\/auteur\/manuel-marchal\" rel=\"nofollow noopener\" target=\"_blank\">Manuel Marchal<\/a><\/strong><\/p>\n<p>12 novembre 2025 : Hommage \u00e0 Paul Verg\u00e8s au cimeti\u00e8re paysager du Port<\/p>\n<p>\t<a href=\"https:\/\/www.temoignages.re\/chroniques\/ote\/i-fo-ni-anparl-zistoir-tikok-in-liv-christian-fontaine\" class=\"image\" rel=\"nofollow noopener\" target=\"_blank\"><img decoding=\"async\" src=\"https:\/\/www.europesays.com\/fr\/wp-content\/uploads\/2025\/11\/3f98ec24083fe017963bca1b3a59c4.jpg\" alt=\"\"\/><\/a><br \/>\n\t<a href=\"https:\/\/www.temoignages.re\/chroniques\/ote\/i-fo-ni-anparl-zistoir-tikok-in-liv-christian-fontaine\" rel=\"nofollow noopener\" target=\"_blank\">I fo ni anparl Zistoir Tikok, in liv Christian Fontaine<\/a><br \/>\n\t<strong>13 novembre, par  <a href=\"https:\/\/www.temoignages.re\/auteur\/justin\" rel=\"nofollow noopener\" target=\"_blank\">Justin<\/a><\/strong><\/p>\n<p>M\u00e9zami par shanss \u00e9 pars n\u00e9na demoune n\u00e9na lamity\u00e9 pou nou \u00e9pi pou nout zoinal \u00ab T\u00e9moignages \u00bb, lo liv Christian Fontaine la pass dann nout zoinal\u00a0(\u2026)<\/p>\n<p>\t<a href=\"https:\/\/www.temoignages.re\/chroniques\/ote\/baba-zordi-domin-va-gingn-la-zel\" class=\"image\" rel=\"nofollow noopener\" target=\"_blank\"><img decoding=\"async\" src=\"https:\/\/www.europesays.com\/fr\/wp-content\/uploads\/2025\/11\/06dd07e0585d90cdf705fe5020df68.jpg\" alt=\"\"\/><\/a><br \/>\n\t<a href=\"https:\/\/www.temoignages.re\/chroniques\/ote\/baba-zordi-domin-va-gingn-la-zel\" rel=\"nofollow noopener\" target=\"_blank\">\u00ab\u00a0Baba zordi, domin va gingn la z\u00e8l\u00a0\u00bb<\/a><br \/>\n\t<strong>13 novanm, sanm <a href=\"https:\/\/www.temoignages.re\/auteur\/justin\" rel=\"nofollow noopener\" target=\"_blank\">Justin<\/a><\/strong><\/p>\n<p>In kozman pou la rout<\/p>\n<p>\t<a href=\"https:\/\/www.temoignages.re\/culture\/hommage\/elie-hoarau-rend-hommage-a-paul-verges-continuons-le-combat-contre-l-alienation\" class=\"image\" rel=\"nofollow noopener\" target=\"_blank\"><img decoding=\"async\" src=\"https:\/\/www.europesays.com\/fr\/wp-content\/uploads\/2025\/11\/f1f66285fb76505fbeee82cb3fb022.jpg\" alt=\"\"\/><\/a><br \/>\n\t<a href=\"https:\/\/www.temoignages.re\/culture\/hommage\/elie-hoarau-rend-hommage-a-paul-verges-continuons-le-combat-contre-l-alienation\" rel=\"nofollow noopener\" target=\"_blank\">\u00c9lie Hoarau rend hommage \u00e0 Paul Verg\u00e8s\u00a0: \u00ab\u00a0Continuons le combat contre l\u2019ali\u00e9nation\u00a0\u00bb<\/a><br \/>\n\t<strong>13 novembre, par  <a href=\"https:\/\/www.temoignages.re\/auteur\/manuel-marchal\" rel=\"nofollow noopener\" target=\"_blank\">Manuel Marchal<\/a><\/strong><\/p>\n<p>Hommage \u00e0 Paul Verg\u00e8s au cimeti\u00e8re paysager du Port<\/p>\n<p>\t<a href=\"https:\/\/www.temoignages.re\/culture\/hommage\/maurice-gironcel-rend-hommage-a-paul-verges-un-visionnaire-au-service-du-peuple-reunionnais\" class=\"image\" rel=\"nofollow noopener\" target=\"_blank\"><img decoding=\"async\" src=\"https:\/\/www.europesays.com\/fr\/wp-content\/uploads\/2025\/11\/14e583316b0f9d6a57c30a17136158.jpg\" alt=\"\"\/><\/a><br \/>\n\t<a href=\"https:\/\/www.temoignages.re\/culture\/hommage\/maurice-gironcel-rend-hommage-a-paul-verges-un-visionnaire-au-service-du-peuple-reunionnais\" rel=\"nofollow noopener\" target=\"_blank\">Maurice Gironcel rend hommage \u00e0 Paul Verg\u00e8s\u00a0: \u00ab\u00a0Un visionnaire au service du peuple r\u00e9unionnais\u00a0\u00bb<\/a><br \/>\n\t<strong>13 novembre, par  <a href=\"https:\/\/www.temoignages.re\/auteur\/manuel-marchal\" rel=\"nofollow noopener\" target=\"_blank\">Manuel Marchal<\/a><\/strong><\/p>\n<p>Hommage \u00e0 Paul Verg\u00e8s au cimeti\u00e8re paysager du Port<\/p>\n<p>\t<a href=\"https:\/\/www.temoignages.re\/international\/madagascar-grande-ile\/retour-des-coupures-de-courant-a-madagascar-siteny-a-moscou-pour-demander-l-aide-de-la-russie\" class=\"image\" rel=\"nofollow noopener\" target=\"_blank\"><img decoding=\"async\" src=\"https:\/\/www.europesays.com\/fr\/wp-content\/uploads\/2025\/11\/263fdd6dbe2e18ef90a46547d0c272.jpg\" alt=\"\"\/><\/a><br \/>\n\t<a href=\"https:\/\/www.temoignages.re\/international\/madagascar-grande-ile\/retour-des-coupures-de-courant-a-madagascar-siteny-a-moscou-pour-demander-l-aide-de-la-russie\" rel=\"nofollow noopener\" target=\"_blank\">Retour des coupures de courant \u00e0 Madagascar\u00a0: Siteny \u00e0 Moscou pour demander l\u2019aide de la Russie<\/a><br \/>\n\t<strong>13 novembre, par  <a href=\"https:\/\/www.temoignages.re\/auteur\/manuel-marchal\" rel=\"nofollow noopener\" target=\"_blank\">Manuel Marchal<\/a><\/strong><\/p>\n<p>Le pr\u00e9sident de l\u2019Assembl\u00e9e nationale de Madagascar en voyage en Russie<\/p>\n<p>\t<a href=\"https:\/\/www.temoignages.re\/politique\/actualites-politiques\/la-reunion-80-ans-apres-le-vote-pour-mettre-fin-a-la-colonisation-francaise-l-heure-du-bilan\" class=\"image\" rel=\"nofollow noopener\" target=\"_blank\"><img decoding=\"async\" src=\"https:\/\/www.europesays.com\/fr\/wp-content\/uploads\/2025\/11\/a4133012c4dc0bbd838625a7479a6c.jpg\" alt=\"\"\/><\/a><br \/>\n\t<a href=\"https:\/\/www.temoignages.re\/politique\/actualites-politiques\/la-reunion-80-ans-apres-le-vote-pour-mettre-fin-a-la-colonisation-francaise-l-heure-du-bilan\" rel=\"nofollow noopener\" target=\"_blank\">La R\u00e9union\u00a0: 80 ans apr\u00e8s le vote pour mettre fin \u00e0 la colonisation fran\u00e7aise, l\u2019heure du bilan<\/a><br \/>\n\t<strong>18 octobre, par  <a href=\"https:\/\/www.temoignages.re\/auteur\/manuel-marchal\" rel=\"nofollow noopener\" target=\"_blank\">Manuel Marchal<\/a><\/strong><\/p>\n<p>Le s\u00e9minaire universitaire \u00ab La R\u00e9union, 80 ans apr\u00e8s les \u00e9lections de 1945 : r\u00e9ussites, limites et d\u00e9fis actuels \u00bb<\/p>\n<p>\t<a href=\"https:\/\/www.temoignages.re\/international\/madagascar-grande-ile\/madagascar-et-la-russie-renforcent-leurs-liens-de-cooperation\" class=\"image\" rel=\"nofollow noopener\" target=\"_blank\"><img decoding=\"async\" src=\"https:\/\/www.europesays.com\/fr\/wp-content\/uploads\/2025\/11\/8ab76ecf9db56d7337b2617f744107.jpg\" alt=\"\"\/><\/a><br \/>\n\t<a href=\"https:\/\/www.temoignages.re\/international\/madagascar-grande-ile\/madagascar-et-la-russie-renforcent-leurs-liens-de-cooperation\" rel=\"nofollow noopener\" target=\"_blank\">Madagascar et la Russie renforcent leurs liens de coop\u00e9ration<\/a><br \/>\n\t<strong>22 octobre, par  <a href=\"https:\/\/www.temoignages.re\/auteur\/manuel-marchal\" rel=\"nofollow noopener\" target=\"_blank\">Manuel Marchal<\/a><\/strong><\/p>\n<p>L\u2019Ambassadeur de Russie re\u00e7u par le Pr\u00e9sident de la Refondation de la R\u00e9publique<\/p>\n<p>\t<a href=\"https:\/\/www.temoignages.re\/politique\/actualites-politiques\/les-regions-ultraperipheriques-menacees-quand-l-europe-remet-en-cause-les-specificites\" class=\"image\" rel=\"nofollow noopener\" target=\"_blank\"><img decoding=\"async\" src=\"https:\/\/www.europesays.com\/fr\/wp-content\/uploads\/2025\/11\/eff9ddc2ddee37cf08ffbf6a0fdcca.jpg\" alt=\"\"\/><\/a><br \/>\n\t<a href=\"https:\/\/www.temoignages.re\/politique\/actualites-politiques\/les-regions-ultraperipheriques-menacees-quand-l-europe-remet-en-cause-les-specificites\" rel=\"nofollow noopener\" target=\"_blank\">Les r\u00e9gions ultrap\u00e9riph\u00e9riques menac\u00e9es\u00a0: quand l\u2019Europe remet en cause les sp\u00e9cificit\u00e9s<\/a><br \/>\n\t<strong>23 octobre, par  <a href=\"https:\/\/www.temoignages.re\/auteur\/manuel-marchal\" rel=\"nofollow noopener\" target=\"_blank\">Manuel Marchal<\/a><\/strong><\/p>\n<p>Vers l\u2019explosion de la crise \u00e0 La R\u00e9union ?<\/p>\n<p>\t<a href=\"https:\/\/www.temoignages.re\/politique\/actualites-politiques\/mario-serviable-80-ans-apres-1945-preparer-les-croises-de-chemin\" class=\"image\" rel=\"nofollow noopener\" target=\"_blank\"><img decoding=\"async\" src=\"https:\/\/www.europesays.com\/fr\/wp-content\/uploads\/2025\/11\/43b17c5deb86d1b6d5fa4dfd9a86cd.jpg\" alt=\"\"\/><\/a><br \/>\n\t<a href=\"https:\/\/www.temoignages.re\/politique\/actualites-politiques\/mario-serviable-80-ans-apres-1945-preparer-les-croises-de-chemin\" rel=\"nofollow noopener\" target=\"_blank\">Mario Serviable\u00a0: 80 ans apr\u00e8s 1945, \u00ab\u00a0pr\u00e9parer les crois\u00e9s de chemin\u00a0\u00bb<\/a><br \/>\n\t<strong>24 octobre<\/strong><\/p>\n<p>\u00ab La R\u00e9union, 80 ans apr\u00e8s les \u00e9lections de 1945 : r\u00e9ussites, limites et d\u00e9fis actuels \u00bb<\/p>\n<p>\t<a href=\"https:\/\/www.temoignages.re\/international\/madagascar-grande-ile\/madagascar-l-universite-d-antananarivo-fournit-de-nombreux-ministres-au-nouveau-gouvernement\" class=\"image\" rel=\"nofollow noopener\" target=\"_blank\"><img decoding=\"async\" src=\"https:\/\/www.europesays.com\/fr\/wp-content\/uploads\/2025\/11\/40b8944ec9559948e484934dad722a.jpg\" alt=\"\"\/><\/a><br \/>\n\t<a href=\"https:\/\/www.temoignages.re\/international\/madagascar-grande-ile\/madagascar-l-universite-d-antananarivo-fournit-de-nombreux-ministres-au-nouveau-gouvernement\" rel=\"nofollow noopener\" target=\"_blank\">Madagascar\u00a0: L\u2019Universit\u00e9 d\u2019Antananarivo fournit de nombreux ministres au nouveau Gouvernement<\/a><br \/>\n\t<strong>31 octobre, par  <a href=\"https:\/\/www.temoignages.re\/auteur\/manuel-marchal\" rel=\"nofollow noopener\" target=\"_blank\">Manuel Marchal<\/a><\/strong><\/p>\n<p>Un nouveau r\u00e9gime s\u2019installe<\/p>\n<p>\t<a href=\"https:\/\/www.temoignages.re\/economie\/crise-de-la-surremuneration-a-mayotte-plusieurs-mois-de-retard-pour-les-salaires-de-350-enseignants-payes-par-la-france\" class=\"image\" rel=\"nofollow noopener\" target=\"_blank\"><img decoding=\"async\" src=\"https:\/\/www.europesays.com\/fr\/wp-content\/uploads\/2025\/11\/8af322c8bc69f08b56cef0da7c5be1.jpg\" alt=\"\"\/><\/a><br \/>\n\t<a href=\"https:\/\/www.temoignages.re\/economie\/crise-de-la-surremuneration-a-mayotte-plusieurs-mois-de-retard-pour-les-salaires-de-350-enseignants-payes-par-la-france\" rel=\"nofollow noopener\" target=\"_blank\">Crise de la surr\u00e9mun\u00e9ration \u00e0 Mayotte\u00a0: plusieurs mois de retard pour les salaires de 350 enseignants pay\u00e9s par la France<\/a><br \/>\n\t<strong>4 novembre, par  <a href=\"https:\/\/www.temoignages.re\/auteur\/manuel-marchal\" rel=\"nofollow noopener\" target=\"_blank\">Manuel Marchal<\/a><\/strong><\/p>\n<p>Un pr\u00e9c\u00e9dent inqui\u00e9tant pour la classe des surr\u00e9mun\u00e9r\u00e9s \u00e0 La R\u00e9union<\/p>\n","protected":false},"excerpt":{"rendered":"\u00ab\u00a0Il ne s\u2019agit plus de diagnostics, mais d\u2019action\u00a0\u00bb, a d\u00e9clar\u00e9 l\u2019ambassadeur de l\u2019Union europ\u00e9enne 13 novembre ors de&hellip;\n","protected":false},"author":2,"featured_media":530299,"comment_status":"","ping_status":"","sticky":false,"template":"","format":"standard","meta":{"footnotes":""},"categories":[1586],"tags":[11,1777,674,1779,1011,27,8459,12,25,1778,364],"class_list":{"0":"post-530298","1":"post","2":"type-post","3":"status-publish","4":"format-standard","5":"has-post-thumbnail","7":"category-europe","8":"tag-actualites","9":"tag-eu","10":"tag-europe","11":"tag-european-union","12":"tag-fr","13":"tag-france","14":"tag-madagascar","15":"tag-news","16":"tag-republique-francaise","17":"tag-ue","18":"tag-union-europeenne"},"share_on_mastodon":{"url":"https:\/\/pubeurope.com\/@fr\/115539940685483666","error":""},"_links":{"self":[{"href":"https:\/\/www.europesays.com\/fr\/wp-json\/wp\/v2\/posts\/530298","targetHints":{"allow":["GET"]}}],"collection":[{"href":"https:\/\/www.europesays.com\/fr\/wp-json\/wp\/v2\/posts"}],"about":[{"href":"https:\/\/www.europesays.com\/fr\/wp-json\/wp\/v2\/types\/post"}],"author":[{"embeddable":true,"href":"https:\/\/www.europesays.com\/fr\/wp-json\/wp\/v2\/users\/2"}],"replies":[{"embeddable":true,"href":"https:\/\/www.europesays.com\/fr\/wp-json\/wp\/v2\/comments?post=530298"}],"version-history":[{"count":0,"href":"https:\/\/www.europesays.com\/fr\/wp-json\/wp\/v2\/posts\/530298\/revisions"}],"wp:featuredmedia":[{"embeddable":true,"href":"https:\/\/www.europesays.com\/fr\/wp-json\/wp\/v2\/media\/530299"}],"wp:attachment":[{"href":"https:\/\/www.europesays.com\/fr\/wp-json\/wp\/v2\/media?parent=530298"}],"wp:term":[{"taxonomy":"category","embeddable":true,"href":"https:\/\/www.europesays.com\/fr\/wp-json\/wp\/v2\/categories?post=530298"},{"taxonomy":"post_tag","embeddable":true,"href":"https:\/\/www.europesays.com\/fr\/wp-json\/wp\/v2\/tags?post=530298"}],"curies":[{"name":"wp","href":"https:\/\/api.w.org\/{rel}","templated":true}]}}