{"id":530307,"date":"2025-11-13T02:11:23","date_gmt":"2025-11-13T02:11:23","guid":{"rendered":"https:\/\/www.europesays.com\/fr\/530307\/"},"modified":"2025-11-13T02:11:23","modified_gmt":"2025-11-13T02:11:23","slug":"pro-d2-gaetan-pichon-quand-on-regarde-les-matchs-de-valence-cest-impressionnant","status":"publish","type":"post","link":"https:\/\/www.europesays.com\/fr\/530307\/","title":{"rendered":"Pro D2 \u2013 Gaetan Pichon : \u00ab\u00a0Quand on regarde les matchs de Valence, c\u2019est impressionnant\u00a0\u00bb"},"content":{"rendered":"<p>\n                Lanterne rouge de Pro D2 depuis sa d\u00e9faite \u00e0 Dax, Carcassonne doit r\u00e9agir, qui plus est \u00e0 domicile. Si le demi de m\u00eal\u00e9e Ga\u00ebtan Pichon se m\u00e9fie de cette \u00e9quipe de Valence Romans (vendredi 19h30), il esp\u00e8re que sa formation lance sa saison \u00e0 domicile, malgr\u00e9 le niveau du VRDR actuellement troisi\u00e8me.\n            <\/p>\n<p><strong>Pour commencer, comment va le moral des troupes apr\u00e8s cette d\u00e9faite chez un concurrent au maintien, Dax, 19-0\u00a0?<\/strong><\/p>\n<p>C&rsquo;est vrai que \u00e7a a fait un peu mal \u00e0 la t\u00eate\u2026<strong><a href=\"https:\/\/www.rugbyrama.fr\/resultats\/rugby\/pro-d2\/resultats\" target=\"_self\" rel=\"nofollow noopener\"> On avait d\u2019autres ambitions que de marquer z\u00e9ro point et de perdre<\/a><\/strong>, sachant qu\u2019eux prennent le bonus offensif. Apr\u00e8s \u00e7a va, le groupe est fort, on savait que \u00e7a allait \u00eatre compliqu\u00e9 cette ann\u00e9e. On a v\u00e9cu des choses l\u2019an dernier un peu plus similaires au m\u00eame moment. On a su remobiliser les troupes pour aller chercher la mont\u00e9e. Donc on va tout faire <strong><a href=\"https:\/\/www.rugbyrama.fr\/resultats\/rugby\/pro-d2\/classements\" target=\"_self\" rel=\"nofollow noopener\">pour aller chercher le maintien<\/a><\/strong> cette fois-ci. Cette semaine, il y a des personnes qui ont \u00e9t\u00e9 d\u00e9sign\u00e9es pour parler au nom du groupe et qui l\u2019ont fait. On a effectu\u00e9 les choses comme il fallait pour permettre \u00e0 cette saison de se lancer enfin, on va dire, et de jouer comme on devrait le faire depuis le d\u00e9but de\u00a0l\u2019exercice.<\/p>\n<p><strong>Qu\u2019est-ce que serait une saison lanc\u00e9e pour l\u2019US Carcassonne\u00a0?<\/strong><\/p>\n<p>On attend un match r\u00e9f\u00e9rence, peut-\u00eatre \u00e0 la maison. C\u2019est vrai qu\u2019on n\u2019a pas encore eu cette rencontre o\u00f9 on se dit que la saison est lanc\u00e9e. On a eu Oyonnax, o\u00f9 on gagne sur le fil. Apr\u00e8s, on a connu des matchs un peu compliqu\u00e9s \u00e0 la maison, <strong><a href=\"https:\/\/www.rugbyrama.fr\/equipe\/biarritz\/\" target=\"_self\" rel=\"nofollow noopener\">comme\u00a0Biarritz (23-23)<\/a><\/strong>. On fait ex aequo alors que je pense qu\u2019on pouvait vraiment gagner\u2026<\/p>\n<p><strong>Vous \u00e9voquiez ce match nul contre le BO, lors de votre derni\u00e8re sortie \u00e0 Albert-Domec, o\u00f9 Jonny McPhilips avait la p\u00e9nalit\u00e9 de la gagne apr\u00e8s la sir\u00e8ne. Mais il n\u2019a pas eu tout le temps de se concentrer car le premier tee amen\u00e9 n\u2019\u00e9tait pas le bon. \u00cates-vous encore frustr\u00e9\u00a0par ce sc\u00e9nario\u00a0?<\/strong><\/p>\n<p>Non, on est pass\u00e9 \u00e0 autre chose, c\u2019est anecdotique.\u00a0<strong><a href=\"https:\/\/www.rugbyrama.fr\/2025\/10\/31\/pro-d2-les-enseignements-de-la-soiree-provence-rugby-effraie-brive-carcassonne-victime-dun-mauvais-sort-13026436.php\" target=\"_self\" rel=\"nofollow noopener\">Je ne pense pas que \u00e7a ait vraiment g\u00ean\u00e9 le buteur<\/a><\/strong>, il y avait vraiment pas mal de vent. C\u2019\u00e9tait assez compliqu\u00e9 de\u00a0la passer de toute mani\u00e8re. Mais je pense qu\u2019on peut gagner le match bien plus t\u00f4t et se faciliter cette fin de match pour\u00a0ne pas avoir peur les dix derni\u00e8res minutes\u2026<\/p>\n<p><strong>Vous parliez aussi de \u00ab\u00a0match r\u00e9f\u00e9rence, peut-\u00eatre \u00e0 domicile\u00a0\u00bb. Vous avez d\u00e9j\u00e0 connu deux revers \u00e0 domicile, bonifi\u00e9s, certes, face \u00e0 Colomiers et Agen. Comment vous avancez-vous vers vos prochaines r\u00e9ceptions\u00a0?<\/strong><\/p>\n<p>On a eu des mots cette semaine en se disant qu\u2019il fallait\u00a0gagner les matchs plut\u00f4t que de ne pas les perdre. On est une \u00e9quipe \u00ab\u00a0jeune\u00a0\u00bb dans cette Pro D2 et on cherche ce match qui va nous faire passer \u00e0 autre chose et nous lancer, donc pourquoi pas ce week-end\u00a0?<\/p>\n<p><strong>Comment abordez-vous cette r\u00e9ception de Valence-Romans, l\u2019\u00e9quipe surprise de cette premi\u00e8re partie de saison mais plus \u00e0 l\u2019aise dans le Dr\u00f4me qu\u2019\u00e0 l\u2019ext\u00e9rieur\u00a0?<\/strong><\/p>\n<p>Franchement, quand on regarde les vid\u00e9os et quand on regarde leurs matchs, c\u2019est impressionnant\u00a0! Ils jouent avec une facilit\u00e9\u2026 Ils ont des joueurs qu\u2019on conna\u00eet beaucoup, qui ont jou\u00e9 \u00e0 Carca&rsquo; (NDLR Louis Marrou, Lucas M\u00e9ret, Mathieu Guillomot\u2026), donc ils nous connaissent. Ils ne vont pas d\u00e9couvrir Domec, \u00e7a va \u00eatre un gros match. Mais on\u00a0pr\u00e9pare cette rencontre comme n\u2019importe quelle autre \u00e0 la maison, sans appr\u00e9hension. En face, \u00e7a reste une grosse, <strong><a href=\"https:\/\/www.rugbyrama.fr\/equipe\/valence-romans\/\" target=\"_self\" rel=\"nofollow noopener\">grosse \u00e9quipe Valence-Romans<\/a><\/strong> en ce moment, oui\u00a0!<\/p>\n","protected":false},"excerpt":{"rendered":"Lanterne rouge de Pro D2 depuis sa d\u00e9faite \u00e0 Dax, Carcassonne doit r\u00e9agir, qui plus est \u00e0 domicile.&hellip;\n","protected":false},"author":2,"featured_media":530308,"comment_status":"","ping_status":"","sticky":false,"template":"","format":"standard","meta":{"footnotes":""},"categories":[1416],"tags":[1011,27,479,1468,60],"class_list":{"0":"post-530307","1":"post","2":"type-post","3":"status-publish","4":"format-standard","5":"has-post-thumbnail","7":"category-rugby","8":"tag-fr","9":"tag-france","10":"tag-rugby","11":"tag-rugby-football","12":"tag-sports"},"share_on_mastodon":{"url":"https:\/\/pubeurope.com\/@fr\/115539966940659036","error":""},"_links":{"self":[{"href":"https:\/\/www.europesays.com\/fr\/wp-json\/wp\/v2\/posts\/530307","targetHints":{"allow":["GET"]}}],"collection":[{"href":"https:\/\/www.europesays.com\/fr\/wp-json\/wp\/v2\/posts"}],"about":[{"href":"https:\/\/www.europesays.com\/fr\/wp-json\/wp\/v2\/types\/post"}],"author":[{"embeddable":true,"href":"https:\/\/www.europesays.com\/fr\/wp-json\/wp\/v2\/users\/2"}],"replies":[{"embeddable":true,"href":"https:\/\/www.europesays.com\/fr\/wp-json\/wp\/v2\/comments?post=530307"}],"version-history":[{"count":0,"href":"https:\/\/www.europesays.com\/fr\/wp-json\/wp\/v2\/posts\/530307\/revisions"}],"wp:featuredmedia":[{"embeddable":true,"href":"https:\/\/www.europesays.com\/fr\/wp-json\/wp\/v2\/media\/530308"}],"wp:attachment":[{"href":"https:\/\/www.europesays.com\/fr\/wp-json\/wp\/v2\/media?parent=530307"}],"wp:term":[{"taxonomy":"category","embeddable":true,"href":"https:\/\/www.europesays.com\/fr\/wp-json\/wp\/v2\/categories?post=530307"},{"taxonomy":"post_tag","embeddable":true,"href":"https:\/\/www.europesays.com\/fr\/wp-json\/wp\/v2\/tags?post=530307"}],"curies":[{"name":"wp","href":"https:\/\/api.w.org\/{rel}","templated":true}]}}