{"id":530309,"date":"2025-11-13T02:12:37","date_gmt":"2025-11-13T02:12:37","guid":{"rendered":"https:\/\/www.europesays.com\/fr\/530309\/"},"modified":"2025-11-13T02:12:37","modified_gmt":"2025-11-13T02:12:37","slug":"le-phenomene-joao-fonseca-lancera-sa-saison-2026-a-adelaide","status":"publish","type":"post","link":"https:\/\/www.europesays.com\/fr\/530309\/","title":{"rendered":"Le ph\u00e9nom\u00e8ne Joao Fonseca lancera sa saison 2026 \u00e0 Ad\u00e9la\u00efde"},"content":{"rendered":"<p>                <img decoding=\"async\" src=\"https:\/\/www.europesays.com\/fr\/wp-content\/uploads\/2025\/11\/qIKS.jpg\" fetchpriority=\"high\" alt=\"Le ph\u00e9nom\u00e8ne Joao Fonseca lancera sa saison 2026 \u00e0 Ad\u00e9la\u00efde\"\/><\/p>\n<p>Le jeune Br\u00e9silien, r\u00e9v\u00e9lation de la saison 2025, d\u00e9butera sa campagne 2026 \u00e0 Ad\u00e9la\u00efde, o\u00f9 il r\u00eave d\u00e9j\u00e0 d\u2019un d\u00e9part tonitruant.<\/p>\n<p>2026 s\u2019annonce comme l\u2019ann\u00e9e de la confirmation pour Joao Fonseca. Ph\u00e9nom\u00e8ne de cette saison, avec deux titres remport\u00e9s sur le circuit ATP (Buenos Aires et B\u00e2le) \u00e0 seulement 18 ans et d\u00e9sormais membre du top 30, le Br\u00e9silien aura la lourde t\u00e2che de r\u00e9p\u00e9ter des performances similaires pour confirmer son statut de jeune espoir du tennis mondial.<\/p>\n<p>En janvier, Fonseca avait lanc\u00e9 sa saison 2025 loin des cam\u00e9ras, au Challenger de Canberra. Un tournoi qu\u2019il avait remport\u00e9 avec brio, avant de se r\u00e9v\u00e9ler \u00e0 Melbourne en sortant des qualifications puis en battant Andrey Rublev au premier tour.<\/p>\n<p>L\u2019ann\u00e9e prochaine, le natif de Rio jouera son premier tournoi \u00e0 Ad\u00e9la\u00efde, du 12 au 17 janvier. Il rejoint Jack Draper parmi les participants confirm\u00e9s dans le tableau messieurs.<\/p>\n","protected":false},"excerpt":{"rendered":"Le jeune Br\u00e9silien, r\u00e9v\u00e9lation de la saison 2025, d\u00e9butera sa campagne 2026 \u00e0 Ad\u00e9la\u00efde, o\u00f9 il r\u00eave d\u00e9j\u00e0&hellip;\n","protected":false},"author":2,"featured_media":530310,"comment_status":"","ping_status":"","sticky":false,"template":"","format":"standard","meta":{"footnotes":""},"categories":[1415],"tags":[1011,27,60,1467],"class_list":{"0":"post-530309","1":"post","2":"type-post","3":"status-publish","4":"format-standard","5":"has-post-thumbnail","7":"category-tennis","8":"tag-fr","9":"tag-france","10":"tag-sports","11":"tag-tennis"},"share_on_mastodon":{"url":"https:\/\/pubeurope.com\/@fr\/115539971663258217","error":""},"_links":{"self":[{"href":"https:\/\/www.europesays.com\/fr\/wp-json\/wp\/v2\/posts\/530309","targetHints":{"allow":["GET"]}}],"collection":[{"href":"https:\/\/www.europesays.com\/fr\/wp-json\/wp\/v2\/posts"}],"about":[{"href":"https:\/\/www.europesays.com\/fr\/wp-json\/wp\/v2\/types\/post"}],"author":[{"embeddable":true,"href":"https:\/\/www.europesays.com\/fr\/wp-json\/wp\/v2\/users\/2"}],"replies":[{"embeddable":true,"href":"https:\/\/www.europesays.com\/fr\/wp-json\/wp\/v2\/comments?post=530309"}],"version-history":[{"count":0,"href":"https:\/\/www.europesays.com\/fr\/wp-json\/wp\/v2\/posts\/530309\/revisions"}],"wp:featuredmedia":[{"embeddable":true,"href":"https:\/\/www.europesays.com\/fr\/wp-json\/wp\/v2\/media\/530310"}],"wp:attachment":[{"href":"https:\/\/www.europesays.com\/fr\/wp-json\/wp\/v2\/media?parent=530309"}],"wp:term":[{"taxonomy":"category","embeddable":true,"href":"https:\/\/www.europesays.com\/fr\/wp-json\/wp\/v2\/categories?post=530309"},{"taxonomy":"post_tag","embeddable":true,"href":"https:\/\/www.europesays.com\/fr\/wp-json\/wp\/v2\/tags?post=530309"}],"curies":[{"name":"wp","href":"https:\/\/api.w.org\/{rel}","templated":true}]}}