{"id":530311,"date":"2025-11-13T02:16:18","date_gmt":"2025-11-13T02:16:18","guid":{"rendered":"https:\/\/www.europesays.com\/fr\/530311\/"},"modified":"2025-11-13T02:16:18","modified_gmt":"2025-11-13T02:16:18","slug":"timothe-gabriel-mettre-de-cote-le-debut-de-saison-actualite","status":"publish","type":"post","link":"https:\/\/www.europesays.com\/fr\/530311\/","title":{"rendered":"Timoth\u00e9 Gabriel : \u00ab Mettre de c\u00f4t\u00e9 le d\u00e9but de saison \u00bb &#8211; Actualit\u00e9"},"content":{"rendered":"<p style=\"text-align: justify;\">Timoth\u00e9 Gabriel (Team CX TPM) s\u2019est adjug\u00e9 ce mardi \u00e0 Charleville-M\u00e9zi\u00e8res, et pour la troisi\u00e8me fois en quatre ans <a href=\"https:\/\/www.directvelo.com\/actualite\/125278\/cyclo-cross-du-mont-olympe-a-charleville-mezieres-classements\" target=\"_blank\" rel=\"noopener\"><strong>le cyclo-cross du Mont-Olympe<\/strong><\/a> sur les hauteurs de la pr\u00e9fecture ardennaise. A l\u2019issue de l\u2019\u00e9preuve, nagu\u00e8re renomm\u00e9e \u00e0 l\u2019\u00e9chelon international, DirectVelo est all\u00e9 \u00e0 sa rencontre.<\/p>\n<p><strong>DirectVelo : Tu remportes ton quatri\u00e8me succ\u00e8s de la saison ici sur les pentes du Mont-Olympe&#8230;<\/strong><br \/>Timoth\u00e9 Gabriel : C\u2019est toujours plaisant de gagner \u00e0 domicile dans une organisation de mon ancien club. J\u2019avais une pens\u00e9e et je voulais gagner pour Jean-Paul (Verrier) l\u2019ancien pr\u00e9sident du club de Charleville-M\u00e9zi\u00e8res d\u00e9c\u00e9d\u00e9 cet \u00e9t\u00e9. C\u2019est bien d\u2019avoir pu le faire. On a fait trois-quatre tours ensemble avec Florian Fery puis il a fait une petite erreur, j\u2019en ai profit\u00e9 pour attaquer. On est ensuite rest\u00e9s entre dix et vingt secondes jusqu\u2019\u00e0 la fin. Je n\u2019arrivais pas \u00e0 creuser sur lui donc il \u00e9tait aussi costaud. Sur les parties physiques je pense que j\u2019\u00e9tais plus fort que lui, mais sur ce circuit toujours technique du Mont-Olympe je perdais un peu de temps. C\u2019\u00e9tait une belle bagarre pour le public.<\/p>\n<p><strong>Comment abordes tu le week-end de Coupe de France \u00e0 Quelneuc ?<\/strong><br \/>Dans la t\u00eate, cette victoire aujourd\u2019hui me remotive. Je vais y aller pour faire un Top 5 car c\u2019est un circuit qui mon convient bien. C\u2019est physique, un peu technique mais pas trop. Cela ressemble \u00e0 Pierric <a href=\"https:\/\/www.directvelo.com\/actualite\/117065\/timothe-gabriel-je-me-surprends-de-week-end-en-week-end\" target=\"_blank\" rel=\"noopener\"><strong>o\u00f9 j\u2019avais gagn\u00e9 l\u2019ann\u00e9e derni\u00e8re<\/strong><\/a>. J\u2019y vais surtout pour me faire plaisir et un Top 5 serait vraiment super.<\/p>\n<p><strong>\u00ab AU PORTUGAL POUR ALLER CHERCHER DES POINTS UCI \u00bb<\/strong><\/p>\n<p><strong>Quel bilan tires tu de ton premier week-end de Coupe de France \u00e0 Albi ?<\/strong><br \/>Le samedi j\u2019\u00e9tais en chasse-patate toute la course, tout seul, et je termine 5e. Le lendemain j\u2019ai fait un bon d\u00e9part mais j\u2019ai eu un coup de moins bien. J\u2019ai fait vingt bonnes premi\u00e8res minutes et les jambes ne r\u00e9pondaient plus du tout. Je vais dire que j\u2019ai limit\u00e9 la casse en faisant 12e.<\/p>\n<p><strong>Mi-octobre, tu es all\u00e9 courir \u00e0 l\u2019international au Portugal. Pourquoi ce choix ?<\/strong><br \/>Dans le Team CX TPM,\u00a0 Hugo Jot n\u2019avait plus de points UCI et recommence une nouvelle saison. Avec un week-end de Coupe de France en moins cette saison, le club a d\u00e9cid\u00e9 de nous organiser un d\u00e9placement au Portugal pour y aller collectivement et aller chercher des points UCI. Nous, coureurs (lui et les fr\u00e8res Matt\u00e9o et Hugo Jot) sommes descendus en avion le vendredi en d\u00e9but d\u2019apr\u00e8s-midi depuis Beauvais jusqu&rsquo;\u00e0 l\u2019a\u00e9roport de Porto. Entre coureurs nous avons lou\u00e9 une voiture, et nous sommes revenus en avion le lundi matin, ce n\u2019\u00e9tait pas du tout fatigant. Le staff est lui descendu en camion.<\/p>\n<p><strong>\u00ab NOUS AVONS D\u00c9CID\u00c9 DE PAYER NOS BILLETS D&rsquo;AVION AVEC LES PRIMES \u00bb<\/strong><\/p>\n<p><strong>Comment se sont pass\u00e9es les deux \u00e9preuves l\u00e0-bas ?<\/strong><br \/>On a trouv\u00e9 des terrains diff\u00e9rents des circuits habituels en France ou Belgique. Le samedi \u00e0 Melga\u00e7o, c\u2019\u00e9tait poussi\u00e9reux. Ce n\u2019\u00e9tait pas pour moi mais cela a convenu \u00e0 Matt\u00e9o Jot, plus technique qui finit troisi\u00e8me. Je fais six et Hugo douze. Le bilan \u00e9tait positif, le but \u00e9tait de prendre des points et on l\u2019a fait. Comme la course \u00e9tait C1, on a rentabilis\u00e9 le d\u00e9placement pour le club car nous trois, les coureurs, avons d\u00e9cid\u00e9 de payer nos billets d\u2019avion avec les primes gagn\u00e9es. Le club \u00e9tait super content. Le lendemain \u00e0 Vouzela, c\u2019\u00e9tait physique et boueux, tout ce qui me convient. Je gagne donc une victoire UCI suppl\u00e9mentaire pour le club. On s\u2019est retrouv\u00e9 \u00e0 trois jusqu\u2019\u00e0 mi-course et je suis parti ensuite seul pour gagner avec quatre secondes d&rsquo;avance. Avec Hugo qui finit 6e, nous avons encore marqu\u00e9 des points UCI et d\u00e9couvert durant ce week-end-l\u00e0 un autre pays. Cette troisi\u00e8me victoire UCI, apr\u00e8s Contern et Pierric la saison derni\u00e8re, me fait plaisir m\u00eame si on va nous critiquer d\u2019\u00eatre all\u00e9s l\u00e0-bas pour les points UCI.<\/p>\n<p><strong>Quels sont tes objectifs cet hiver ?<\/strong><br \/>On constate depuis plusieurs hivers avec mon entra\u00eeneur, John Gadret, que je suis en pic de forme en d\u00e9but de saison et arriv\u00e9 aux France je coince un peu. Donc cet hiver on a choisi autre chose. On pr\u00e9f\u00e8re mettre de c\u00f4t\u00e9 le d\u00e9but de saison. Il faut \u00eatre l\u00e0 mais pas n\u00e9cessairement dans les meilleurs. Et ensuite pourquoi pas faire quelque chose au Championnat de France. L\u2019hiver dernier, je fais\u00a0<strong><a href=\"https:\/\/www.directvelo.com\/epreuve\/45356\/championnat-de-france-de-cyclo-cross-elite-hommes-2025\" target=\"_blank\" rel=\"noopener\">7e \u00e0 Pontch\u00e2teau<\/a><\/strong> \u00a0donc j\u2019aimerais bien un Top 5 presqu\u2019\u00e0 domicile \u00e0 Troyes. La premi\u00e8re ann\u00e9e j&rsquo;\u00e9tais all\u00e9 tracer le circuit avec Joris Delbove et 3Cycles. On a choisi nos traces, c\u2019est notre circuit. Je le connais par coeur.<\/p>\n","protected":false},"excerpt":{"rendered":"Timoth\u00e9 Gabriel (Team CX TPM) s\u2019est adjug\u00e9 ce mardi \u00e0 Charleville-M\u00e9zi\u00e8res, et pour la troisi\u00e8me fois en quatre&hellip;\n","protected":false},"author":2,"featured_media":530312,"comment_status":"","ping_status":"","sticky":false,"template":"","format":"standard","meta":{"footnotes":""},"categories":[1411],"tags":[834,828,836,829,837,827,83,826,824,823,1154,207,814,817,815,816,822,821,832,211,839,1011,27,820,818,819,835,831,830,833,838,60,212,208,825],"class_list":{"0":"post-530311","1":"post","2":"type-post","3":"status-publish","4":"format-standard","5":"has-post-thumbnail","7":"category-cyclisme","8":"tag-attaque","9":"tag-belgique","10":"tag-braquet","11":"tag-bretagne","12":"tag-chute","13":"tag-competition","14":"tag-coupe-de-france","15":"tag-coureur","16":"tag-course-cyclisme","17":"tag-course-cycliste","18":"tag-cycling","19":"tag-cyclisme","20":"tag-direct","21":"tag-direct-velo","22":"tag-directvelo","23":"tag-directvelo-com","24":"tag-epreuve","25":"tag-epreuve-cycliste","26":"tag-federation-francaise-de-cyclisme","27":"tag-ffc","28":"tag-flandres","29":"tag-fr","30":"tag-france","31":"tag-live","32":"tag-live-course","33":"tag-live-epreuve","34":"tag-peloton","35":"tag-radio-peloton","36":"tag-radio-tour","37":"tag-ravitaillement","38":"tag-relance","39":"tag-sports","40":"tag-uci","41":"tag-velo","42":"tag-velos"},"share_on_mastodon":{"url":"https:\/\/pubeurope.com\/@fr\/115539986658429890","error":""},"_links":{"self":[{"href":"https:\/\/www.europesays.com\/fr\/wp-json\/wp\/v2\/posts\/530311","targetHints":{"allow":["GET"]}}],"collection":[{"href":"https:\/\/www.europesays.com\/fr\/wp-json\/wp\/v2\/posts"}],"about":[{"href":"https:\/\/www.europesays.com\/fr\/wp-json\/wp\/v2\/types\/post"}],"author":[{"embeddable":true,"href":"https:\/\/www.europesays.com\/fr\/wp-json\/wp\/v2\/users\/2"}],"replies":[{"embeddable":true,"href":"https:\/\/www.europesays.com\/fr\/wp-json\/wp\/v2\/comments?post=530311"}],"version-history":[{"count":0,"href":"https:\/\/www.europesays.com\/fr\/wp-json\/wp\/v2\/posts\/530311\/revisions"}],"wp:featuredmedia":[{"embeddable":true,"href":"https:\/\/www.europesays.com\/fr\/wp-json\/wp\/v2\/media\/530312"}],"wp:attachment":[{"href":"https:\/\/www.europesays.com\/fr\/wp-json\/wp\/v2\/media?parent=530311"}],"wp:term":[{"taxonomy":"category","embeddable":true,"href":"https:\/\/www.europesays.com\/fr\/wp-json\/wp\/v2\/categories?post=530311"},{"taxonomy":"post_tag","embeddable":true,"href":"https:\/\/www.europesays.com\/fr\/wp-json\/wp\/v2\/tags?post=530311"}],"curies":[{"name":"wp","href":"https:\/\/api.w.org\/{rel}","templated":true}]}}