{"id":530315,"date":"2025-11-13T02:18:18","date_gmt":"2025-11-13T02:18:18","guid":{"rendered":"https:\/\/www.europesays.com\/fr\/530315\/"},"modified":"2025-11-13T02:18:18","modified_gmt":"2025-11-13T02:18:18","slug":"george-clooney-ne-jure-que-par-ces-baskets-adidas-vintage-a-moins-de-100-euros","status":"publish","type":"post","link":"https:\/\/www.europesays.com\/fr\/530315\/","title":{"rendered":"George Clooney ne jure que par ces baskets adidas vintage \u00e0 moins de 100 euros"},"content":{"rendered":"<p>George Clooney est-il en train de se convertir \u00e0 la basket ? La star hollywoodienne, plus prompte \u00e0 s&rsquo;afficher en derbies ou en mocassins, semble de plus en plus mordue de la bonne vieille chaussure streetwear. \u00c0 New York le week-end dernier, alors qu&rsquo;il quittait la projection de Jay Kelly, la com\u00e9die dramatique r\u00e9alis\u00e9e par Noah Baumbach dans laquelle il joue, George Clooney s&rsquo;est entich\u00e9 d&rsquo;une paire de adidas vintage, dans la veine de celles qu&rsquo;il avait d\u00e9j\u00e0 port\u00e9e en mai dernier : des adidas <a href=\"https:\/\/www.gqmagazine.fr\/article\/george-clooney-adidas-rod-laver-new-york-street-style-2025\" target=\"_blank\" rel=\"noopener\">Rod Laver<\/a>.<\/p>\n<p>N\u00e9es dans les ann\u00e9es 70 en hommage au l\u00e9gendaire joueur de tennis australien Rod Laver, les baskets furent con\u00e7ues \u00e0 l&rsquo;origine pour le jeu sur gazon. Si elles se distinguent par leur design sobre, avec une simple tige en mesh ou en cuir, ainsi que des renforts en su\u00e8de et une semelle en caoutchouc noir \u00e0 l&rsquo;avant, elles sont le plus souvent blanches avec des touches color\u00e9es ici et l\u00e0. Elles comportent un marquage sp\u00e9cial autour du talon et un portrait de Rod Laver lui-m\u00eame sur la languette. Nul besoin de pr\u00e9ciser qu&rsquo;elles font partie des adidas \u00e0 l&rsquo;esth\u00e9tique tr\u00e8s vintage, similaires \u00e0 des mod\u00e8les comme la Spezial ou la Samba. \u00c0 l&rsquo;instar de ces mod\u00e8les justement, les adidas Rod Laver, dans leur version basique, sont donc <a data-offer-url=\"https:\/\/www.joom.com\/fr\/products\/68cfc572875da701c0617fff?currency=EUR&amp;utm_productid=68cfc572875da701c0617fff&amp;utm_feed=web&amp;utm_hash=cabd014f0de880858401de470d421e28&amp;variant_id=68cfc572875da758c0618002&amp;gsAttrs=eyJyZWdpb24iOiJGUiIsICJzcGVjaWFsUHJpY2VVc2VkIjpmYWxzZX0g&amp;exp_price=MTA0LjYg&amp;utm_audienceid=advertising_web_gg_2d&amp;utm_source=google&amp;utm_medium=cpc&amp;utm_campaign=21203810605&amp;utm_term=cid-21203810605%2Cagi-%2Cadi-%2Ctid-%2Cdev-c%2Creg-1006094%2Cmd-68cfc572875da758c0618002&amp;gad_source=1&amp;gad_campaignid=21193063584&amp;gclid=CjwKCAiA_dDIBhB6EiwAvzc1cIVdu4FQ6NEGmLOFOA8YyjqV7XdcUxo0xXE2wr09MwE38D1qsi4f9RoCl88QAvD_BwE\" class=\"external-link\" data-event-click=\"{&quot;element&quot;:&quot;ExternalLink&quot;,&quot;outgoingURL&quot;:&quot;https:\/\/www.joom.com\/fr\/products\/68cfc572875da701c0617fff?currency=EUR&amp;utm_productid=68cfc572875da701c0617fff&amp;utm_feed=web&amp;utm_hash=cabd014f0de880858401de470d421e28&amp;variant_id=68cfc572875da758c0618002&amp;gsAttrs=eyJyZWdpb24iOiJGUiIsICJzcGVjaWFsUHJpY2VVc2VkIjpmYWxzZX0g&amp;exp_price=MTA0LjYg&amp;utm_audienceid=advertising_web_gg_2d&amp;utm_source=google&amp;utm_medium=cpc&amp;utm_campaign=21203810605&amp;utm_term=cid-21203810605%2Cagi-%2Cadi-%2Ctid-%2Cdev-c%2Creg-1006094%2Cmd-68cfc572875da758c0618002&amp;gad_source=1&amp;gad_campaignid=21193063584&amp;gclid=CjwKCAiA_dDIBhB6EiwAvzc1cIVdu4FQ6NEGmLOFOA8YyjqV7XdcUxo0xXE2wr09MwE38D1qsi4f9RoCl88QAvD_BwE&quot;}\" href=\"https:\/\/www.joom.com\/fr\/products\/68cfc572875da701c0617fff?currency=EUR&amp;utm_productid=68cfc572875da701c0617fff&amp;utm_feed=web&amp;utm_hash=cabd014f0de880858401de470d421e28&amp;variant_id=68cfc572875da758c0618002&amp;gsAttrs=eyJyZWdpb24iOiJGUiIsICJzcGVjaWFsUHJpY2VVc2VkIjpmYWxzZX0g&amp;exp_price=MTA0LjYg&amp;utm_audienceid=advertising_web_gg_2d&amp;utm_source=google&amp;utm_medium=cpc&amp;utm_campaign=21203810605&amp;utm_term=cid-21203810605%2Cagi-%2Cadi-%2Ctid-%2Cdev-c%2Creg-1006094%2Cmd-68cfc572875da758c0618002&amp;gad_source=1&amp;gad_campaignid=21193063584&amp;gclid=CjwKCAiA_dDIBhB6EiwAvzc1cIVdu4FQ6NEGmLOFOA8YyjqV7XdcUxo0xXE2wr09MwE38D1qsi4f9RoCl88QAvD_BwE\" rel=\"nofollow noopener\" target=\"_blank\">tr\u00e8s abordables<\/a> : entre 90 et 100 euros, elles font partie des paires les plus convoit\u00e9es de l&rsquo;\u00e9quipementier allemand.<\/p>\n<p><img decoding=\"async\" alt=\"George Clooney le 7 novembre \u00e0 New York.\" loading=\"lazy\" class=\"ResponsiveImageContainer-eNxvmU cfBbTk responsive-image__image\"   src=\"https:\/\/www.europesays.com\/fr\/wp-content\/uploads\/2025\/11\/GettyImages-2245590614.jpg\"\/><\/p>\n<p>George Clooney le 7 novembre, \u00e0 New York.\u00a9 TheStewartofNY\/Getty Images<\/p>\n<p>Pour le reste du look, <a href=\"https:\/\/www.gqmagazine.fr\/article\/brad-pitt-george-clooney-cover-story\" target=\"_blank\" rel=\"noopener\">l&rsquo;acteur<\/a> a mis\u00e9 sur un style d\u00e9contract\u00e9. Il portait ainsi une veste en cuir noir sign\u00e9e Belstaff, une marqu\u00e9e anglaise fond\u00e9e \u00e0 Stoke-on-Trent, en Angleterre, en 1924. Et George Clooney de la porter l\u00e9g\u00e8rement d\u00e9boutonn\u00e9e, rehauss\u00e9e d&rsquo;un tee-shirt noir simple et d&rsquo;un jean chino (mauve !). Si Belstaff fabriquait \u00e0 l&rsquo;origine des v\u00eatements pour les motards, elle est vite devenue la marque de v\u00eatements d&rsquo;ext\u00e9rieur pr\u00e9f\u00e9r\u00e9e des c\u00e9l\u00e9brit\u00e9s \u2013 David Beckham ou Steve McQueen, entre autres visages connus l&rsquo;ayant d\u00e9j\u00e0 adopt\u00e9e. George Clooney, enfin, a fait honneur \u00e0 son statut de sex symbol avec une paire de solaires l\u00e9g\u00e8rement teint\u00e9es.<\/p>\n","protected":false},"excerpt":{"rendered":"George Clooney est-il en train de se convertir \u00e0 la basket ? La star hollywoodienne, plus prompte \u00e0&hellip;\n","protected":false},"author":2,"featured_media":530316,"comment_status":"","ping_status":"","sticky":false,"template":"","format":"standard","meta":{"footnotes":""},"categories":[1359],"tags":[25770,58,59,1011,27,6054,973],"class_list":{"0":"post-530315","1":"post","2":"type-post","3":"status-publish","4":"format-standard","5":"has-post-thumbnail","7":"category-people","8":"tag-adidas","9":"tag-divertissement","10":"tag-entertainment","11":"tag-fr","12":"tag-france","13":"tag-george-clooney","14":"tag-people"},"share_on_mastodon":{"url":"https:\/\/pubeurope.com\/@fr\/115539995505295639","error":""},"_links":{"self":[{"href":"https:\/\/www.europesays.com\/fr\/wp-json\/wp\/v2\/posts\/530315","targetHints":{"allow":["GET"]}}],"collection":[{"href":"https:\/\/www.europesays.com\/fr\/wp-json\/wp\/v2\/posts"}],"about":[{"href":"https:\/\/www.europesays.com\/fr\/wp-json\/wp\/v2\/types\/post"}],"author":[{"embeddable":true,"href":"https:\/\/www.europesays.com\/fr\/wp-json\/wp\/v2\/users\/2"}],"replies":[{"embeddable":true,"href":"https:\/\/www.europesays.com\/fr\/wp-json\/wp\/v2\/comments?post=530315"}],"version-history":[{"count":0,"href":"https:\/\/www.europesays.com\/fr\/wp-json\/wp\/v2\/posts\/530315\/revisions"}],"wp:featuredmedia":[{"embeddable":true,"href":"https:\/\/www.europesays.com\/fr\/wp-json\/wp\/v2\/media\/530316"}],"wp:attachment":[{"href":"https:\/\/www.europesays.com\/fr\/wp-json\/wp\/v2\/media?parent=530315"}],"wp:term":[{"taxonomy":"category","embeddable":true,"href":"https:\/\/www.europesays.com\/fr\/wp-json\/wp\/v2\/categories?post=530315"},{"taxonomy":"post_tag","embeddable":true,"href":"https:\/\/www.europesays.com\/fr\/wp-json\/wp\/v2\/tags?post=530315"}],"curies":[{"name":"wp","href":"https:\/\/api.w.org\/{rel}","templated":true}]}}