{"id":530317,"date":"2025-11-13T02:19:24","date_gmt":"2025-11-13T02:19:24","guid":{"rendered":"https:\/\/www.europesays.com\/fr\/530317\/"},"modified":"2025-11-13T02:19:24","modified_gmt":"2025-11-13T02:19:24","slug":"cotiere-avec-sa-baie-vitree-sur-120-degres-cette-cabane-de-luxe-made-in-ain-mise-sur-leco-conception","status":"publish","type":"post","link":"https:\/\/www.europesays.com\/fr\/530317\/","title":{"rendered":"C\u00f4ti\u00e8re. Avec sa baie vitr\u00e9e sur 120 degr\u00e9s, cette cabane de luxe made in Ain mise sur l&rsquo;\u00e9co-conception"},"content":{"rendered":"<p>Une immense baie vitr\u00e9e arrondie, qui ouvre sur la pleine nature. \u00c0 l\u2019int\u00e9rieur, un lit duquel les occupants ne peuvent qu\u2019appr\u00e9cier la vue privil\u00e9gi\u00e9e. Le tout, dans une cabane bard\u00e9e de bois qui conf\u00e8re \u00e0 cet espace presque infini une impression cosy et incrust\u00e9e dans le paysage.<\/p>\n<p>Cette bulle en plein air aussi minimaliste que luxueuse se nomme Lumipod. On peut la retrouver dans plusieurs \u00e9tablissements d\u2019h\u00f4tellerie haut de gamme, comme dans l\u2019Ain <a href=\"https:\/\/www.leprogres.fr\/economie\/2025\/04\/11\/le-departement-mise-sur-de-nouvelles-offres-d-hebergement-pour-booster-le-tourisme\" target=\"_blank\" rel=\"nofollow noopener\">le domaine des Feuilles<\/a>, \u00e0 B\u00e2g\u00e9-Dommartin. Ou, un peu plus loin, au c\u0153ur du Tyrol autrichien.<\/p>\n<p>Depuis janvier\u00a02024, les Lumipod sont assembl\u00e9s \u00e0 Miribel, si\u00e8ge social choisi il y a tout&#8230;<\/p>\n","protected":false},"excerpt":{"rendered":"Une immense baie vitr\u00e9e arrondie, qui ouvre sur la pleine nature. \u00c0 l\u2019int\u00e9rieur, un lit duquel les occupants&hellip;\n","protected":false},"author":2,"featured_media":530318,"comment_status":"","ping_status":"","sticky":false,"template":"","format":"standard","meta":{"footnotes":""},"categories":[1358],"tags":[2738,1348,1384,1385,1386,58,33,6751,59,1011,27,693,11155,46834,216],"class_list":{"0":"post-530317","1":"post","2":"type-post","3":"status-publish","4":"format-standard","5":"has-post-thumbnail","7":"category-arts-et-design","8":"tag-ain","9":"tag-arts","10":"tag-arts-and-design","11":"tag-arts-et-design","12":"tag-design","13":"tag-divertissement","14":"tag-economie","15":"tag-edition-ain-ouest","16":"tag-entertainment","17":"tag-fr","18":"tag-france","19":"tag-industrie","20":"tag-miribel","21":"tag-miribel-bassin","22":"tag-vie-des-entreprises"},"share_on_mastodon":{"url":"https:\/\/pubeurope.com\/@fr\/115539998326318027","error":""},"_links":{"self":[{"href":"https:\/\/www.europesays.com\/fr\/wp-json\/wp\/v2\/posts\/530317","targetHints":{"allow":["GET"]}}],"collection":[{"href":"https:\/\/www.europesays.com\/fr\/wp-json\/wp\/v2\/posts"}],"about":[{"href":"https:\/\/www.europesays.com\/fr\/wp-json\/wp\/v2\/types\/post"}],"author":[{"embeddable":true,"href":"https:\/\/www.europesays.com\/fr\/wp-json\/wp\/v2\/users\/2"}],"replies":[{"embeddable":true,"href":"https:\/\/www.europesays.com\/fr\/wp-json\/wp\/v2\/comments?post=530317"}],"version-history":[{"count":0,"href":"https:\/\/www.europesays.com\/fr\/wp-json\/wp\/v2\/posts\/530317\/revisions"}],"wp:featuredmedia":[{"embeddable":true,"href":"https:\/\/www.europesays.com\/fr\/wp-json\/wp\/v2\/media\/530318"}],"wp:attachment":[{"href":"https:\/\/www.europesays.com\/fr\/wp-json\/wp\/v2\/media?parent=530317"}],"wp:term":[{"taxonomy":"category","embeddable":true,"href":"https:\/\/www.europesays.com\/fr\/wp-json\/wp\/v2\/categories?post=530317"},{"taxonomy":"post_tag","embeddable":true,"href":"https:\/\/www.europesays.com\/fr\/wp-json\/wp\/v2\/tags?post=530317"}],"curies":[{"name":"wp","href":"https:\/\/api.w.org\/{rel}","templated":true}]}}