{"id":530323,"date":"2025-11-13T02:23:41","date_gmt":"2025-11-13T02:23:41","guid":{"rendered":"https:\/\/www.europesays.com\/fr\/530323\/"},"modified":"2025-11-13T02:23:41","modified_gmt":"2025-11-13T02:23:41","slug":"sortie-au-cinema-de-detective-conan-la-memoire-retrouvee-12-novembre-2025","status":"publish","type":"post","link":"https:\/\/www.europesays.com\/fr\/530323\/","title":{"rendered":"Sortie au cin\u00e9ma de D\u00e9tective Conan : La M\u00e9moire Retrouv\u00e9e, 12 Novembre 2025"},"content":{"rendered":"<p style=\"text-align: justify;\">C&rsquo;est aujourd&rsquo;hui que le distributeur <strong>Eurozoom <\/strong>sort dans les cin\u00e9mas fran\u00e7ais le dernier film d&rsquo;animation en date bas\u00e9 sur <a href=\"https:\/\/www.manga-news.com\/index.php\/serie\/Detective-Conan\" target=\"_blank\" rel=\"noopener\"><strong xmlns=\"http:\/\/www.w3.org\/1999\/xhtml\">D\u00e9tective Conan<\/strong><\/a>.<\/p>\n<p style=\"text-align: justify;\">De son nom original\u00a0Detective Conan : Sekigan no Flashback, <strong><a href=\"https:\/\/www.manga-news.com\/index.php\/dvd\/Detective-Conan-Film-28\" target=\"_blank\" rel=\"noopener\">D\u00e9tective Conan : La M\u00e9moire Retrouv\u00e9e<\/a><\/strong>\u00a0est paru dans les salles nippones au printemps dernier.<\/p>\n<p style=\"text-align: justify;\">Le studio\u00a0<a href=\"https:\/\/www.manga-news.com\/index.php\/auteur\/TMS-Entertainment\" target=\"_blank\" rel=\"noopener\">TMS Entertainment<\/a> a produit le film, tandis que sa r\u00e9alisation a \u00e9t\u00e9 assur\u00e9e par <a href=\"https:\/\/www.manga-news.com\/index.php\/auteur\/Katsuya-SHIGEHARA\" target=\"_blank\" rel=\"noopener\">Katsuya Shigehara<\/a>, un artiste d&rsquo;animation qui a d\u00e9j\u00e0 \u0153uvr\u00e9 \u00e0 plusieurs reprises sur la saga mais dont il s&rsquo;agit du premier gros travail sur la <a href=\"https:\/\/www.manga-news.com\/index.php\/univers\/Detective-Conan\" target=\"_blank\" rel=\"noopener\">saga D\u00e9tective Conan<\/a>. Le sc\u00e9nario, lui, a \u00e9t\u00e9 \u00e9crit par <a href=\"https:\/\/www.manga-news.com\/index.php\/auteur\/SAKURAI-Takeharu\" target=\"_blank\" rel=\"noopener\">Takeharu Sakurai<\/a>, qui a d\u00e9j\u00e0 \u00e9crit sept films Conan auparavant dont les r\u00e9cents Scarlet Bullet (film 24) et Le sous-marin noir (film 26). Enfin, on retrouve aux musiques\u00a0<a href=\"https:\/\/www.manga-news.com\/index.php\/auteur\/KANNO-Yugo\" target=\"_blank\" rel=\"noopener\">Y\u00fbgo Kanno<\/a>, qui signe l\u00e0 sa quatri\u00e8me bande originale cons\u00e9cutive les films de la c\u00e9l\u00e8bre licence.<\/p>\n<p style=\"text-align: center;\"><img decoding=\"async\" src=\"https:\/\/www.europesays.com\/fr\/wp-content\/uploads\/2025\/11\/detective-conan-la-memoire-retrouvee-affiche.webp.webp\" alt=\"\" style=\"width: 100%; max-width: 527px; height: auto; max-height: 702px;\"\/><\/p>\n<p style=\"text-align: justify;\">Synopsis :<\/p>\n<p style=\"text-align: justify;\">\u00c0 Tokyo, Conan assiste impuissant \u00e0 l\u2019assassinat d\u2019un ancien coll\u00e8gue de Kogor\u00f4. D\u00e9termin\u00e9 \u00e0 venger son ami en d\u00e9busquant le meurtrier, ce dernier remonte une piste qui le conduit aux montagnes enneig\u00e9es de Nagano. Sur place, il fera \u00e9quipe avec Kansuke Yamato qui a lui-m\u00eame \u00e9t\u00e9 gravement bless\u00e9 lors d\u2019une avalanche 10 mois plus t\u00f4t. Or ses souvenirs perdus pourraient bien fournir la clef pour r\u00e9soudre l\u2019enqu\u00eate.<\/p>\n","protected":false},"excerpt":{"rendered":"C&rsquo;est aujourd&rsquo;hui que le distributeur Eurozoom sort dans les cin\u00e9mas fran\u00e7ais le dernier film d&rsquo;animation en date bas\u00e9&hellip;\n","protected":false},"author":2,"featured_media":427626,"comment_status":"","ping_status":"","sticky":false,"template":"","format":"standard","meta":{"footnotes":""},"categories":[1354],"tags":[1111,47,2566,58,59,1346,1011,27,1922,6681,6683,2567,6682,1360,1404,64924],"class_list":{"0":"post-530323","1":"post","2":"type-post","3":"status-publish","4":"format-standard","5":"has-post-thumbnail","7":"category-films","8":"tag-actu","9":"tag-actualite","10":"tag-anime","11":"tag-divertissement","12":"tag-entertainment","13":"tag-films","14":"tag-fr","15":"tag-france","16":"tag-info","17":"tag-manga","18":"tag-manga-news","19":"tag-manga-news-com","20":"tag-mangas","21":"tag-movies","22":"tag-quotidien","23":"tag-sortie-au-cinema-de-detective-conan-la-memoire-retrouvee"},"share_on_mastodon":{"url":"https:\/\/pubeurope.com\/@fr\/115540014100990140","error":""},"_links":{"self":[{"href":"https:\/\/www.europesays.com\/fr\/wp-json\/wp\/v2\/posts\/530323","targetHints":{"allow":["GET"]}}],"collection":[{"href":"https:\/\/www.europesays.com\/fr\/wp-json\/wp\/v2\/posts"}],"about":[{"href":"https:\/\/www.europesays.com\/fr\/wp-json\/wp\/v2\/types\/post"}],"author":[{"embeddable":true,"href":"https:\/\/www.europesays.com\/fr\/wp-json\/wp\/v2\/users\/2"}],"replies":[{"embeddable":true,"href":"https:\/\/www.europesays.com\/fr\/wp-json\/wp\/v2\/comments?post=530323"}],"version-history":[{"count":0,"href":"https:\/\/www.europesays.com\/fr\/wp-json\/wp\/v2\/posts\/530323\/revisions"}],"wp:featuredmedia":[{"embeddable":true,"href":"https:\/\/www.europesays.com\/fr\/wp-json\/wp\/v2\/media\/427626"}],"wp:attachment":[{"href":"https:\/\/www.europesays.com\/fr\/wp-json\/wp\/v2\/media?parent=530323"}],"wp:term":[{"taxonomy":"category","embeddable":true,"href":"https:\/\/www.europesays.com\/fr\/wp-json\/wp\/v2\/categories?post=530323"},{"taxonomy":"post_tag","embeddable":true,"href":"https:\/\/www.europesays.com\/fr\/wp-json\/wp\/v2\/tags?post=530323"}],"curies":[{"name":"wp","href":"https:\/\/api.w.org\/{rel}","templated":true}]}}