{"id":530324,"date":"2025-11-13T02:25:13","date_gmt":"2025-11-13T02:25:13","guid":{"rendered":"https:\/\/www.europesays.com\/fr\/530324\/"},"modified":"2025-11-13T02:25:13","modified_gmt":"2025-11-13T02:25:13","slug":"je-narrivais-pas-a-y-croire-a-20-ans-elle-est-victime-dun-avc-et-alerte-sur-son-seul-symptome","status":"publish","type":"post","link":"https:\/\/www.europesays.com\/fr\/530324\/","title":{"rendered":"\u00ab\u00a0Je n&rsquo;arrivais pas \u00e0 y croire\u00a0\u00bb : \u00e0 20 ans, elle est victime d&rsquo;un AVC et alerte sur son seul sympt\u00f4me"},"content":{"rendered":"<p class=\"mb-4 text-lg md:leading-8 break-words\">Esther Littlewood r\u00e9apprend \u00e0 vivre normalement. En juin dernier, la jeune femme de 20 ans originaire d&rsquo;Angleterre a \u00e9t\u00e9 <a data-i13n=\"cpos:1;pos:1\" href=\"https:\/\/fr.news.yahoo.com\/je-pensais-que-cetait-un-truc-de-vieux-victime-dun-avc-a-30-ans-a-cause-de-son-hygiene-de-vie-il-doit-la-vie-a-sa-copine-082934060.html\" data-ylk=\"slk:victime d&#039;un accident vasculaire c\u00e9r\u00e9bral.;cpos:1;pos:1;elm:context_link;itc:0;sec:content-canvas;outcm:mb_qualified_link;_E:mb_qualified_link;ct:story;\" class=\"link  yahoo-link\" target=\"_blank\" rel=\"noopener\">victime d&rsquo;un accident vasculaire c\u00e9r\u00e9bral. <\/a>Aujourd&rsquo;hui, elle tient \u00e0 sensibiliser sur un signe avant-coureur.<\/p>\n<p>\u00ab\u00a0J&rsquo;avais un tr\u00e8s fort mal de t\u00eate\u00a0\u00bb<\/p>\n<p class=\"mb-4 text-lg md:leading-8 break-words\">Les faits se sont d\u00e9roul\u00e9s lors d&rsquo;une journ\u00e9e somme toute banale. Install\u00e9e devant la t\u00e9l\u00e9vision, sur le canap\u00e9 de sa maison dans le Derbyshire, Esther a soudainement \u00e9t\u00e9 prise d&rsquo;un violent mal de t\u00eate. \u00ab\u00a0Vraiment en forme et en bonne sant\u00e9\u00a0\u00bb, la jeune femme, qui suivait alors une formation pour devenir polici\u00e8re, ne s&rsquo;est pas alert\u00e9e et a pris un parac\u00e9tamol avant de regagner sa chambre pour se reposer. \u00ab\u00a0Ma m\u00e8re a dit que nous \u00e9tions en bas en train de regarder une \u00e9mission et que j&rsquo;avais port\u00e9 la main \u00e0 ma t\u00eate, pr\u00e8s de mon oreille gauche, en disant &lsquo;\u00c7a fait mal&rsquo;. Je lui ai dit que j&rsquo;avais un tr\u00e8s fort mal de t\u00eate et que j&rsquo;avais pris du parac\u00e9tamol. Apparemment, j&rsquo;ai dit que j&rsquo;avais besoin de faire une sieste\u00a0\u00bb raconte-t-elle dans un article du <a data-i13n=\"cpos:2;pos:1\" href=\"https:\/\/l.facebook.com\/l.php?u=https%3A%2F%2Fwww.dailymail.co.uk%2Fhealth%2Farticle-15280085%2FWoman-20-stroke-warning-sign-headache-TV.html%3Ffbclid%3DIwZXh0bgNhZW0CMTAAYnJpZBEwWWtIb2N0bzNSZk1vczY3cHNydGMGYXBwX2lkEDIyMjAzOTE3ODgyMDA4OTIAAR4sE9JduylzxQfy-HvV04St4hMb3ZiBTqgikY61XClUdvXhR8YUxQ2cfAuyyQ_aem_Ojkz5hdniMLoFhxY44gcLw&amp;h=AT0C_abUJdOXEOKuXigevQYRFLZqa6CN9sNBmPj92xDJf-IIlkdZsIYew1kLy3mjcFiWK7ZYXFsU3Nbcajbhl3IgmsNBpRTvdceL-g7PhX7qz2-GIWRrFEHFfETjysItCRki4IxUrYZWFMUx2aWAvJEDewI\" rel=\"nofollow noopener\" target=\"_blank\" data-ylk=\"slk:Daily Mail.;cpos:2;pos:1;elm:context_link;itc:0;sec:content-canvas\" class=\"link \">Daily Mail. <\/a>Mais quelques heures plus tard, lorsque le petit ami d&rsquo;Esther entre dans sa chambre, il la trouve allong\u00e9e inconsciente sur son lit. Transport\u00e9e d&rsquo;urgence \u00e0 l&rsquo;h\u00f4pital royal de Chesterfield, Esther est plac\u00e9e dans le coma.<\/p>\n<p>\u00ab\u00a0On m&rsquo;a dit qu&rsquo;un AVC \u00e0 un si jeune \u00e2ge \u00e9tait extr\u00eamement rare\u00a0\u00bb<\/p>\n<p class=\"mb-4 text-lg md:leading-8 break-words\">Plus tard, des examens m\u00e9dicaux r\u00e9v\u00e8lent que<a data-i13n=\"cpos:3;pos:1\" href=\"https:\/\/fr.news.yahoo.com\/ces-deux-infections-courantes-multiplient-par-3-a-5-le-risque-de-crise-cardiaque-et-davc-115433910.html\" data-ylk=\"slk:la jeune femme a \u00e9t\u00e9 victime d&#039;un AVC;cpos:3;pos:1;elm:context_link;itc:0;sec:content-canvas;outcm:mb_qualified_link;_E:mb_qualified_link;ct:story;\" class=\"link  yahoo-link\" target=\"_blank\" rel=\"noopener\"> la jeune femme a \u00e9t\u00e9 victime d&rsquo;un AVC <\/a>d\u00e9clench\u00e9 par un type d&rsquo;anomalie du coeur appel\u00e9e foramen ovale perm\u00e9able, une ouverture entre les deux oreillettes du c\u0153ur qui n&rsquo;a pas \u00e9t\u00e9 diagnostiqu\u00e9e dans le cas d&rsquo;Esther. Cette anomalie qui se forme g\u00e9n\u00e9ralement apr\u00e8s la naissance a permis \u00e0 un caillot de sang de remonter jusqu&rsquo;au cerveau de la jeune femme. \u00ab\u00a0Je ne me souviens pas vraiment du jour o\u00f9 c&rsquo;est arriv\u00e9\u00a0\u00bb d\u00e9clare-t-elle. \u00c0 son r\u00e9veil du coma, Esther a ainsi appris avec effroi l&rsquo;origine de son mal : \u00ab\u00a0J&rsquo;\u00e9tais tr\u00e8s active. J&rsquo;avais r\u00e9ussi tous les tests pour entrer dans la police et je devais commencer en ao\u00fbt. Je m&rsquo;entra\u00eenais \u00e0 courir tous les jours pour les tests. J&rsquo;\u00e9tais en pleine forme et en excellente sant\u00e9. On s&rsquo;attend \u00e0 voir<a data-i13n=\"cpos:4;pos:1\" href=\"https:\/\/fr.news.yahoo.com\/quatre-heures-pour-un-avc-cest-normal-en-colere-apres-la-mort-de-son-pere-elsa-38-ans-denonce-des-manquements-dans-la-prise-en-charge-du-samu-094258996.html\" data-ylk=\"slk:des marques sur le visage ou les bras apr\u00e8s un AVC;cpos:4;pos:1;elm:context_link;itc:0;sec:content-canvas;outcm:mb_qualified_link;_E:mb_qualified_link;ct:story;\" class=\"link  yahoo-link\" target=\"_blank\" rel=\"noopener\"> des marques sur le visage ou les bras apr\u00e8s un AVC<\/a>, mais le seul signe que j&rsquo;ai eu \u00e9tait un mal de t\u00eate.\u00a0\u00bb Comme Esther, les m\u00e9decins qui l&rsquo;ont soign\u00e9e ont \u00e9galement \u00e9t\u00e9 pris de court par la situation, compte tenu de l&rsquo;\u00e2ge de la patiente : \u00ab\u00a0On m&rsquo;a dit qu&rsquo;un AVC \u00e0 un si jeune \u00e2ge \u00e9tait extr\u00eamement rare.\u00a0\u00bb<\/p>\n<p>\u00ab\u00a0Je ne les ai pas crus quand ils m&rsquo;ont dit que j&rsquo;avais eu un AVC\u00a0\u00bb<\/p>\n<p class=\"mb-4 text-lg md:leading-8 break-words\">C&rsquo;est pourquoi, depuis qu&rsquo;elle en a \u00e9t\u00e9 victime, Esther s&#8217;emploie \u00e0 raconter publiquement son histoire afin de sensibiliser les jeunes aux sympt\u00f4mes d&rsquo;un AVC, elle qui se sentait au-dessus de tout risque : \u00ab\u00a0Je ne les ai pas crus quand ils m&rsquo;ont dit que j&rsquo;avais eu un AVC. Je n&rsquo;arrivais pas \u00e0 y croire. Si vous avez un mal de t\u00eate vraiment intense et inhabituel, appelez les secours. Soyez attentif \u00e0 ces sympt\u00f4mes. Localisez la douleur. Si vous ressentez une douleur sur le c\u00f4t\u00e9 ou \u00e0 l&rsquo;arri\u00e8re de la t\u00eate, faites-vous examiner. Il faut en parler davantage\u00a0\u00bb clame-t-elle. En France, selon <a data-i13n=\"cpos:5;pos:1\" href=\"https:\/\/www.iledefrance.ars.sante.fr\/accidents-vasculaires-cerebraux_avc#:~:text=En%20France%2C%20environ%20140%20000,deuxi%C3%A8me%20cause%20de%20d%C3%A9clin%20intellectuel\" rel=\"nofollow noopener\" target=\"_blank\" data-ylk=\"slk:l\u2019ARS;cpos:5;pos:1;elm:context_link;itc:0;sec:content-canvas\" class=\"link \">l\u2019ARS<\/a>, l&rsquo;accident vasculaire c\u00e9r\u00e9bral est la troisi\u00e8me cause de mortalit\u00e9 avec 40.000 morts par an, mais aussi la premi\u00e8re cause de \u00ab\u00a0handicap acquis avec des patients qui gardent des s\u00e9quelles lourdes et la deuxi\u00e8me cause de d\u00e9clin intellectuel\u00a0\u00bb. C\u2019est \u00e9galement la premi\u00e8re cause de mortalit\u00e9 chez les femmes. Si l&rsquo;AVC peut toucher toutes les tranches d&rsquo;\u00e2ge, la moyenne d&rsquo;\u00e2ge des patients est de 73 ans. Dans la grande majorit\u00e9 des cas, les sympt\u00f4mes de l&rsquo;AVC sont brutaux et regroupent principalement une faiblesse musculaire et\/ou une paralysie d\u2019un c\u00f4t\u00e9 du corps bras et\/ou jambe, des troubles soudains du langage voire une impossibilit\u00e9 de parler, une perte de la vision et une d\u00e9formation de la bouche.<\/p>\n","protected":false},"excerpt":{"rendered":"Esther Littlewood r\u00e9apprend \u00e0 vivre normalement. En juin dernier, la jeune femme de 20 ans originaire d&rsquo;Angleterre a&hellip;\n","protected":false},"author":2,"featured_media":530325,"comment_status":"","ping_status":"","sticky":false,"template":"","format":"standard","meta":{"footnotes":""},"categories":[10],"tags":[860,64925,1011,27,72,17307,64926,71],"class_list":{"0":"post-530324","1":"post","2":"type-post","3":"status-publish","4":"format-standard","5":"has-post-thumbnail","7":"category-sante","8":"tag-avc","9":"tag-esther","10":"tag-fr","11":"tag-france","12":"tag-health","13":"tag-jeune-femme","14":"tag-mal-de-tete","15":"tag-sante"},"share_on_mastodon":{"url":"https:\/\/pubeurope.com\/@fr\/115540022057865123","error":""},"_links":{"self":[{"href":"https:\/\/www.europesays.com\/fr\/wp-json\/wp\/v2\/posts\/530324","targetHints":{"allow":["GET"]}}],"collection":[{"href":"https:\/\/www.europesays.com\/fr\/wp-json\/wp\/v2\/posts"}],"about":[{"href":"https:\/\/www.europesays.com\/fr\/wp-json\/wp\/v2\/types\/post"}],"author":[{"embeddable":true,"href":"https:\/\/www.europesays.com\/fr\/wp-json\/wp\/v2\/users\/2"}],"replies":[{"embeddable":true,"href":"https:\/\/www.europesays.com\/fr\/wp-json\/wp\/v2\/comments?post=530324"}],"version-history":[{"count":0,"href":"https:\/\/www.europesays.com\/fr\/wp-json\/wp\/v2\/posts\/530324\/revisions"}],"wp:featuredmedia":[{"embeddable":true,"href":"https:\/\/www.europesays.com\/fr\/wp-json\/wp\/v2\/media\/530325"}],"wp:attachment":[{"href":"https:\/\/www.europesays.com\/fr\/wp-json\/wp\/v2\/media?parent=530324"}],"wp:term":[{"taxonomy":"category","embeddable":true,"href":"https:\/\/www.europesays.com\/fr\/wp-json\/wp\/v2\/categories?post=530324"},{"taxonomy":"post_tag","embeddable":true,"href":"https:\/\/www.europesays.com\/fr\/wp-json\/wp\/v2\/tags?post=530324"}],"curies":[{"name":"wp","href":"https:\/\/api.w.org\/{rel}","templated":true}]}}