{"id":530330,"date":"2025-11-13T02:28:18","date_gmt":"2025-11-13T02:28:18","guid":{"rendered":"https:\/\/www.europesays.com\/fr\/530330\/"},"modified":"2025-11-13T02:28:18","modified_gmt":"2025-11-13T02:28:18","slug":"openai-remplace-gpt-5-par-gpt-5-1-les-utilisateurs-de-chatgpt-vont-adorer-les-nouveautes","status":"publish","type":"post","link":"https:\/\/www.europesays.com\/fr\/530330\/","title":{"rendered":"OpenAI remplace GPT-5 par GPT-5.1 : les utilisateurs de ChatGPT vont adorer les nouveaut\u00e9s"},"content":{"rendered":"<p>Trois mois apr\u00e8s le lancement controvers\u00e9 de GPT-5, OpenAI le remplace par un nouveau mod\u00e8le : GPT-5.1. Plusieurs versions sont une nouvelle fois propos\u00e9es, avec ou sans raisonnement. <\/p>\n<p>Surprise : OpenAI lance d\u00e9j\u00e0 un nouveau ChatGPT. Trois mois apr\u00e8s <a href=\"https:\/\/www.numerama.com\/tech\/2048775-chatgpt-change-tout-gpt-5-debarque-enfin-avec-plusieurs-promesses-majeures.html\" target=\"_blank\" rel=\"noopener\">le lancement du tr\u00e8s attendu GPT-5<\/a>, deux ans apr\u00e8s GPT-4, le g\u00e9ant de l\u2019intelligence artificielle d\u00e9voile <a href=\"https:\/\/openai.com\/index\/gpt-5-1\/\" target=\"_blank\" rel=\"noreferrer noopener\">dans un billet de blog<\/a> avoir commenc\u00e9 \u00e0 d\u00e9ployer GPT-5.1. Tous les utilisateurs devraient commencer \u00e0 le voir appara\u00eetre \u00e0 partir du 12 novembre 2025.<\/p>\n<p>GPT-5.1 : deux mod\u00e8les pour remplacer GPT-5<\/p>\n<p>Dans un communiqu\u00e9 de presse envoy\u00e9 \u00e0 Numerama, OpenAI \u00e9crit : \u00ab Nous voulions vous pr\u00e9venir que OpenAI a commenc\u00e9 \u00e0 d\u00e9ployer GPT-5.1 dans ChatGPT, une mise \u00e0 jour de la s\u00e9rie GPT-5 qui rend ChatGPT plus intelligent et plus agr\u00e9able \u00e0 utiliser. \u00bb L\u2019entreprise d\u00e9voile trois mod\u00e8les simultan\u00e9ment, avec toujours un s\u00e9lecteur automatique pour auto-d\u00e9terminer le meilleur mod\u00e8le :<\/p>\n<ul class=\"wp-block-list\">\n<li><strong>GPT-5.1 Instant<\/strong> : la version la plus rapide, qui suffit pour la plupart des questions. <\/li>\n<li><strong>GPT-5.1 Thinking<\/strong> : le mod\u00e8le de raisonnement d\u2019OpenAI, qui gagne en rapidit\u00e9 et en compr\u00e9hension des sujets complexes, selon OpenAI. <\/li>\n<li><strong>GPT-5.1 Pro :<\/strong> la version la plus puissante, toujours r\u00e9serv\u00e9e aux abonn\u00e9s de l\u2019offre Pro \u00e0 220 euros par mois. Elle arrivera prochainement, GPT-5 Pro reste le mod\u00e8le le plus performant.<\/li>\n<\/ul>\n<p><a href=\"https:\/\/www.numerama.com\/wp-content\/uploads\/2025\/11\/screenshot-2025-11-12-at-202241.png\" target=\"_blank\" rel=\"noopener\"><img decoding=\"async\" width=\"1024\" height=\"692\" loading=\"lazy\" alt=\"Selon OpenAI, GPT-5.1 bat facilement GPT-5.\" title=\"Selon OpenAI, GPT-5.1 bat facilement GPT-5.\" class=\"wp-image-2116173 placeholder-default wp-image\" src=\"https:\/\/www.europesays.com\/fr\/wp-content\/uploads\/2025\/11\/screenshot-2025-11-12-at-202241-1024x692.png\" \/><\/a>Selon OpenAI, GPT-5.1 bat facilement GPT-5. \/\/ Source : OpenAI<\/p>\n<p>ChatGPT va avoir diff\u00e9rentes personnalit\u00e9s<\/p>\n<p>Les anciens mod\u00e8les GPT-5, critiqu\u00e9s au lancement pour leur manque de personnalit\u00e9, resteront disponibles pendant trois mois pour les abonn\u00e9s payants dans la section \u00ab legacy models \u00bb. GPT-5.1 n\u2019est pas r\u00e9serv\u00e9 aux abonn\u00e9s payants : tout le monde y aura droit d\u00e8s cette semaine. OpenAI indique \u00e9galement proposer six personnalit\u00e9s diff\u00e9rentes (Default, Friendly, Efficient, Professional, Candid, Quirky)\u00a0et ajouter dans les param\u00e8tres une option pour affiner le style de ChatGPT. L\u2019id\u00e9e est de rendre le chatbot plus personnalisable. <\/p>\n<p>OpenAI promet une exp\u00e9rience \u00ab plus fluide et plus coh\u00e9rente \u00bb avec GPT-5.1, qui corrige <a href=\"https:\/\/www.numerama.com\/tech\/2050917-sam-altman-annonce-deja-des-changements-pour-chatgpt-5-apres-2-jours-dexistence.html\" target=\"_blank\" rel=\"noopener\">plusieurs d\u00e9fauts reproch\u00e9s \u00e0 GPT-5 lors de son lancement<\/a>. Dans son billet de blog, la soci\u00e9t\u00e9 assure que le mod\u00e8le est plus stable dans ses r\u00e9ponses, meilleur en raisonnement long et plus pr\u00e9cis dans les discussions techniques ou math\u00e9matiques. Surtout, OpenAI dit avoir cherch\u00e9 \u00e0 rendre les \u00e9changes plus naturels, un reproche fr\u00e9quent adress\u00e9 au mod\u00e8le pr\u00e9c\u00e9dent jug\u00e9 froid et trop neutre. GPT-5.1 devrait notamment utiliser moins d\u2019\u00e9mojis et mieux \u00e9couter vos consignes.<\/p>\n<p>Selon les premiers tests internes, GPT-5.1 serait capable de maintenir des raisonnements complexes sur des sessions plus longues sans \u00ab perdre le fil\u00a0\u00bb. Le mod\u00e8le g\u00e9rerait \u00e9galement mieux le code, les instructions multit\u00e2ches et les r\u00e9sum\u00e9s longs, alors que Google s\u2019appr\u00eate \u00e0 lancer Gemini 3.0 Pro, son futur ennemi num\u00e9ro 1. <\/p>\n<p><a href=\"https:\/\/www.numerama.com\/wp-content\/uploads\/2025\/11\/image-3-2.jpg\" target=\"_blank\" rel=\"noopener\"><img decoding=\"async\" width=\"1024\" height=\"576\" loading=\"lazy\" alt=\"Les personnalit\u00e9s de GPT-5.1.\" title=\"Les personnalit\u00e9s de GPT-5.1.\" class=\"wp-image-2116179 placeholder-default wp-image\" src=\"https:\/\/www.europesays.com\/fr\/wp-content\/uploads\/2025\/11\/image-3-2-1024x576.jpg\" \/><\/a>Les personnalit\u00e9s de GPT-5.1. \/\/ Source : OpenAI<\/p>\n<p>Il ne faut pas s\u2019attendre \u00e0 un bond technologique entre GPT-5 et GPT-5.1 : OpenAI parle surtout d\u2019optimisations et de corrections. Comme souvent, il faudra attendre les premiers retours d\u2019utilisateurs pour savoir si GPT-5.1 marque un vrai tournant ou s\u2019il s\u2019agit d\u2019une mise \u00e0 jour incr\u00e9mentale. Dans tous les cas, on peut d\u00e9j\u00e0 consid\u00e9rer que GPT-5 est un \u00e9chec marketing : OpenAI a rapidement d\u00fb le remplacer.  <\/p>\n<p>Si vous ne voyez pas GPT-5.1 dans les prochaines heures, c\u2019est normal. OpenAI indique qu\u2019il faudra plusieurs jours pour que GPT-5 soit compl\u00e8tement remplac\u00e9. GPT-5.1 arrivera dans sa forme API tr\u00e8s prochainement, mais OpenAI se concentre sur ChatGPT.<\/p>\n<p>        <img decoding=\"async\" width=\"75\" height=\"75\" loading=\"eager\" alt=\"ChatGPT \u2013 Icon\" title=\"ChatGPT \u2013 Icon\" class=\"is-block wp-image\" fetchpriority=\"high\" src=\"https:\/\/www.europesays.com\/fr\/wp-content\/uploads\/2025\/07\/ChatGPT-Icon.jpg\" \/>    <\/p>\n<p>            <a href=\"https:\/\/www.numerama.com\/telecharger\/chatgpt.html#download\" class=\"is-inline-flex btn m-1 is-align-items-center has-text-weight-bold\" target=\"_blank\" rel=\"nofollow noopener\"><br \/>\n            <strong>T\u00e9l\u00e9charger gratuitement<\/strong><\/p>\n<p>        <\/a><\/p>\n<p>            <img decoding=\"async\" src=\"https:\/\/www.europesays.com\/fr\/wp-content\/uploads\/2025\/04\/iPhone-16-pro.png\" alt=\"Toute l'actu tech en un clien d'oeil\"\/><\/p>\n<p class=\"card-install-pwa__title\">Toute l&rsquo;actu tech en un clin d&rsquo;\u0153il<\/p>\n<p class=\"card-install-pwa__description\">Ajoutez Numerama \u00e0 votre \u00e9cran d&rsquo;accueil et restez connect\u00e9s au futur !<\/p>\n<p>            <img decoding=\"async\" src=\"https:\/\/www.numerama.com\/wp-content\/themes\/numerama-next\/assets\/images\/premium\/logo-card-pwa-coupe.svg\" alt=\"Logo PWA\"\/><\/p>\n<p>       Installer Numerama<\/p>\n","protected":false},"excerpt":{"rendered":"Trois mois apr\u00e8s le lancement controvers\u00e9 de GPT-5, OpenAI le remplace par un nouveau mod\u00e8le : GPT-5.1. Plusieurs&hellip;\n","protected":false},"author":2,"featured_media":530331,"comment_status":"","ping_status":"","sticky":false,"template":"","format":"standard","meta":{"footnotes":""},"categories":[7],"tags":[270,141,1011,27,41317,3994,7532,143,43,40,41,39,42,44],"class_list":{"0":"post-530330","1":"post","2":"type-post","3":"status-publish","4":"format-standard","5":"has-post-thumbnail","7":"category-sciences-et-technologies","8":"tag-breaking","9":"tag-chatgpt","10":"tag-fr","11":"tag-france","12":"tag-gpt-5","13":"tag-ia-generative","14":"tag-la-guerre-de-lia","15":"tag-openai","16":"tag-science","17":"tag-science-and-technology","18":"tag-sciences","19":"tag-sciences-et-technologies","20":"tag-technologies","21":"tag-technology"},"share_on_mastodon":{"url":"https:\/\/pubeurope.com\/@fr\/115540034923682295","error":""},"_links":{"self":[{"href":"https:\/\/www.europesays.com\/fr\/wp-json\/wp\/v2\/posts\/530330","targetHints":{"allow":["GET"]}}],"collection":[{"href":"https:\/\/www.europesays.com\/fr\/wp-json\/wp\/v2\/posts"}],"about":[{"href":"https:\/\/www.europesays.com\/fr\/wp-json\/wp\/v2\/types\/post"}],"author":[{"embeddable":true,"href":"https:\/\/www.europesays.com\/fr\/wp-json\/wp\/v2\/users\/2"}],"replies":[{"embeddable":true,"href":"https:\/\/www.europesays.com\/fr\/wp-json\/wp\/v2\/comments?post=530330"}],"version-history":[{"count":0,"href":"https:\/\/www.europesays.com\/fr\/wp-json\/wp\/v2\/posts\/530330\/revisions"}],"wp:featuredmedia":[{"embeddable":true,"href":"https:\/\/www.europesays.com\/fr\/wp-json\/wp\/v2\/media\/530331"}],"wp:attachment":[{"href":"https:\/\/www.europesays.com\/fr\/wp-json\/wp\/v2\/media?parent=530330"}],"wp:term":[{"taxonomy":"category","embeddable":true,"href":"https:\/\/www.europesays.com\/fr\/wp-json\/wp\/v2\/categories?post=530330"},{"taxonomy":"post_tag","embeddable":true,"href":"https:\/\/www.europesays.com\/fr\/wp-json\/wp\/v2\/tags?post=530330"}],"curies":[{"name":"wp","href":"https:\/\/api.w.org\/{rel}","templated":true}]}}