{"id":530332,"date":"2025-11-13T02:29:13","date_gmt":"2025-11-13T02:29:13","guid":{"rendered":"https:\/\/www.europesays.com\/fr\/530332\/"},"modified":"2025-11-13T02:29:13","modified_gmt":"2025-11-13T02:29:13","slug":"le-congres-americain-adopte-un-texte-permettant-de-lever-la-paralysie-budgetaire-actualites","status":"publish","type":"post","link":"https:\/\/www.europesays.com\/fr\/530332\/","title":{"rendered":"Le Congr\u00e8s am\u00e9ricain adopte un texte permettant de lever la paralysie budg\u00e9taire : Actualit\u00e9s"},"content":{"rendered":"<p class=\"lead \">Le Congr\u00e8s am\u00e9ricain a d\u00e9finitivement adopt\u00e9 mercredi une proposition de loi qui permettra, une fois promulgu\u00e9e par Donald Trump, de lever la paralysie budg\u00e9taire la plus longue de l&rsquo;histoire des Etats-Unis.<\/p>\n<p class=\"lead \">La Maison Blanche avait indiqu\u00e9 plus t\u00f4t que le pr\u00e9sident r\u00e9publicain signerait le texte dans la foul\u00e9e pour \u00ab\u00a0mettre fin \u00e0 ce +shutdown+ d\u00e9vastateur\u00a0\u00bb, apr\u00e8s 43 jours qui ont boulevers\u00e9 plusieurs pans de l&rsquo;\u00e9conomie am\u00e9ricaine.<\/p>\n<p class=\"lead \">Apr\u00e8s l&rsquo;adoption lundi par le S\u00e9nat, la Chambre des repr\u00e9sentants a approuv\u00e9 la proposition de loi budg\u00e9taire avec 222 voix pour et 209 contre. Seuls six \u00e9lus d\u00e9mocrates ont rejoint la majorit\u00e9 pr\u00e9sidentielle, tandis que deux r\u00e9publicains ont exprim\u00e9 leur d\u00e9saccord.<\/p>\n<p class=\"lead \">Le pr\u00e9sident r\u00e9publicain de la Chambre, Mike Johnson, s&rsquo;\u00e9tait f\u00e9licit\u00e9 avant le vote de la fin \u00e0 venir de ce \u00ab\u00a0long cauchemar national\u00a0\u00bb. Plus tard, il a fustig\u00e9 le blocage de l&rsquo;opposition d\u00e9mocrate depuis six semaines.<\/p>\n<p class=\"lead \">\u00ab\u00a0Ils savaient que \u00e7a entra\u00eenerait des souffrances, et ils l&rsquo;ont fait quand m\u00eame. La manoeuvre dans son ensemble \u00e9tait inutile, elle \u00e9tait injuste, et elle \u00e9tait cruelle\u00a0\u00bb, a d\u00e9clar\u00e9 le \u00ab\u00a0speaker\u00a0\u00bb depuis l&rsquo;h\u00e9micycle.<\/p>\n<p class=\"lead \">&#8211; \u00ab\u00a0Obamacare\u00a0\u00bb &#8211;<\/p>\n<p class=\"lead \">Apr\u00e8s plus de 40 jours d&rsquo;impasse budg\u00e9taire, une poign\u00e9e de s\u00e9nateurs d\u00e9mocrates avaient fini par rendre les armes lundi en approuvant avec leurs coll\u00e8gues r\u00e9publicains une nouvelle proposition de loi, qui \u00e9tend le budget pr\u00e9c\u00e9dent jusqu&rsquo;\u00e0 fin janvier.<\/p>\n<p class=\"lead \">Le texte laisse en revanche dans le flou la prolongation de subventions pour \u00ab\u00a0Obamacare\u00a0\u00bb, l&rsquo;assurance sant\u00e9 de m\u00e9nages aux revenus modestes, au grand dam de la base et de nombreux \u00e9lus d\u00e9mocrates.<\/p>\n<p class=\"lead \">Parmi les seules concessions \u00e0 l&rsquo;opposition, le texte pr\u00e9voit la r\u00e9int\u00e9gration des fonctionnaires licenci\u00e9s depuis le d\u00e9but du \u00ab\u00a0shutdown\u00a0\u00bb.<\/p>\n<p class=\"lead \">Il comprend \u00e9galement des fonds pour le programme d&rsquo;aide alimentaire SNAP jusqu&rsquo;en septembre, \u00e9vitant ainsi que cette aide, dont b\u00e9n\u00e9ficient plus de 42 millions d&rsquo;Am\u00e9ricains, soit gel\u00e9e en cas de nouvelle paralysie budg\u00e9taire fin janvier, comme ce fut le cas lors du blocage actuel.<\/p>\n<p class=\"lead \">En raison des r\u00e8gles du S\u00e9nat, huit voix de l&rsquo;opposition \u00e9taient n\u00e9cessaires pour adopter le texte. Et les huit en question se sont attir\u00e9 les foudres de nombreux membres du camp d\u00e9mocrate, qui d\u00e9noncent de maigres concessions et de fausses promesses r\u00e9publicaines.<\/p>\n<p class=\"lead \">Le gouverneur de Californie, Gavin Newsom, s&rsquo;est ainsi lament\u00e9 sur X d&rsquo;une \u00ab\u00a0capitulation\u00a0\u00bb et d&rsquo;une \u00ab\u00a0trahison\u00a0\u00bb envers l&rsquo;Am\u00e9rique qui travaille.<\/p>\n<p class=\"lead \">De nombreux d\u00e9mocrates se sont aussi demand\u00e9 pourquoi ces s\u00e9nateurs ont c\u00e9d\u00e9 quelques jours seulement apr\u00e8s de larges victoires de leur parti dans d&rsquo;importantes \u00e9lections \u00e0 travers le pays, qui validaient selon eux leur strat\u00e9gie au Congr\u00e8s.<\/p>\n<p class=\"lead \">&#8211; \u00ab\u00a0Pas trop tard\u00a0\u00bb &#8211;<\/p>\n<p class=\"lead \">Le chef de la minorit\u00e9 d\u00e9mocrate, Hakeem Jeffries, a de nouveau appel\u00e9 mercredi soir les r\u00e9publicains \u00e0 tenir leur promesse d&rsquo;organiser un vote bient\u00f4t sur \u00ab\u00a0Obamacare\u00a0\u00bb.<\/p>\n<p class=\"lead \">\u00ab\u00a0Nous estimons que les Am\u00e9ricains de la classe ouvri\u00e8re, les Am\u00e9ricains de la classe moyenne, et les Am\u00e9ricains ordinaires m\u00e9ritent le m\u00eame niveau de certitude que les r\u00e9publicains fournissent toujours aux riches, aux plus ais\u00e9s, et aux donateurs au bras long\u00a0\u00bb, a-t-il d\u00e9clar\u00e9 dans un discours depuis l&rsquo;h\u00e9micycle.<\/p>\n<p class=\"lead \">\u00ab\u00a0Il n&rsquo;est pas trop tard\u00a0\u00bb pour prolonger ces subventions, a ajout\u00e9 le t\u00e9nor d\u00e9mocrate.<\/p>\n<p class=\"lead \">La question de ces subventions est au coeur du diff\u00e9rend qui a men\u00e9 au \u00ab\u00a0shutdown\u00a0\u00bb. Sans leur prolongation, les co\u00fbts de l&rsquo;assurance sant\u00e9 devraient plus que doubler en 2026 pour 24 millions d&rsquo;Am\u00e9ricains qui utilisent \u00ab\u00a0Obamacare\u00a0\u00bb, selon KFF, cercle de r\u00e9flexion sp\u00e9cialis\u00e9 sur les questions de sant\u00e9.<\/p>\n<p class=\"lead \">Depuis le 1er octobre, plus d&rsquo;un million de fonctionnaires n&rsquo;\u00e9taient pas pay\u00e9s. Le versement de certaines aides a \u00e9t\u00e9 fortement perturb\u00e9, et des dizaines de milliers de vols ont \u00e9t\u00e9 annul\u00e9s ces derniers jours en raison de p\u00e9nuries de contr\u00f4leurs a\u00e9riens, car certains avaient choisi de se faire porter p\u00e2le plut\u00f4t que de travailler sans salaire.<\/p>\n<p class=\"small font-weight-bold text-gray3 \"> publi\u00e9 le 13 novembre \u00e0 02h40, AFP<\/p>\n<p>                             Partager<\/p>\n","protected":false},"excerpt":{"rendered":"Le Congr\u00e8s am\u00e9ricain a d\u00e9finitivement adopt\u00e9 mercredi une proposition de loi qui permettra, une fois promulgu\u00e9e par Donald&hellip;\n","protected":false},"author":2,"featured_media":530333,"comment_status":"","ping_status":"","sticky":false,"template":"","format":"standard","meta":{"footnotes":""},"categories":[6],"tags":[7182,1003,35,33,34,590,1011,27,1050,316,2803,308],"class_list":{"0":"post-530332","1":"post","2":"type-post","3":"status-publish","4":"format-standard","5":"has-post-thumbnail","7":"category-economie","8":"tag-aviation","9":"tag-budget","10":"tag-business","11":"tag-economie","12":"tag-economy","13":"tag-finance","14":"tag-fr","15":"tag-france","16":"tag-parlement","17":"tag-politique","18":"tag-transport","19":"tag-usa"},"share_on_mastodon":{"url":"https:\/\/pubeurope.com\/@fr\/115540037744567332","error":""},"_links":{"self":[{"href":"https:\/\/www.europesays.com\/fr\/wp-json\/wp\/v2\/posts\/530332","targetHints":{"allow":["GET"]}}],"collection":[{"href":"https:\/\/www.europesays.com\/fr\/wp-json\/wp\/v2\/posts"}],"about":[{"href":"https:\/\/www.europesays.com\/fr\/wp-json\/wp\/v2\/types\/post"}],"author":[{"embeddable":true,"href":"https:\/\/www.europesays.com\/fr\/wp-json\/wp\/v2\/users\/2"}],"replies":[{"embeddable":true,"href":"https:\/\/www.europesays.com\/fr\/wp-json\/wp\/v2\/comments?post=530332"}],"version-history":[{"count":0,"href":"https:\/\/www.europesays.com\/fr\/wp-json\/wp\/v2\/posts\/530332\/revisions"}],"wp:featuredmedia":[{"embeddable":true,"href":"https:\/\/www.europesays.com\/fr\/wp-json\/wp\/v2\/media\/530333"}],"wp:attachment":[{"href":"https:\/\/www.europesays.com\/fr\/wp-json\/wp\/v2\/media?parent=530332"}],"wp:term":[{"taxonomy":"category","embeddable":true,"href":"https:\/\/www.europesays.com\/fr\/wp-json\/wp\/v2\/categories?post=530332"},{"taxonomy":"post_tag","embeddable":true,"href":"https:\/\/www.europesays.com\/fr\/wp-json\/wp\/v2\/tags?post=530332"}],"curies":[{"name":"wp","href":"https:\/\/api.w.org\/{rel}","templated":true}]}}