{"id":530336,"date":"2025-11-13T02:31:19","date_gmt":"2025-11-13T02:31:19","guid":{"rendered":"https:\/\/www.europesays.com\/fr\/530336\/"},"modified":"2025-11-13T02:31:19","modified_gmt":"2025-11-13T02:31:19","slug":"des-aurores-boreales-visibles-pendant-deux-nuits-dans-le-jura-ce-quil-faut-savoir-pour-les-observer","status":"publish","type":"post","link":"https:\/\/www.europesays.com\/fr\/530336\/","title":{"rendered":"Des aurores bor\u00e9ales visibles pendant deux nuits dans le Jura, ce qu\u2019il faut savoir pour les observer."},"content":{"rendered":"<p>                    Par<br \/>\n        <strong><br \/>\n            <a href=\"https:\/\/actu.fr\/auteur\/redaction-voixdujura\" title=\"Consulter tous les articles de R\u00e9daction Voix du Jura\" target=\"_blank\" rel=\"noopener\">R\u00e9daction Voix du Jura<\/a><br \/>\n                    <\/strong><\/p>\n<p>        Publi\u00e9 le<\/p>\n<p>            12 nov. 2025 \u00e0 17h30        <\/p>\n<p>Certains se sont lev\u00e9s t\u00f4t cette nuit, dans le <a href=\"https:\/\/actu.fr\/voix-du-jura\/\" target=\"_blank\" rel=\"noopener\">Jura<\/a> et dans le reste du <a href=\"https:\/\/actu.fr\/\" target=\"_blank\" rel=\"noopener\">pays<\/a>, pour un ph\u00e9nom\u00e8ne rare sous nos latitudes. Des <b>aurores bor\u00e9ales<\/b> ont illumin\u00e9 le ciel \u00e0 partir de 3\u00a0heures du matin environ, dans la nuit du <b>mardi\u00a011 au mercredi 12\u00a0novembre 2025<\/b> \u2013 au plus grand bonheur des photographes qui ont immortalis\u00e9 ces lueurs rose vif, dont les images fleurissent sur les r\u00e9seaux sociaux aujourd\u2019hui. Elles pourraient \u00eatre <b>de nouveau visibles ce soir<\/b>.<\/p>\n<p>    <a href=\"https:\/\/www.facebook.com\/plugins\/post.php?href=https%3A%2F%2Fwww.facebook.com%2Fmeteofranccomtoise%2Fposts%2Fpfbid02YmAVyDvaKbrKN66rDTMnf6sPqK1aJBh2s7iQteRvNJK8UTPe2sycCkKnKjBztJVPl&amp;show_text=true&amp;width=350\" title=\"Ouvrie le lien\" target=\"_blank\" rel=\"noopener\">Cliquez ici pour visualiser le contenu<\/a><\/p>\n<p class=\" wall-content\">C\u2019est<b> l\u2019activit\u00e9 r\u00e9cente intense du Soleil<\/b> qui augmente la<b> <\/b>probabilit\u00e9 d\u2019observer des aurores bor\u00e9ales dans nos r\u00e9gions. Le service de m\u00e9t\u00e9orologie spatiale am\u00e9ricain <b>NOAA <\/b>avait anticip\u00e9 <b>une temp\u00eate magn\u00e9tique s\u00e9v\u00e8re<\/b>, potentiellement de niveau G4 +.<\/p>\n<p class=\" wall-content\">Ce niveau d\u2019intensit\u00e9 permet de contempler ces ph\u00e9nom\u00e8nes lumineux \u00e0 des<b> latitudes<\/b> habituellement consid\u00e9r\u00e9es comme <b>\u00ab\u2009basses\u2009\u00bb<\/b>, comme celles de la France m\u00e9tropolitaine.<\/p>\n<p>    <a href=\"https:\/\/www.facebook.com\/plugins\/post.php?href=https%3A%2F%2Fwww.facebook.com%2Fmeteofranccomtoise%2Fposts%2Fpfbid02YmAVyDvaKbrKN66rDTMnf6sPqK1aJBh2s7iQteRvNJK8UTPe2sycCkKnKjBztJVPl&amp;show_text=true&amp;width=350\" title=\"Ouvrie le lien\" target=\"_blank\" rel=\"noopener\">Cliquez ici pour visualiser le contenu<\/a><\/p>\n<p>Vid\u00e9os : en ce moment sur Actu<\/p>\n<p class=\" wall-content\">Selon les pr\u00e9visions de la page Facebook <a href=\"https:\/\/www.facebook.com\/meteofranccomtoise\" target=\"_blank\" rel=\"noopener\">M\u00e9t\u00e9o Franc-Comtoise<\/a> pour ce <b>mercredi 12\u00a0novembre<\/b>, les aurores pourraient refaire leur apparition<b> d\u00e8s la nuit noire, apr\u00e8s 18\u2009h\u200930<\/b>. Son conseil\u2009? Regarder <b>vers le nord<\/b>.<\/p>\n<p class=\" wall-content\">\u00ab\u2009Chercher un<b> horizon d\u00e9gag<\/b><b>\u00e9<\/b>, \u00e9loign\u00e9 des <b>pollutions lumineuses <\/b>\u00e9mises par les villes et villages. Un l\u00e9ger voile (de haute altitude) sera pr\u00e9sent, mais il devrait rester discret \u00c0 l\u2019\u0153il nu, il sera possible de\u2009\u00bb deviner \u00ab\u2009quelques lueurs mais votre t\u00e9l\u00e9phone aura toujours de meilleurs r\u00e9sultats (<b>en pause longue<\/b>).\u2009\u00bb<\/p>\n<p>Votre r\u00e9gion, votre actu !<\/p>\n<p>Recevez chaque jour les infos qui comptent pour vous.<\/p>\n<p>\t<a href=\"https:\/\/actu.fr\/newsletter\" class=\"ac-btn ac-btn--corner ac-btn--medium ac-btn--blue800\" target=\"_blank\" rel=\"noopener\">S&rsquo;incrire<\/a><\/p>\n<p class=\" wall-content\">Le site <a href=\"https:\/\/www.swpc.noaa.gov\/products\/aurora-30-minute-forecast\" target=\"_blank\" rel=\"noopener\">Space weather prediction center<\/a> permet de savoir si une aurore va se produire dans les 30\u00a0minutes.<\/p>\n<p class=\" wall-content\">Personnalisez votre actualit\u00e9 en ajoutant vos villes et m\u00e9dias en favori avec <a href=\"https:\/\/moncompte.actu.fr\" title=\"D\u00e9couvez Mon Actu\" rel=\"nofollow noopener\" data-trk=\"{&quot;cta&quot;:{&quot;action&quot;:&quot;https:\\\/\\\/moncompte.actu.fr&quot;,&quot;category&quot;:&quot;mon compte&quot;,&quot;from&quot;:&quot;article footer&quot;,&quot;name&quot;:&quot;Mon actu&quot;,&quot;type&quot;:&quot;cta&quot;}}\" target=\"_blank\">Mon Actu<\/a>.<\/p>\n","protected":false},"excerpt":{"rendered":"Par R\u00e9daction Voix du Jura Publi\u00e9 le 12 nov. 2025 \u00e0 17h30 Certains se sont lev\u00e9s t\u00f4t cette&hellip;\n","protected":false},"author":2,"featured_media":530337,"comment_status":"","ping_status":"","sticky":false,"template":"","format":"standard","meta":{"footnotes":""},"categories":[4],"tags":[11,64821,3696,1011,27,12,1756,25],"class_list":{"0":"post-530336","1":"post","2":"type-post","3":"status-publish","4":"format-standard","5":"has-post-thumbnail","7":"category-france","8":"tag-actualites","9":"tag-aurores-boreales","10":"tag-evenements","11":"tag-fr","12":"tag-france","13":"tag-news","14":"tag-photographie","15":"tag-republique-francaise"},"share_on_mastodon":{"url":"https:\/\/pubeurope.com\/@fr\/115540045609723807","error":""},"_links":{"self":[{"href":"https:\/\/www.europesays.com\/fr\/wp-json\/wp\/v2\/posts\/530336","targetHints":{"allow":["GET"]}}],"collection":[{"href":"https:\/\/www.europesays.com\/fr\/wp-json\/wp\/v2\/posts"}],"about":[{"href":"https:\/\/www.europesays.com\/fr\/wp-json\/wp\/v2\/types\/post"}],"author":[{"embeddable":true,"href":"https:\/\/www.europesays.com\/fr\/wp-json\/wp\/v2\/users\/2"}],"replies":[{"embeddable":true,"href":"https:\/\/www.europesays.com\/fr\/wp-json\/wp\/v2\/comments?post=530336"}],"version-history":[{"count":0,"href":"https:\/\/www.europesays.com\/fr\/wp-json\/wp\/v2\/posts\/530336\/revisions"}],"wp:featuredmedia":[{"embeddable":true,"href":"https:\/\/www.europesays.com\/fr\/wp-json\/wp\/v2\/media\/530337"}],"wp:attachment":[{"href":"https:\/\/www.europesays.com\/fr\/wp-json\/wp\/v2\/media?parent=530336"}],"wp:term":[{"taxonomy":"category","embeddable":true,"href":"https:\/\/www.europesays.com\/fr\/wp-json\/wp\/v2\/categories?post=530336"},{"taxonomy":"post_tag","embeddable":true,"href":"https:\/\/www.europesays.com\/fr\/wp-json\/wp\/v2\/tags?post=530336"}],"curies":[{"name":"wp","href":"https:\/\/api.w.org\/{rel}","templated":true}]}}