{"id":530342,"date":"2025-11-13T02:35:47","date_gmt":"2025-11-13T02:35:47","guid":{"rendered":"https:\/\/www.europesays.com\/fr\/530342\/"},"modified":"2025-11-13T02:35:47","modified_gmt":"2025-11-13T02:35:47","slug":"verdun-le-cafe-fauve-et-le-ptit-fauve-fermes-definitivement-le-pdg-de-valo-sexplique","status":"publish","type":"post","link":"https:\/\/www.europesays.com\/fr\/530342\/","title":{"rendered":"Verdun. Le Caf\u00e9 Fauve et le P\u2019tit Fauve ferm\u00e9s d\u00e9finitivement, le PDG de Valo\u2019 s\u2019explique"},"content":{"rendered":"<p>Au sein du personnel, c\u2019est la tristesse qui prime. L\u2019aventure du Caf\u00e9 Fauve, implant\u00e9e dans la Zone du Dragon \u00e0 Haudainville, a pris fin samedi 8\u00a0novembre.<\/p>\n<p>Ce restaurant d\u2019insertion, avec une capacit\u00e9 de 120 couverts, affichait son originalit\u00e9. Promotion des produits frais, bios et locaux \u00e0 travers sa cuisine et souci de contribuer au retour \u00e0 l\u2019emploi&#8230;<\/p>\n","protected":false},"excerpt":{"rendered":"Au sein du personnel, c\u2019est la tristesse qui prime. L\u2019aventure du Caf\u00e9 Fauve, implant\u00e9e dans la Zone du&hellip;\n","protected":false},"author":2,"featured_media":530343,"comment_status":"","ping_status":"","sticky":false,"template":"","format":"standard","meta":{"footnotes":""},"categories":[9635],"tags":[1111,11,64928,4406,33,10174,341,1777,674,1011,27,775,64927,1702,12,25,801,10172,10173,216],"class_list":{"0":"post-530342","1":"post","2":"type-post","3":"status-publish","4":"format-standard","5":"has-post-thumbnail","7":"category-nancy","8":"tag-actu","9":"tag-actualites","10":"tag-ca-du-grand-verdun-55a","11":"tag-commerce-et-services","12":"tag-economie","13":"tag-edition-verdun","14":"tag-emploi","15":"tag-eu","16":"tag-europe","17":"tag-fr","18":"tag-france","19":"tag-grand-est","20":"tag-haudainville","21":"tag-nancy","22":"tag-news","23":"tag-republique-francaise","24":"tag-social","25":"tag-verdun","26":"tag-verdun-ville-55a","27":"tag-vie-des-entreprises"},"share_on_mastodon":{"url":"https:\/\/pubeurope.com\/@fr\/115540065191071775","error":""},"_links":{"self":[{"href":"https:\/\/www.europesays.com\/fr\/wp-json\/wp\/v2\/posts\/530342","targetHints":{"allow":["GET"]}}],"collection":[{"href":"https:\/\/www.europesays.com\/fr\/wp-json\/wp\/v2\/posts"}],"about":[{"href":"https:\/\/www.europesays.com\/fr\/wp-json\/wp\/v2\/types\/post"}],"author":[{"embeddable":true,"href":"https:\/\/www.europesays.com\/fr\/wp-json\/wp\/v2\/users\/2"}],"replies":[{"embeddable":true,"href":"https:\/\/www.europesays.com\/fr\/wp-json\/wp\/v2\/comments?post=530342"}],"version-history":[{"count":0,"href":"https:\/\/www.europesays.com\/fr\/wp-json\/wp\/v2\/posts\/530342\/revisions"}],"wp:featuredmedia":[{"embeddable":true,"href":"https:\/\/www.europesays.com\/fr\/wp-json\/wp\/v2\/media\/530343"}],"wp:attachment":[{"href":"https:\/\/www.europesays.com\/fr\/wp-json\/wp\/v2\/media?parent=530342"}],"wp:term":[{"taxonomy":"category","embeddable":true,"href":"https:\/\/www.europesays.com\/fr\/wp-json\/wp\/v2\/categories?post=530342"},{"taxonomy":"post_tag","embeddable":true,"href":"https:\/\/www.europesays.com\/fr\/wp-json\/wp\/v2\/tags?post=530342"}],"curies":[{"name":"wp","href":"https:\/\/api.w.org\/{rel}","templated":true}]}}