{"id":530348,"date":"2025-11-13T02:39:16","date_gmt":"2025-11-13T02:39:16","guid":{"rendered":"https:\/\/www.europesays.com\/fr\/530348\/"},"modified":"2025-11-13T02:39:16","modified_gmt":"2025-11-13T02:39:16","slug":"coeur-de-ville-en-lumieres-revient-pour-sa-10e-edition","status":"publish","type":"post","link":"https:\/\/www.europesays.com\/fr\/530348\/","title":{"rendered":"C\u0153ur de Ville en Lumi\u00e8res revient pour sa 10e \u00e9dition"},"content":{"rendered":"<p><img decoding=\"async\" class=\"\" style=\"width:100%\" src=\"https:\/\/www.europesays.com\/fr\/wp-content\/uploads\/2025\/11\/coeur_de_ville_en_lumiere_montpellier1762938878171.jpeg\" alt=\"Montpellier Tourisme\"\/><\/p>\n<p>L&rsquo;op\u00e9ra Com\u00e9die lors d&rsquo;une pr\u00e9c\u00e9dente \u00e9dition.<\/p>\n<p>Cr\u00e9dit : Montpellier Tourisme<\/p>\n<p> <strong>Un spectacle \u00e0 ciel ouvert<\/strong><\/p>\n<p style=\"text-align: justify;\">\u00a0<\/p>\n<p style=\"text-align: justify;\"><strong>Jeudi, vendredi et samedi, de 18h30 \u00e0 22h30<\/strong>, les monuments embl\u00e9matiques \u2014 l\u2019Op\u00e9ra Com\u00e9die, l\u2019aqueduc des Arceaux, l\u2019Arc de Triomphe notamment \u2014 deviennent des \u00e9crans g\u00e9ants.<strong> Projections, musique, histoires lumineuses <\/strong>: chaque coin de rue se transforme en un v\u00e9ritable terrain de jeu pour les yeux, pour petits et grands.\u00a0<\/p>\n<p style=\"text-align: justify;\">\u00a0<\/p>\n<p><strong>Une \u00e9dition anniversaire\u00a0<\/strong><\/p>\n<p style=\"text-align: justify;\">\u00a0<\/p>\n<p style=\"text-align: justify;\">Pour ses 10 ans, l\u2019\u00e9v\u00e9nement se fait encore plus festif ! Sur la place Saint-C\u00f4me, <strong>un DJ animera un spectacle in\u00e9dit<\/strong>, cr\u00e9ant en direct une danse entre lumi\u00e8re et musique. Et pour les amateurs de jeux, direction<strong> la Game Zone au Th\u00e9\u00e2tre de l\u2019Agora,<\/strong> o\u00f9 les visiteurs deviennent les h\u00e9ros de jeux vid\u00e9o grandeur nature, imagin\u00e9s par les \u00e9tudiants locaux.<\/p>\n<p style=\"text-align: justify;\">\u00a0<\/p>\n<p><strong>Pratique et sans stress<\/strong><\/p>\n<p style=\"text-align: justify;\">\u00a0<\/p>\n<p style=\"text-align: justify;\">Pour profiter pleinement de la soir\u00e9e, <strong>optez pour le tram, les bus, le v\u00e9lo, ou les parkings relais si vous venez de plus loin.<\/strong> Attention, certains parkings du centre seront ferm\u00e9s, mieux vaut planifier son arriv\u00e9e ! Toutes les infos pratiques sur <a href=\"https:\/\/www.montpellier.fr\/campagnes\/coeur-de-ville-en-lumieres\" rel=\"noopener\" target=\"_blank\">le site internet de la ville de Montpellier.<\/a><\/p>\n","protected":false},"excerpt":{"rendered":"L&rsquo;op\u00e9ra Com\u00e9die lors d&rsquo;une pr\u00e9c\u00e9dente \u00e9dition. Cr\u00e9dit : Montpellier Tourisme Un spectacle \u00e0 ciel ouvert \u00a0 Jeudi, vendredi&hellip;\n","protected":false},"author":2,"featured_media":530349,"comment_status":"","ping_status":"","sticky":false,"template":"","format":"standard","meta":{"footnotes":""},"categories":[9599],"tags":[64930,1111,11,64944,64938,64929,12666,64940,1777,674,64937,1011,27,64935,64943,64939,2208,64932,12,2680,64942,64934,64933,25,64931,64936,64941,11046],"class_list":{"0":"post-530348","1":"post","2":"type-post","3":"status-publish","4":"format-standard","5":"has-post-thumbnail","7":"category-montpellier","8":"tag-10e-edition","9":"tag-actu","10":"tag-actualites","11":"tag-arc-de-triomphe-montpellier","12":"tag-centre-ville-illumine","13":"tag-coeur-de-ville-en-lumiere","14":"tag-dj","15":"tag-etudiants-locaux","16":"tag-eu","17":"tag-europe","18":"tag-evenement-festif","19":"tag-fr","20":"tag-france","21":"tag-game-zone","22":"tag-infos-pratiques-montpellier","23":"tag-jeux-video-grandeur-nature","24":"tag-montpellier","25":"tag-monuments-emblematiques","26":"tag-news","27":"tag-occitanie","28":"tag-parkings-relais-montpellier","29":"tag-place-saint-come","30":"tag-projections-lumineuses","31":"tag-republique-francaise","32":"tag-spectacle-a-ciel-ouvert","33":"tag-theatre-de-lagora","34":"tag-tram-et-bus-montpellier","35":"tag-visiteurs"},"share_on_mastodon":{"url":"","error":"Validation failed: Text character limit of 500 exceeded"},"_links":{"self":[{"href":"https:\/\/www.europesays.com\/fr\/wp-json\/wp\/v2\/posts\/530348","targetHints":{"allow":["GET"]}}],"collection":[{"href":"https:\/\/www.europesays.com\/fr\/wp-json\/wp\/v2\/posts"}],"about":[{"href":"https:\/\/www.europesays.com\/fr\/wp-json\/wp\/v2\/types\/post"}],"author":[{"embeddable":true,"href":"https:\/\/www.europesays.com\/fr\/wp-json\/wp\/v2\/users\/2"}],"replies":[{"embeddable":true,"href":"https:\/\/www.europesays.com\/fr\/wp-json\/wp\/v2\/comments?post=530348"}],"version-history":[{"count":0,"href":"https:\/\/www.europesays.com\/fr\/wp-json\/wp\/v2\/posts\/530348\/revisions"}],"wp:featuredmedia":[{"embeddable":true,"href":"https:\/\/www.europesays.com\/fr\/wp-json\/wp\/v2\/media\/530349"}],"wp:attachment":[{"href":"https:\/\/www.europesays.com\/fr\/wp-json\/wp\/v2\/media?parent=530348"}],"wp:term":[{"taxonomy":"category","embeddable":true,"href":"https:\/\/www.europesays.com\/fr\/wp-json\/wp\/v2\/categories?post=530348"},{"taxonomy":"post_tag","embeddable":true,"href":"https:\/\/www.europesays.com\/fr\/wp-json\/wp\/v2\/tags?post=530348"}],"curies":[{"name":"wp","href":"https:\/\/api.w.org\/{rel}","templated":true}]}}