{"id":530354,"date":"2025-11-13T02:43:22","date_gmt":"2025-11-13T02:43:22","guid":{"rendered":"https:\/\/www.europesays.com\/fr\/530354\/"},"modified":"2025-11-13T02:43:22","modified_gmt":"2025-11-13T02:43:22","slug":"ici-on-agit-isere-petite-revolution-en-cuisine-au-chu-grenoble-alpes","status":"publish","type":"post","link":"https:\/\/www.europesays.com\/fr\/530354\/","title":{"rendered":"Ici on agit | Is\u00e8re. Petite r\u00e9volution en cuisine au CHU Grenoble-Alpes"},"content":{"rendered":"<p>Il est 11 h 30 et de la cuisine s\u2019\u00e9chappe l\u2019odeur all\u00e9chante de\u2026 1 500 parts de brownies faits maison qui seront servis le dimanche suivant. Depuis six heures du matin, le ballet des cuisiniers est incessant car ici, on re\u00e7oit six tonnes de produits par jour et chaque ann\u00e9e, le CHUGA pr\u00e9pare quasiment\u2026 deux millions de repas, dont 30 % depuis la production de l\u2019h\u00f4pital sud !<\/p>\n<p>Cette petite industrie tourne cinq jours sur sept et doit veiller, ainsi qu\u2019elle s\u2019y est engag\u00e9e l\u2019an dernier, \u00e0&#8230;<\/p>\n","protected":false},"excerpt":{"rendered":"Il est 11 h 30 et de la cuisine s\u2019\u00e9chappe l\u2019odeur all\u00e9chante de\u2026 1 500 parts de brownies&hellip;\n","protected":false},"author":2,"featured_media":530355,"comment_status":"","ping_status":"","sticky":false,"template":"","format":"standard","meta":{"footnotes":""},"categories":[9566],"tags":[1111,11,2430,9852,9853,112,436,1777,674,1795,1011,27,2731,9588,108,12,25,71],"class_list":{"0":"post-530354","1":"post","2":"type-post","3":"status-publish","4":"format-standard","5":"has-post-thumbnail","7":"category-grenoble","8":"tag-actu","9":"tag-actualites","10":"tag-auvergne-rhone-alpes","11":"tag-echirolles","12":"tag-echirolles-bassin","13":"tag-edition-grenoble-agglomeration","14":"tag-environnement","15":"tag-eu","16":"tag-europe","17":"tag-fil-web","18":"tag-fr","19":"tag-france","20":"tag-grenoble","21":"tag-ici-on-agit","22":"tag-isere","23":"tag-news","24":"tag-republique-francaise","25":"tag-sante"},"share_on_mastodon":{"url":"https:\/\/pubeurope.com\/@fr\/115540092895531291","error":""},"_links":{"self":[{"href":"https:\/\/www.europesays.com\/fr\/wp-json\/wp\/v2\/posts\/530354","targetHints":{"allow":["GET"]}}],"collection":[{"href":"https:\/\/www.europesays.com\/fr\/wp-json\/wp\/v2\/posts"}],"about":[{"href":"https:\/\/www.europesays.com\/fr\/wp-json\/wp\/v2\/types\/post"}],"author":[{"embeddable":true,"href":"https:\/\/www.europesays.com\/fr\/wp-json\/wp\/v2\/users\/2"}],"replies":[{"embeddable":true,"href":"https:\/\/www.europesays.com\/fr\/wp-json\/wp\/v2\/comments?post=530354"}],"version-history":[{"count":0,"href":"https:\/\/www.europesays.com\/fr\/wp-json\/wp\/v2\/posts\/530354\/revisions"}],"wp:featuredmedia":[{"embeddable":true,"href":"https:\/\/www.europesays.com\/fr\/wp-json\/wp\/v2\/media\/530355"}],"wp:attachment":[{"href":"https:\/\/www.europesays.com\/fr\/wp-json\/wp\/v2\/media?parent=530354"}],"wp:term":[{"taxonomy":"category","embeddable":true,"href":"https:\/\/www.europesays.com\/fr\/wp-json\/wp\/v2\/categories?post=530354"},{"taxonomy":"post_tag","embeddable":true,"href":"https:\/\/www.europesays.com\/fr\/wp-json\/wp\/v2\/tags?post=530354"}],"curies":[{"name":"wp","href":"https:\/\/api.w.org\/{rel}","templated":true}]}}