{"id":530361,"date":"2025-11-13T02:47:22","date_gmt":"2025-11-13T02:47:22","guid":{"rendered":"https:\/\/www.europesays.com\/fr\/530361\/"},"modified":"2025-11-13T02:47:22","modified_gmt":"2025-11-13T02:47:22","slug":"fahad-raja-muhammad-est-candidat-pour-reconstruire-strasbourg","status":"publish","type":"post","link":"https:\/\/www.europesays.com\/fr\/530361\/","title":{"rendered":"Fahad Raja Muhammad est candidat pour \u00ab reconstruire Strasbourg \u00bb"},"content":{"rendered":"<p>    <img loading=\"lazy\" width=\"1800\" height=\"900\" src=\"https:\/\/www.europesays.com\/fr\/wp-content\/uploads\/2025\/11\/jeanne-callthepolice.jpg\" class=\"attachment-full size-full\" alt=\"\" id=\"imageLove\" decoding=\"async\"  \/><\/p>\n<p id=\"breadcrumbs\"><a href=\"https:\/\/pokaa.fr\/\" target=\"_blank\" rel=\"noopener\">Accueil<\/a> \/ <a href=\"https:\/\/pokaa.fr\/categories\/municipales-2026\/\" target=\"_blank\" rel=\"noopener\">Municipales 2026<\/a> \/ Municipales 2026 : Fahad Raja Muhammad est candidat pour \u00ab reconstruire Strasbourg \u00bb<\/p>\n<p>                    Municipales 2026<\/p>\n<p><b>Le 4 octobre dernier, Fahad Raja Muhammad se d\u00e9clarait candidat aux municipales 2026 \u00e0 Strasbourg, sous la banni\u00e8re du Mouvement Populaire Ind\u00e9pendant (MPI). L\u2019\u00e9tudiant de 20 ans, dont la notori\u00e9t\u00e9 a grandi suite \u00e0 son renvoi de stage de l\u2019Eurom\u00e9tropole, compte \u00ab\u00a0reconstruire Strasbourg \u00e0 partir du terrain avec ceux qu\u2019on met \u00e0 l\u2019\u00e9cart\u00a0\u00bb. Rencontre.<\/b><\/p>\n<p class=\"p1\">Un nouveau joueur arrive dans la campagne. Dans des municipales strasbourgeoises qui pourraient lancer leur \u00e9quipe de foot au vu du nombre de candidatures, <b>celle de Fahad Raja Muhammad se diff\u00e9rencie quelque peu<\/b>. D\u00e9j\u00e0, au vu de son \u00e2ge : \u00e0 20 ans, il est de loin le plus jeune \u00e0 s\u2019engager dans la bataille politique.<\/p>\n<blockquote><p>\n        On veut reconstruire Strasbourg \u00e0 partir du terrain avec ceux qu\u2019on met \u00e0 l\u2019\u00e9cart.    <\/p><\/blockquote>\n<p>            Fahad Raja Muhammad, candidat aux municipales 2026 \u00e0 Strasbourg<\/p>\n<p class=\"p1\">Une donn\u00e9e que le candidat ne voit pas comme une faiblesse, au contraire : \u00ab Il faut le voir comme une force, car l\u2019\u00e2ge ne veut rien dire. J\u2019ai pas eu besoin de 40 ans pour me rendre compte des probl\u00e9matiques \u00e0 Strasbourg. \u00bb <b>Engag\u00e9 dans le milieu associatif depuis tout petit<\/b>, Fahad Raja Muhammad compte bien s\u2019appuyer sur son exp\u00e9rience du terrain pour proposer une campagne diff\u00e9rente.<\/p>\n<p class=\"p1\">Si son nom vous dit quelque chose, c\u2019est normal : <b>le candidat a \u00e9t\u00e9 vir\u00e9 de son stage \u00e0 l\u2019Eurom\u00e9tropole, apr\u00e8s une vid\u00e9o critiquant l\u2019extinction de la cath\u00e9drale<\/b>. Admettant que l\u2019\u00e9pisode a permis de diffuser son message \u00e0 un plus grand nombre, il a voulu profiter de ce levier pour se lancer dans la campagne des municipales. Avec une envie : \u00ab\u00a0Recr\u00e9er une connexion entre les Strasbourgeois et les politiques.\u00a0\u00bb<\/p>\n<p>    <img width=\"800\" height=\"533\" src=\"https:\/\/www.europesays.com\/fr\/wp-content\/uploads\/2025\/11\/copie-de-rawinssan-fahd-portrait-7362-800x533.jpg\" class=\"attachment-image-size-L size-image-size-L\" alt=\"Fahad Raja Muhammad mpi\" decoding=\"async\" loading=\"lazy\"  \/>         \u00a9 Fahad Raja Muhammad \/ Document remis <\/p>\n<p>De la Maison des Projets Innovants au Mouvement Populaire Ind\u00e9pendant<\/p>\n<p class=\"p1\">Au d\u00e9part de son action, Fahad Raja Muhammad met en avant la Maison des Projets Innovants, collectif d\u2019habitant(e)s cr\u00e9\u00e9 en janvier de cette ann\u00e9e, <b>et qui avait pour but de \u00ab\u00a0r\u00e9animer les quartiers\u00a0\u00bb en proposant plusieurs \u00e9v\u00e9nements<\/b>. Il cite une r\u00e9union de 40 mamans isol\u00e9es \u00e0 la Montagne Verte, un tournoi de basket pour jeunes femmes \u00e0 Hautepierre r\u00e9unissant 80 personnes et un ramassage de d\u00e9chets \u00e0 l\u2019Elsau.<\/p>\n<blockquote><p>\n        Avec aucun moyen, on arrive \u00e0 mettre en place des actions utiles pour les habitants, donc pourquoi pas r\u00e9ussir \u00e0 transformer sur le long terme ?    <\/p><\/blockquote>\n<p>            Fahad Raja Muhammad, candidat aux municipales 2026 \u00e0 Strasbourg<\/p>\n<p>Le but ? \u00ab\u00a0Comprendre les besoins des habitants, pour avoir des solutions.\u00a0\u00bb Il y a aussi fait le constat, d\u00e9sormais classique, que \u00ab\u00a0<b>la politique ne parle plus aux gens, particuli\u00e8rement dans les quartiers, qui ont perdu confiance<\/b> \u00bb.\u00a0Et au fur et \u00e0 mesure des rencontres et des retours des habitant(e)s des quartiers, Fahad Raja Muhammad comprend alors que \u00ab pour changer les choses en profondeur, il faut s\u2019engager politiquement \u00bb. Passant d\u2019un MPI \u00e0 un autre.<\/p>\n<p>    <img width=\"800\" height=\"533\" src=\"https:\/\/www.europesays.com\/fr\/wp-content\/uploads\/2025\/11\/img-9040-800x533.jpg\" class=\"attachment-image-size-L size-image-size-L\" alt=\"Fahad Raja Muhammad mpi\" decoding=\"async\" loading=\"lazy\"  \/>         \u00a9 Fahad Raja Muhammad \/ Document remis <\/p>\n<p>Un programme \u00ab\u00a0terre \u00e0 terre, sans mentir aux Strasbourgeois\u00a0\u00bb<\/p>\n<p class=\"p1\">Avec ce nouveau MPI, Fahad Raja Muhammad a commenc\u00e9 \u00e0 travailler sur le programme. S\u2019il aimerait se d\u00e9finir dans les valeurs de gauche comme la justice, l\u2019\u00e9galit\u00e9 et la solidarit\u00e9, il regrette que celle-ci \u00ab s\u2019est \u00e9loign\u00e9e du terrain, des classes populaires et de la r\u00e9alit\u00e9 des gens \u00bb. <b>Dans ses propositions, le candidat ne veut pas \u00ab\u00a0inventer des promesses irr\u00e9alisables\u00a0\u00bb<\/b>, mais souhaite \u00ab des mesures r\u00e9alistes, concr\u00e8tes et applicables d\u00e8s le lendemain de l\u2019\u00e9lection \u00bb.<\/p>\n<blockquote><p>\n        La politique ne se fait pas depuis un bureau, mais sur le terrain. Et sur le terrain, les gens parlent d\u2019\u00e9cole, de logement, de s\u00e9curit\u00e9.    <\/p><\/blockquote>\n<p>            Fahad Raja Muhammad, candidat aux municipales 2026 \u00e0 Strasbourg<\/p>\n<p>    <img width=\"800\" height=\"533\" src=\"https:\/\/www.europesays.com\/fr\/wp-content\/uploads\/2025\/11\/img-9028-800x533.jpg\" class=\"attachment-image-size-L size-image-size-L\" alt=\"Fahad Raja Muhammad mpi\" decoding=\"async\" loading=\"lazy\"  \/>         \u00a9 Fahad Raja Muhammad \/ Document remis <\/p>\n<p class=\"p1\">Souhaitant \u00ab rester terre \u00e0 terre, sans mentir aux Strasbourgeois \u00bb, Fahad Raja Muhammad a d\u00e9j\u00e0 6 mesures bien d\u00e9finies :<\/p>\n<ul class=\"ul1\">\n<li class=\"li1\"><b>La taxation et la r\u00e9quisition des logements vacants<\/b>, \u00ab pour responsabiliser les grands propri\u00e9taires et reloger les plus vuln\u00e9rables \u00bb.<\/li>\n<li class=\"li1\"><b>La gratuit\u00e9 du stationnement entre midi et deux \u00e0 Strasbourg<\/b>, pour ensuite pousser plus loin l\u2019abonnement des salari\u00e9(e)s et des entreprises d\u00e9cid\u00e9 par la municipalit\u00e9.<\/li>\n<li class=\"li1\"><strong>Un \u00ab\u00a0droit populaire d\u2019interpellation\u00a0\u00bb<\/strong> : au bout de 100 signatures d\u2019une p\u00e9tition citoyenne, une r\u00e9union publique obligatoire est mise en place ; \u00e0 1 500, le sujet est inscrit au conseil municipal [ce qui est d\u00e9j\u00e0 le cas, ndlr] ; \u00e0 9 000, il y a une votation citoyenne sur le sujet ; et \u00e0 30 000 il y a un referendum contraignant. Le tout sera g\u00e9r\u00e9 sur une plateforme en ligne.<\/li>\n<\/ul>\n<blockquote><p>\n        Faire de Strasbourg une ville sans fronti\u00e8res, plus juste, plus humaine et plus proche des Strasbourgeois.    <\/p><\/blockquote>\n<p>            Fahad Raja Muhammad, candidat aux municipales 2026 \u00e0 Strasbourg<\/p>\n<ul class=\"ul1\">\n<li class=\"li1\"><b>Installer du wifi public dans les grandes places, les grands parcs et les b\u00e2timents municipaux<\/b>, car \u00ab l\u2019acc\u00e8s internet devrait \u00eatre un droit \u00bb.<\/li>\n<li class=\"li1\"><b>Faire de Strasbourg une \u00ab\u00a0smart city\u00a0\u00bb, <\/b>c\u2019est-\u00e0-dire \u00ab\u00a0g\u00e9rer la ville en temps r\u00e9el\u00a0\u00bb gr\u00e2ce \u00e0 un centre qui supervise l\u2019\u00e9clairage public intelligent, le stationnement, la propret\u00e9, les feux tricolores\u2026<\/li>\n<li class=\"li1\"><b\/>Sur le sujet de la salubrit\u00e9 et de la s\u00e9curit\u00e9,<b> mettre en place des poubelles enterr\u00e9es dans tous les logements sociaux et centraliser le nettoyage des quartiers.<\/b><\/li>\n<\/ul>\n<p>    <img width=\"800\" height=\"533\" src=\"https:\/\/www.europesays.com\/fr\/wp-content\/uploads\/2025\/11\/copie-de-rawinssan-fahd-portrait-7732-800x533.jpg\" class=\"attachment-image-size-L size-image-size-L\" alt=\"Fahad Raja Muhammad mpi\" decoding=\"async\" loading=\"lazy\"  \/>         \u00a9 Fahad Raja Muhammad \/ Document remis <\/p>\n<p>Continuer d\u2019\u00eatre sur le terrain dans les prochains temps<\/p>\n<p class=\"p1\">Pour la suite de sa campagne, Fahad Raja Muhammad va continuer d\u2019\u00eatre sur le terrain, \u00e0 rencontrer les habitant(e)s, mais aussi les commer\u00e7ant(e)s des quartiers. Il r\u00e9sume sa dynamique : \u00ab\u00a0<b>Ce qu\u2019on faisait avant, on va le poursuivre. La seule chose qui va changer, c\u2019est qu\u2019on va essayer d\u2019organiser davantage de rassemblements<\/b>.\u00a0\u00bb<\/p>\n<p class=\"p1\"><b>Le candidat annonce qu\u2019il organisera son premier gros meeting d\u2019ici le mois de d\u00e9cembre<\/b>, alors qu\u2019il commence \u00e0 recevoir des attaques de l\u2019extr\u00eame droite \u00e0 la suite de sa candidature. Souhaitant encore et toujours \u00eatre dans une volont\u00e9 \u00ab\u00a0d\u2019avoir l\u2019oreille qui \u00e9coute\u00a0les Strasbourgeois\u00a0\u00bb, Fahad Raja Muhammad est confiant dans l\u2019avenir : \u00ab 200 personnes sont pr\u00eates \u00e0 se mobiliser pour les quartiers. Ce n\u2019est pas rien. \u00bb<\/p>\n<p>    <img width=\"800\" height=\"533\" src=\"https:\/\/www.europesays.com\/fr\/wp-content\/uploads\/2025\/11\/copie-de-rawinssan-fahd-portrait-8115-800x533.jpg\" class=\"attachment-image-size-L size-image-size-L\" alt=\"Fahad Raja Muhammad mpi\" decoding=\"async\" loading=\"lazy\"  \/>         \u00a9 Fahad Raja Muhammad \/ Document remis <\/p>\n","protected":false},"excerpt":{"rendered":"Accueil \/ Municipales 2026 \/ Municipales 2026 : Fahad Raja Muhammad est candidat pour \u00ab reconstruire Strasbourg \u00bb&hellip;\n","protected":false},"author":2,"featured_media":530362,"comment_status":"","ping_status":"","sticky":false,"template":"","format":"standard","meta":{"footnotes":""},"categories":[2820],"tags":[1111,11,1777,674,64945,1011,27,775,3434,64946,12,316,25,640],"class_list":{"0":"post-530361","1":"post","2":"type-post","3":"status-publish","4":"format-standard","5":"has-post-thumbnail","7":"category-strasbourg","8":"tag-actu","9":"tag-actualites","10":"tag-eu","11":"tag-europe","12":"tag-fahad-raja-muhammad","13":"tag-fr","14":"tag-france","15":"tag-grand-est","16":"tag-municipales-2026","17":"tag-municipales-2026-strasbourg","18":"tag-news","19":"tag-politique","20":"tag-republique-francaise","21":"tag-strasbourg"},"share_on_mastodon":{"url":"https:\/\/pubeurope.com\/@fr\/115540110151160059","error":""},"_links":{"self":[{"href":"https:\/\/www.europesays.com\/fr\/wp-json\/wp\/v2\/posts\/530361","targetHints":{"allow":["GET"]}}],"collection":[{"href":"https:\/\/www.europesays.com\/fr\/wp-json\/wp\/v2\/posts"}],"about":[{"href":"https:\/\/www.europesays.com\/fr\/wp-json\/wp\/v2\/types\/post"}],"author":[{"embeddable":true,"href":"https:\/\/www.europesays.com\/fr\/wp-json\/wp\/v2\/users\/2"}],"replies":[{"embeddable":true,"href":"https:\/\/www.europesays.com\/fr\/wp-json\/wp\/v2\/comments?post=530361"}],"version-history":[{"count":0,"href":"https:\/\/www.europesays.com\/fr\/wp-json\/wp\/v2\/posts\/530361\/revisions"}],"wp:featuredmedia":[{"embeddable":true,"href":"https:\/\/www.europesays.com\/fr\/wp-json\/wp\/v2\/media\/530362"}],"wp:attachment":[{"href":"https:\/\/www.europesays.com\/fr\/wp-json\/wp\/v2\/media?parent=530361"}],"wp:term":[{"taxonomy":"category","embeddable":true,"href":"https:\/\/www.europesays.com\/fr\/wp-json\/wp\/v2\/categories?post=530361"},{"taxonomy":"post_tag","embeddable":true,"href":"https:\/\/www.europesays.com\/fr\/wp-json\/wp\/v2\/tags?post=530361"}],"curies":[{"name":"wp","href":"https:\/\/api.w.org\/{rel}","templated":true}]}}