{"id":530368,"date":"2025-11-13T02:52:26","date_gmt":"2025-11-13T02:52:26","guid":{"rendered":"https:\/\/www.europesays.com\/fr\/530368\/"},"modified":"2025-11-13T02:52:26","modified_gmt":"2025-11-13T02:52:26","slug":"hbc-nantes-la-ligue-des-champions-reprend-ses-droits-jeudi-soir","status":"publish","type":"post","link":"https:\/\/www.europesays.com\/fr\/530368\/","title":{"rendered":"HBC Nantes : la Ligue des champions reprend ses droits jeudi soir"},"content":{"rendered":"<p class=\"block date\" id=\"dateEtAuteur\">Publi\u00e9 : 12 novembre 2025 \u00e0 17h54 &#8211; Modifi\u00e9 : 12 novembre 2025 \u00e0 17h57 H\u00e9l\u00e8ne  HAMON <\/p>\n<p><img decoding=\"async\" class=\"\" style=\"width:100%\" src=\"https:\/\/www.europesays.com\/fr\/wp-content\/uploads\/2025\/11\/Capture_d__cran_2025_11_12_1635591762961777705.png\" alt=\"Julien Bos, confiant, avant la r\u00e9ception de Bucarest en Ligue des champions\"\/>Apr\u00e8s la belle victoire des handballeurs nantais \u00e0 Limoges dimanche soir (40-35), pour le compte de la 10e journ\u00e9e de Starligue, le H fait son grand retour sur la sc\u00e8ne europ\u00e9enne, contre Bucarest ce jeudi soir (13 novembre). Une \u00e9quipe \u00e0 la port\u00e9e des Violets, mais qui a tout de m\u00eame de s\u00e9rieux atouts. <\/p>\n<p>Apr\u00e8s la performance XXL du HBC Nantes en championnat face \u00e0 Limoges, les Violets sont de retour \u00e0 la comp\u00e9tition, mais pour le compte de la Ligue des Champions. Ce jeudi soir (20h45), les Nantais affrontent, \u00e0 la maison, les Roumains du Dinamo Bucarest. Une \u00e9quipe robuste, avec quelques \u00e9l\u00e9ments qui pourraient venir perturber l\u2019organisation du H.<\/p>\n<p>Dimitri Fleurance, l&rsquo;entra\u00eeneur adjoint du H rappelle le \u00ab\u00a0point fort : Lumbroso qui a cette capacit\u00e9 \u00e0 jouer dans les duels, mettre de la vitesse, <strong>c&rsquo;est un joueur tr\u00e8s percutant et apr\u00e8s on a des joueurs puissants derri\u00e8re Vujovic et Vald\u00e8s, <\/strong>Langaro qui est capable de jouer hors secteur et d&rsquo;aller prendre des blocs d\u00e9cal\u00e9s, on a quand m\u00eame un pivot qui va nous emb\u00eater dans les deux-contre-deux, qui va \u00eatre capable de mettre toute sa puissance sur des num\u00e9ros 2 ou 5 chez nous. Il y aura un combat dans ce registre l\u00e0 \u00e0 mener et \u00e0 gagner. <\/p>\n<p>\u00a0<\/p>\n<blockquote><p>\n\u00ab\u00a0On a un tr\u00e8s beau jeu \u00e0 voir, \u00e7a doit \u00eatre plaisant pour les supporters\u00a0\u00bb\n<\/p><\/blockquote>\n<p>\u00a0<\/p>\n<p>Enfin en ce moment il y a un joueur qui performe \u00e9galement, c&rsquo;est Iancu, le gardien de but qui change un peu la donne. Il va y avoir un combat si Lumbroso met ses duels et qu&rsquo;on n&rsquo;est pas capable d&rsquo;annihiler ses premiers temps, on va se mettre en difficult\u00e9, \u00e7a c&rsquo;est s\u00fbr\u00a0\u00bb.<\/p>\n<p>Dimitri Fleurance, le coach adjoint du HDimitri Fleurance, le coach adjoint du H <\/p>\n<p>Pour Julien Bos, qui vit ses derniers mois avec le H, l&rsquo;adversaire est \u00e0 la port\u00e9e des Violets. L\u2019arri\u00e8re droit, bless\u00e9 en d\u00e9but de saison est plus motiv\u00e9 que jamais. \u00ab\u00a0Je suis \u00e0 100%, la tr\u00eave internationale aussi, le fait de se reposer et de se concentrer que sur sa cheville, m&rsquo;a fait du bien. J&rsquo;ai pu reprendre \u00e0 100% avec l&rsquo;\u00e9quipe et je suis en pleine forme.<\/p>\n<p>\u00a0<\/p>\n<blockquote><p>\n\u00ab\u00a0Notre jeu est plus abouti que d&rsquo;autres actuellement\u00a0\u00bb\n<\/p><\/blockquote>\n<p>\u00a0<\/p>\n<p>Pour la saison, je n&rsquo;ai fait qu&rsquo;un moi, mais ce qu&rsquo;on produit je trouve que c&rsquo;est plut\u00f4t bon signe. L&rsquo;\u00e9quipe n&rsquo;a pas chang\u00e9 par rapport \u00e0 l&rsquo;ann\u00e9e derni\u00e8re, ce qui fait que que notre jeu est plus abouti que d&rsquo;autres actuellement. J&rsquo;entends beaucoup de monde dire qu&rsquo;on a un jeu fluide, qu&rsquo;on a un jeu abouti, qui permet de l\u00e2cher les ballons. <strong>Moi, sur le terrain, je m&rsquo;en rends compte, il y a plus de ballons qui sont l\u00e2ch\u00e9s sur les ailiers, et cela veut dire que dans le jeu, il a forc\u00e9ment plus de continuit\u00e9. Cela<\/strong><strong> doit \u00eatre plaisant pour les supporters, c&rsquo;est ce qu&rsquo;on essaie de produire, et avec ce beau jeu, on gagn, donc c&rsquo;est plut\u00f4t pas mal !\u00a0\u00bb<\/strong><\/p>\n<p>L&rsquo;arri\u00e8re droit de 27 ans quittera la Cit\u00e9 des ducs l\u2019\u00e9t\u00e9 prochain, pour le club polonais de Kielce, mais avant \u00e7a il esp\u00e8re bien glaner encore quelques titres. \u00ab\u00a0J&rsquo;avais envie de vivre une exp\u00e9rience \u00e0 l&rsquo;\u00e9tranger. Voil\u00e0, mon objectif en venant \u00e0 Nantes, c&rsquo;\u00e9tait de me prouver que j&rsquo;\u00e9tais capable de changer le club. J&rsquo;avais choisi un club fran\u00e7ais pour la simplicit\u00e9 et puis le H \u00e9tait un club qui montait en puissance et j&rsquo;avais envie de vivre des exp\u00e9riences \u00e0 la H Arena parce que le public \u00e9tait magique.<\/p>\n<p>\u00a0<\/p>\n<blockquote><p>\nMaintenant, j&rsquo;ai envie de m&rsquo;\u00e9manciper sur la sc\u00e8ne europ\u00e9enne\n<\/p><\/blockquote>\n<p>\u00a0<\/p>\n<p>Maintenant, j&rsquo;ai envie de m&rsquo;\u00e9manciper sur la sc\u00e8ne europ\u00e9enne. Pour le sportif, je pense que c&rsquo;est bien dans une carri\u00e8re de jouer \u00e0 l&rsquo;\u00e9tranger.<strong> Jusqu&rsquo;en juin, je suis concentr\u00e9 \u00e0 fond ici et apr\u00e8s, je me projetterai avec Kielce mais pour l&rsquo;instant, je n&rsquo;y pense pas du tout&#8230; Aller chercher un titre oui, d&rsquo;autant plus pour ma derni\u00e8re ann\u00e9e \u00e0 Nantes, j&rsquo;aimerais bien.\u00a0\u00bb<\/strong><\/p>\n<p><strong>Le match HBC Nantes &#8211; Bucarest est programm\u00e9 ce jeudi soir \u00e0 20H45, \u00e0 la H Arena.<\/strong><\/p>\n","protected":false},"excerpt":{"rendered":"Publi\u00e9 : 12 novembre 2025 \u00e0 17h54 &#8211; Modifi\u00e9 : 12 novembre 2025 \u00e0 17h57 H\u00e9l\u00e8ne HAMON Apr\u00e8s&hellip;\n","protected":false},"author":2,"featured_media":530369,"comment_status":"","ping_status":"","sticky":false,"template":"","format":"standard","meta":{"footnotes":""},"categories":[2818],"tags":[1111,11,4939,1777,674,1011,27,1792,4343,64949,64948,766,12,2636,25],"class_list":{"0":"post-530368","1":"post","2":"type-post","3":"status-publish","4":"format-standard","5":"has-post-thumbnail","7":"category-nantes","8":"tag-actu","9":"tag-actualites","10":"tag-bucarest","11":"tag-eu","12":"tag-europe","13":"tag-fr","14":"tag-france","15":"tag-handball","16":"tag-hbc-nantes","17":"tag-julien-bos-h","18":"tag-kilece","19":"tag-nantes","20":"tag-news","21":"tag-pays-de-la-loire","22":"tag-republique-francaise"},"share_on_mastodon":{"url":"https:\/\/pubeurope.com\/@fr\/115540128718928209","error":""},"_links":{"self":[{"href":"https:\/\/www.europesays.com\/fr\/wp-json\/wp\/v2\/posts\/530368","targetHints":{"allow":["GET"]}}],"collection":[{"href":"https:\/\/www.europesays.com\/fr\/wp-json\/wp\/v2\/posts"}],"about":[{"href":"https:\/\/www.europesays.com\/fr\/wp-json\/wp\/v2\/types\/post"}],"author":[{"embeddable":true,"href":"https:\/\/www.europesays.com\/fr\/wp-json\/wp\/v2\/users\/2"}],"replies":[{"embeddable":true,"href":"https:\/\/www.europesays.com\/fr\/wp-json\/wp\/v2\/comments?post=530368"}],"version-history":[{"count":0,"href":"https:\/\/www.europesays.com\/fr\/wp-json\/wp\/v2\/posts\/530368\/revisions"}],"wp:featuredmedia":[{"embeddable":true,"href":"https:\/\/www.europesays.com\/fr\/wp-json\/wp\/v2\/media\/530369"}],"wp:attachment":[{"href":"https:\/\/www.europesays.com\/fr\/wp-json\/wp\/v2\/media?parent=530368"}],"wp:term":[{"taxonomy":"category","embeddable":true,"href":"https:\/\/www.europesays.com\/fr\/wp-json\/wp\/v2\/categories?post=530368"},{"taxonomy":"post_tag","embeddable":true,"href":"https:\/\/www.europesays.com\/fr\/wp-json\/wp\/v2\/tags?post=530368"}],"curies":[{"name":"wp","href":"https:\/\/api.w.org\/{rel}","templated":true}]}}