{"id":53037,"date":"2025-04-26T00:15:09","date_gmt":"2025-04-26T00:15:09","guid":{"rendered":"https:\/\/www.europesays.com\/fr\/53037\/"},"modified":"2025-04-26T00:15:09","modified_gmt":"2025-04-26T00:15:09","slug":"le-but-cetait-de-mettre-des-feuillus-pour-avoir-de-la-verdure-et-de-lombre-a-toulon-six-nouveaux-arbres-sur-la-place-de-la-liberte","status":"publish","type":"post","link":"https:\/\/www.europesays.com\/fr\/53037\/","title":{"rendered":"\u00ab\u00a0Le but, c\u2019\u00e9tait de mettre des feuillus pour avoir de la verdure et de l\u2019ombre\u00a0\u00bb: \u00e0 Toulon, six nouveaux arbres sur la place de la Libert\u00e9"},"content":{"rendered":"<p>Rien de r\u00e9volutionnaire, certes, mais un changement maintes fois r\u00e9clam\u00e9, qui ravira les amoureux de la nature en ville. Depuis vendredi, six nouveaux arbres ont fait leur apparition sur la place de la Libert\u00e9: deux micocouliers, deux f\u00e9viers d\u2019Am\u00e9rique et deux arbres des pagodes. Les services municipaux, \u00e0 l\u2019origine de ces plantations le long de l\u2019arr\u00eat de bus, c\u00f4t\u00e9 boulevard de Strasbourg, doivent terminer le chantier le 5 mai prochain, apr\u00e8s la remise en \u00e9tat des dalles et la pose des platelages au pied des troncs. Co\u00fbt de l\u2019op\u00e9ration: 47.000 euros.<\/p>\n<p>\u00ab\u00a0Le but, c\u2019\u00e9tait de mettre des feuillus pour avoir de la verdure et de l\u2019ombre\u00a0\u00bb, explique Martine B\u00e9rard, l\u2019\u00e9lue en charge du dossier. Celle-ci conc\u00e8de toutefois que la Ville ne pourra gu\u00e8re faire plus sur le sujet, \u00e0 cet endroit. \u00ab\u00a0On a plant\u00e9 juste en lisi\u00e8re du parking souterrain, en prenant garde \u00e0 ne pas toucher de canalisations. Mais au-dessus du parc de stationnement, ce n\u2019est \u00e9videmment pas possible.\u00a0\u00bb<\/p>\n<p>Pas tr\u00e8s probl\u00e9matique, pour l\u2019adjointe au maire: \u00ab\u00a0Il y a d\u00e9j\u00e0 plusieurs rang\u00e9es de palmiers autour de la place et le petit \u00eelot de verdure derri\u00e8re la fontaine. Et puis, malgr\u00e9 tout, c\u2019est un site qui n\u00e9cessite de l\u2019espace pour accueillir les manifestations et le village de No\u00ebl.\u00a0\u00bb<\/p>\n","protected":false},"excerpt":{"rendered":"Rien de r\u00e9volutionnaire, certes, mais un changement maintes fois r\u00e9clam\u00e9, qui ravira les amoureux de la nature en&hellip;\n","protected":false},"author":2,"featured_media":53038,"comment_status":"","ping_status":"","sticky":false,"template":"","format":"standard","meta":{"footnotes":""},"categories":[9619],"tags":[1111,11,436,1777,674,1011,27,12,882,25,2310,3366],"class_list":{"0":"post-53037","1":"post","2":"type-post","3":"status-publish","4":"format-standard","5":"has-post-thumbnail","7":"category-toulon","8":"tag-actu","9":"tag-actualites","10":"tag-environnement","11":"tag-eu","12":"tag-europe","13":"tag-fr","14":"tag-france","15":"tag-news","16":"tag-provence-alpes-cote-dazur","17":"tag-republique-francaise","18":"tag-toulon","19":"tag-vie-locale"},"share_on_mastodon":{"url":"https:\/\/pubeurope.com\/@fr\/114401386451918494","error":""},"_links":{"self":[{"href":"https:\/\/www.europesays.com\/fr\/wp-json\/wp\/v2\/posts\/53037","targetHints":{"allow":["GET"]}}],"collection":[{"href":"https:\/\/www.europesays.com\/fr\/wp-json\/wp\/v2\/posts"}],"about":[{"href":"https:\/\/www.europesays.com\/fr\/wp-json\/wp\/v2\/types\/post"}],"author":[{"embeddable":true,"href":"https:\/\/www.europesays.com\/fr\/wp-json\/wp\/v2\/users\/2"}],"replies":[{"embeddable":true,"href":"https:\/\/www.europesays.com\/fr\/wp-json\/wp\/v2\/comments?post=53037"}],"version-history":[{"count":0,"href":"https:\/\/www.europesays.com\/fr\/wp-json\/wp\/v2\/posts\/53037\/revisions"}],"wp:featuredmedia":[{"embeddable":true,"href":"https:\/\/www.europesays.com\/fr\/wp-json\/wp\/v2\/media\/53038"}],"wp:attachment":[{"href":"https:\/\/www.europesays.com\/fr\/wp-json\/wp\/v2\/media?parent=53037"}],"wp:term":[{"taxonomy":"category","embeddable":true,"href":"https:\/\/www.europesays.com\/fr\/wp-json\/wp\/v2\/categories?post=53037"},{"taxonomy":"post_tag","embeddable":true,"href":"https:\/\/www.europesays.com\/fr\/wp-json\/wp\/v2\/tags?post=53037"}],"curies":[{"name":"wp","href":"https:\/\/api.w.org\/{rel}","templated":true}]}}