{"id":530374,"date":"2025-11-13T02:55:14","date_gmt":"2025-11-13T02:55:14","guid":{"rendered":"https:\/\/www.europesays.com\/fr\/530374\/"},"modified":"2025-11-13T02:55:14","modified_gmt":"2025-11-13T02:55:14","slug":"le-lycee-hotelier-de-toulouse-et-listhia-recompenses-par-un-prix-europeen","status":"publish","type":"post","link":"https:\/\/www.europesays.com\/fr\/530374\/","title":{"rendered":"le Lyc\u00e9e H\u00f4telier de Toulouse et l&rsquo;Isthia r\u00e9compens\u00e9s par un prix europ\u00e9en"},"content":{"rendered":"<p>Ce jeudi 6\u00a0novembre \u00e0 Toulouse, le Lyc\u00e9e h\u00f4telier de Toulouse et l\u2019Institut sup\u00e9rieur du tourisme, de l\u2019h\u00f4tellerie et de l\u2019alimentation (Isthia) de l\u2019Universit\u00e9 Toulouse-Jean Jaur\u00e8s ont re\u00e7u un \u201cSpecial Award\u201d d\u00e9cern\u00e9 par Emmanuelle Panke, pr\u00e9sidente d\u2019<a href=\"https:\/\/www.coe.int\/fr\/web\/cultural-routes\/the-iter-vitis-route\" class=\"spip_out\" rel=\"external noopener\" target=\"_blank\">Iter Vitis<\/a>, itin\u00e9raire culturel du Conseil de l\u2019Europe, distinction europ\u00e9enne visant \u00e0 \u00ab\u00a0r\u00e9compenser le travail de valorisation et de transmission des connaissances et du savoir-faire autour du vin\u00a0\u00bb.<\/p>\n<p>Cet \u00e9v\u00e9nement s\u2019est d\u00e9roul\u00e9 en pr\u00e9sence de Jean-Fran\u00e7ois Portarrieu, d\u00e9put\u00e9 de Haute-Garonne, et de Christian Klinger, s\u00e9nateur du Haut-Rhin, tous deux copr\u00e9sidents de l\u2019Association nationale des \u00e9lus de la vigne et du vin (Anev), de Rosa Melchor, pr\u00e9sidente de Recevin, R\u00e9seau europ\u00e9en des villes du vin et de repr\u00e9sentants fran\u00e7ais et europ\u00e9ens de la fili\u00e8re viticole.<\/p>\n<p>Depuis 2018, Iter Vitis r\u00e9compense les initiatives innovantes et structurantes de pr\u00e9servation et de valorisation du patrimoine viticole \u00e0 travers le concours europ\u00e9en Iter Vitis Awards.<\/p>\n","protected":false},"excerpt":{"rendered":"Ce jeudi 6\u00a0novembre \u00e0 Toulouse, le Lyc\u00e9e h\u00f4telier de Toulouse et l\u2019Institut sup\u00e9rieur du tourisme, de l\u2019h\u00f4tellerie et&hellip;\n","protected":false},"author":2,"featured_media":373637,"comment_status":"","ping_status":"","sticky":false,"template":"","format":"standard","meta":{"footnotes":""},"categories":[2816],"tags":[1111,11,1057,1777,674,1011,27,1661,64950,12,2680,25,2312,602,18193],"class_list":{"0":"post-530374","1":"post","2":"type-post","3":"status-publish","4":"format-standard","5":"has-post-thumbnail","7":"category-toulouse","8":"tag-actu","9":"tag-actualites","10":"tag-education","11":"tag-eu","12":"tag-europe","13":"tag-fr","14":"tag-france","15":"tag-gastronomie","16":"tag-institut-superieur-du-tourisme-de-lhotellerie-et-de-lalimentation-isthia","17":"tag-news","18":"tag-occitanie","19":"tag-republique-francaise","20":"tag-toulouse","21":"tag-tourisme","22":"tag-viticulture"},"share_on_mastodon":{"url":"https:\/\/pubeurope.com\/@fr\/115540139945678129","error":""},"_links":{"self":[{"href":"https:\/\/www.europesays.com\/fr\/wp-json\/wp\/v2\/posts\/530374","targetHints":{"allow":["GET"]}}],"collection":[{"href":"https:\/\/www.europesays.com\/fr\/wp-json\/wp\/v2\/posts"}],"about":[{"href":"https:\/\/www.europesays.com\/fr\/wp-json\/wp\/v2\/types\/post"}],"author":[{"embeddable":true,"href":"https:\/\/www.europesays.com\/fr\/wp-json\/wp\/v2\/users\/2"}],"replies":[{"embeddable":true,"href":"https:\/\/www.europesays.com\/fr\/wp-json\/wp\/v2\/comments?post=530374"}],"version-history":[{"count":0,"href":"https:\/\/www.europesays.com\/fr\/wp-json\/wp\/v2\/posts\/530374\/revisions"}],"wp:featuredmedia":[{"embeddable":true,"href":"https:\/\/www.europesays.com\/fr\/wp-json\/wp\/v2\/media\/373637"}],"wp:attachment":[{"href":"https:\/\/www.europesays.com\/fr\/wp-json\/wp\/v2\/media?parent=530374"}],"wp:term":[{"taxonomy":"category","embeddable":true,"href":"https:\/\/www.europesays.com\/fr\/wp-json\/wp\/v2\/categories?post=530374"},{"taxonomy":"post_tag","embeddable":true,"href":"https:\/\/www.europesays.com\/fr\/wp-json\/wp\/v2\/tags?post=530374"}],"curies":[{"name":"wp","href":"https:\/\/api.w.org\/{rel}","templated":true}]}}