{"id":530375,"date":"2025-11-13T02:56:12","date_gmt":"2025-11-13T02:56:12","guid":{"rendered":"https:\/\/www.europesays.com\/fr\/530375\/"},"modified":"2025-11-13T02:56:12","modified_gmt":"2025-11-13T02:56:12","slug":"inauguration-du-commandement-de-lespace-a-toulouse","status":"publish","type":"post","link":"https:\/\/www.europesays.com\/fr\/530375\/","title":{"rendered":"Inauguration du Commandement de l\u2019espace \u00e0 Toulouse."},"content":{"rendered":"<p>Madame, Messieurs les ministres,<br \/>Mesdames, Messieurs les parlementaires,<br \/>Madame la pr\u00e9sidente de la r\u00e9gion d&rsquo;Occitanie,<br \/>Monsieur le maire de Toulouse,<br \/>Monsieur le pr\u00e9fet de r\u00e9gion,<br \/>Monsieur le chef d&rsquo;\u00e9tat-major des arm\u00e9es,<br \/>Monsieur le secr\u00e9taire g\u00e9n\u00e9ral de la D\u00e9fense et de la S\u00e9curit\u00e9 nationale,<br \/>Monsieur le d\u00e9l\u00e9gu\u00e9 g\u00e9n\u00e9ral pour l&rsquo;armement,<br \/>Monsieur le chef d&rsquo;\u00e9tat-major de l&rsquo;arm\u00e9e de l&rsquo;Air et de l&rsquo;Espace,<br \/>Messieurs les officiers g\u00e9n\u00e9raux,<br \/>Monsieur le pr\u00e9sident directeur g\u00e9n\u00e9ral du CNES,<br \/>Mesdames et Messieurs les acteurs du spatial en vos grades et qualit\u00e9s,<br \/>Mesdames et Messieurs les industriels, chers amis.<\/p>\n<p>Merci d&rsquo;\u00eatre l\u00e0 \u00e0 toutes et \u00e0 tous pr\u00e9sents aujourd&rsquo;hui. Et avant d&rsquo;entrer dans le vif du sujet et ce qui nous r\u00e9unit, je voulais simplement avoir un mot pour vous dire que je viens \u00e0 l&rsquo;instant de m&rsquo;entretenir avec le pr\u00e9sident Steinmeier au t\u00e9l\u00e9phone, pour lui exprimer ma profonde gratitude pour les bons offices de l&rsquo;Allemagne et notre coop\u00e9ration fructueuse depuis plusieurs mois sur le dossier de la lib\u00e9ration de notre compatriote Boualem Sansal. Nous avons travaill\u00e9 en transparence avec nos amis allemands comme tiers de confiance et je remercie sinc\u00e8rement le pr\u00e9sident Steinmeier de s\u2019\u00eatre rendu disponible. Notre souci a toujours \u00e9t\u00e9 d&rsquo;\u00eatre efficace pour permettre la lib\u00e9ration de Monsieur Sansal un peu plus d&rsquo;un an apr\u00e8s son emprisonnement en Alg\u00e9rie. Et la m\u00e9diation allemande y a contribu\u00e9 de mani\u00e8re d\u00e9cisive. C&rsquo;est le fruit d&rsquo;efforts constants de la France et d&rsquo;une m\u00e9thode faite de respect, de calme et d&rsquo;exigence. Je prends acte de ce geste d&rsquo;humanit\u00e9 du pr\u00e9sident Tebboune et l&rsquo;en remercie. Je reste \u00e9videmment disponible pour \u00e9changer avec lui sur l&rsquo;ensemble des sujets d&rsquo;int\u00e9r\u00eat pour nos deux pays. Et nous pensons aussi \u00e0 notre compatriote Christophe Gleizes.<\/p>\n<p>Vous retrouvant ici, c\u2019est de spatial dont je suis venu parler. Et je veux commencer par saluer les acteurs du spatial fran\u00e7ais, nos industriels, nos entreprises, nos sous-traitants, nos startups, nos ing\u00e9nieurs, l&rsquo;ensemble, celles et ceux qui constituent cet \u00e9cosyst\u00e8me dual essentiel \u00e0 l&rsquo;ind\u00e9pendance de la nation. Et c&rsquo;est pour moi aussi une grande \u00e9motion d&rsquo;\u00eatre \u00e0 vos c\u00f4t\u00e9s, Mon g\u00e9n\u00e9ral, pour l&rsquo;inauguration officielle de ce commandement de l&rsquo;espace, d\u00e9cid\u00e9 il y a maintenant quelques ann\u00e9es, b\u00e2ti dans un temps record et en \u00e9tant rigoureux et m\u00eame au-del\u00e0 en termes de budget. C&rsquo;est une \u00e9tape d\u00e9cisive que nous franchissons ensemble aujourd&rsquo;hui, qui vient parachever les d\u00e9cisions strat\u00e9giques prises il y a 6 ans, qui vient faire de ce commandement int\u00e9gr\u00e9 de l&rsquo;espace une r\u00e9alit\u00e9 pour nous tous.<\/p>\n<p>Depuis en effet 8 ans, nous portons une strat\u00e9gie fran\u00e7aise et europ\u00e9enne pour notre espace. J&rsquo;avais \u00e9voqu\u00e9 au Bourget au mois de juin dernier l&rsquo;effort de mobilisation n\u00e9cessaire, pris des engagements devant la nation le 13 juillet dernier \u00e0 Brienne. Et nous avons conjointement, \u00e0 tous ces travaux fran\u00e7ais, men\u00e9 aussi un partenariat renforc\u00e9 avec l&rsquo;Allemagne. Et je salue nos amis allemands pour avoir un dialogue strat\u00e9gique commun, une \u00e9tape importante ayant \u00e9t\u00e9 franchie \u00e0 Toulon \u00e0 la fin de l&rsquo;\u00e9t\u00e9. Mais en m\u00eame temps que l\u2019inauguration de ce Commandement de l&rsquo;espace et de cette nouvelle \u00e9tape, je veux ici devant vous aussi d\u00e9voiler les grandes lignes de notre strat\u00e9gie et les prochaines \u00e9tapes de notre action. Ces derniers mois, nous avons \u00e9labor\u00e9 notre Strat\u00e9gie nationale spatiale. Je veux remercier le SGDSN pour la r\u00e9daction et le travail de coordination avec l&rsquo;ensemble des services de l&rsquo;\u00c9tat comp\u00e9tents. Et c&rsquo;est une premi\u00e8re que menait un exercice aussi large, aussi interdisciplinaire, parfaitement dual, et qui prolonge les orientations de la revue nationale strat\u00e9gique \u00e9tablie cette ann\u00e9e et met \u00e0 jour la politique spatiale de d\u00e9fense publi\u00e9e en 2019.<\/p>\n<p>Cette strat\u00e9gie \u00e9tait indispensable pour nous donner un cap clair, un calendrier, une vision, pour garantir notre ind\u00e9pendance, la permanence, le temps long de l&rsquo;action de l&rsquo;\u00c9tat. Je suis venu vous dire aussi ici que l&rsquo;ind\u00e9pendance de la France aujourd&rsquo;hui d\u00e9pend de sa capacit\u00e9 d&rsquo;action et de son ind\u00e9pendance dans le spatial et que si nous voulons garder notre autonomie pour communiquer, pour observer, pour avoir la ma\u00eetrise du suivi du climat, pour continuer \u00e0 pouvoir agir et nous d\u00e9fendre, il est indispensable de prendre des d\u00e9cisions structurantes aujourd\u2019hui ou de poursuivre celles que nous avions commenc\u00e9es \u00e0 prendre hier.<\/p>\n<p>Le premier \u00e9l\u00e9ment de cette strat\u00e9gie, c&rsquo;est le spatial de d\u00e9fense et un \u00e9l\u00e9ment de lucidit\u00e9. Il faut se battre pour pr\u00e9server ce bien pr\u00e9cieux. En effet, l&rsquo;espace n&rsquo;est plus un sanctuaire, c&rsquo;est devenu un champ de bataille. La pr\u00e9sentation qui vient de m&rsquo;\u00eatre faite d&rsquo;ailleurs \u00e9tait \u00e9loquente \u00e0 cet \u00e9gard. L&rsquo;\u00e9poque de la conqu\u00eate, pendant des d\u00e9cennies, avait aussi \u00e9t\u00e9 celle des normes, en particulier celle du trait\u00e9 sur l&rsquo;espace de 1967, qui demeure et doit demeurer le cadre de r\u00e9f\u00e9rence. La France y est profond\u00e9ment attach\u00e9e. La France continuera de promouvoir le respect des r\u00e8gles, l&rsquo;usage responsable de l&rsquo;espace, l&rsquo;adoption de nouveaux principes de conduite, comme r\u00e9cemment le moratoire sur les tirs antisatellites que nous avons rejoints en 2022.<\/p>\n<p>Il le faut, car notre \u00e9poque, ne nous le cachons pas, est bien plut\u00f4t celle de la brutalisation de ce nouveau domaine. Des puissances d&rsquo;agression ont multipli\u00e9 en haut des actions irresponsables, ill\u00e9gales, voire hostiles, comme elles l&rsquo;ont fait ici-bas, si je puis dire. Nous vivons l&rsquo;espionnage, par exemple par la Russie, de nos satellites par des vaisseaux patrouilleurs, les brouillages massifs des signaux GPS, les attaques cyber contre nos infrastructures spatiales, les essais de missiles antisatellites, le d\u00e9veloppement d&rsquo;armes antisatellites \u00e0 effet de zone contre les constellations, et m\u00eame la menace russe particuli\u00e8rement choquante d&rsquo;armes nucl\u00e9aires dans l&rsquo;espace, dont les effets seraient d\u00e9sastreux pour le monde entier. Je ne suis pas l\u00e0 exhaustif, mais ceci suffit \u00e0 montrer combien il y a aujourd&rsquo;hui, pas simplement un discours, mais des actions d\u00e9sinhib\u00e9es et un cadre fragilis\u00e9.<\/p>\n<p>Nos comp\u00e9titeurs ne nous attendent pas et disposent aujourd&rsquo;hui de capacit\u00e9s d&rsquo;action dans l&rsquo;espace et vers l&rsquo;espace, en particulier gr\u00e2ce \u00e0 des armes \u00e0 \u00e9nergie dirig\u00e9es, lasers entre autres, d\u00e9ploy\u00e9es \u00e0 la surface terrestre. Ces actes ne sont pas des hypoth\u00e8ses, ce sont des r\u00e9alit\u00e9s. Ils visent \u00e0 nous priver de notre libert\u00e9 d&rsquo;action, \u00e0 fragiliser notre souverainet\u00e9, \u00e0 remettre en cause notre sup\u00e9riorit\u00e9 op\u00e9rationnelle.<\/p>\n<p>Face \u00e0 cette menace, la France agit avec une strat\u00e9gie claire, r\u00e9silience, r\u00e9activit\u00e9 et capacit\u00e9 \u00e0 agir dans et vers l&rsquo;espace. Nous nous devons d&rsquo;\u00eatre souverains sur l&rsquo;ensemble du continuum a\u00e9rospatial, c&rsquo;est-\u00e0-dire depuis les couches basses de l&rsquo;atmosph\u00e8re jusqu&rsquo;\u00e0 l&rsquo;espace, en passant par la tr\u00e8s haute altitude. Ce continuum, la ma\u00eetrise de notre capacit\u00e9 d&rsquo;action, de r\u00e9activit\u00e9 dans ce continuum est indispensable.<\/p>\n<p>C&rsquo;est pour cela qu&rsquo;apr\u00e8s avoir transform\u00e9 l&rsquo;arm\u00e9e de l&rsquo;air en arm\u00e9e de l&rsquo;air et de l&rsquo;espace, nous y avons cr\u00e9\u00e9 le commandement de l&rsquo;espace. Voil\u00e0 pourquoi nous sommes ici. Je tenais \u00e0 c\u00e9l\u00e9brer notre premi\u00e8re capacit\u00e9 op\u00e9rationnelle de ce commandement de l&rsquo;espace qui incarne la mise en \u0153uvre de la strat\u00e9gie spatiale de d\u00e9fense de 2019. Voil\u00e0 aussi pourquoi nous avons d\u00e9cid\u00e9, dans le cadre de l&rsquo;actualisation de la loi de programmation militaire, des marges suppl\u00e9mentaires r\u00e9serv\u00e9es au spatial, 4,2 milliards d&rsquo;euros sur la p\u00e9riode 2026-2030, en plus de ce qui avait \u00e9t\u00e9 programm\u00e9.<\/p>\n<p>\u00c0 ce titre, en mati\u00e8re de d\u00e9fense active, nous d\u00e9ploierons d\u00e8s 2027 nos premiers satellites patrouilleur-qu\u00eateurs, Orbit guard et Toutatis, pour surveiller, inspecter et, si n\u00e9cessaire, contrer les menaces en orbite. Ils seront compl\u00e9t\u00e9s par nos premi\u00e8res capacit\u00e9s d&rsquo;action vers l&rsquo;espace \u00e0 base de lasers et de brouilleurs. Nous acc\u00e9l\u00e9rons aussi le d\u00e9veloppement de nos capacit\u00e9s d&rsquo;alerte avanc\u00e9e en coop\u00e9ration avec l&rsquo;Allemagne, le programme Jewel et nous renfor\u00e7ons notre surveillance spatiale avec le radar Aurore afin de r\u00e9duire nos d\u00e9pendances.<\/p>\n<p>Nous investissons dans des moyens d&rsquo;action depuis le sol et l&rsquo;espace en respectant le droit international, mais sans na\u00efvet\u00e9 aucune. La guerre d&rsquo;aujourd&rsquo;hui se joue d\u00e9j\u00e0 dans l&rsquo;espace et la guerre de demain commencera dans l&rsquo;espace. Soyons pr\u00eats. Ce sera une condition du succ\u00e8s des op\u00e9rations militaires \u00e0 terre, dans les airs et dans les mers.<\/p>\n<p>Aujourd&rsquo;hui, nous fixons un cap. La France et l&rsquo;Europe ne se contenteront pas de subir les r\u00e8gles impos\u00e9es par d&rsquo;autres. Nous les \u00e9crirons avec nos alli\u00e9s europ\u00e9ens pour pr\u00e9server notre libert\u00e9 d&rsquo;acc\u00e8s et d&rsquo;action dans, vers et depuis l&rsquo;espace. Cette coop\u00e9ration dans tous les domaines du jeu est indispensable. De la m\u00eame mani\u00e8re que nous tenons \u00e0 la bonne coop\u00e9ration dans ce domaine avec les \u00c9tats-Unis d&rsquo;Am\u00e9rique, exercice conjoint, partage d&rsquo;informations, et l\u00e0 aussi dans tous les domaines du jeu.<\/p>\n<p>Je veux dans ce cadre et \u00e0 ce titre, saluer aussi la compl\u00e9mentarit\u00e9, et le r\u00f4le tr\u00e8s important autour du commandement de l\u2019espace, \u00e9videmment de la DGA, mais \u00e9galement du CNES, participants de cet effort spatial de d\u00e9fense en tant qu\u2019acteur central et historique de l\u2019\u00e9cosyst\u00e8me spatial. Le CNES a donn\u00e9 \u00e0 la France sa place \u00e0 la table des puissances spatiales, avec sa dimension duale assum\u00e9e depuis l\u2019origine, et je me r\u00e9jouis de l\u2019installation du centre op\u00e9rationnel du commandement de l\u2019espace \u00e0 Toulouse. La colocalisation avec le CNES n\u2019a rien du hasard. L\u2019un et l\u2019autre vont se nourrir mutuellement, innover, rayonner, coop\u00e9rer. C\u2019est aussi le lieu du Centre d\u2019excellence spatiale de l\u2019OTAN. L\u00e0 encore, cela ne doit rien au hasard. Notre volont\u00e9 est vraiment de renforcer cette dualit\u00e9 que j\u2019\u00e9voquais, mais d\u2019avoir ce continuum de la recherche amont jusqu\u2019\u00e0 la recherche aval, des op\u00e9rations et des coop\u00e9rations.<\/p>\n<p>Venons-en maintenant \u00e0 la strat\u00e9gie spatiale dans le reste du champ. Au-del\u00e0 de la d\u00e9fense, le spatial joue un r\u00f4le beaucoup plus large, profond\u00e9ment int\u00e9gr\u00e9 au c\u0153ur de notre soci\u00e9t\u00e9. Mais tout se tient. Je veux qu\u2019\u00e0 chaque instant, on garde le caract\u00e8re dual comme \u00e9tant au c\u0153ur de notre approche.<\/p>\n<p>\u00catre une puissance spatiale, je le disais en commen\u00e7ant, c\u2019est \u00eatre une puissance ind\u00e9pendante. Nos compatriotes doivent en \u00eatre convaincus. \u00catre une puissance spatiale, c\u2019est avoir l\u2019ambition d\u2019\u00eatre dans la comp\u00e9tition. La concurrence dans la course \u00e0 l\u2019espace ne se fait plus au niveau gouvernemental entre 3 ou 4 pays, ce qui fut pendant des d\u00e9cennies, au fond, la structuration de notre cadre de concurrence, mais elle se fait de mani\u00e8re beaucoup plus large avec des puissances \u00e9mergentes, mais aussi avec des soci\u00e9t\u00e9s priv\u00e9es qui acc\u00e9l\u00e8rent et cr\u00e9ent des d\u00e9pendances. Les grands cadres de coop\u00e9ration internationaux sont remis en question. Plusieurs acteurs nouveaux supplantent des acteurs historiques. La derni\u00e8re d\u00e9cennie nous a fait conna\u00eetre ce qu\u2019on croyait impensable il y a 15 ou 20 ans, avec l\u2019\u00e9mergence d\u2019acteurs nouveaux, de cat\u00e9gories nouvelles du jeu que nous avons \u00e0 coup s\u00fbr sous-estim\u00e9es et qui sont venus bousculer des positions qui \u00e9taient historiquement les n\u00f4tres et qui, d\u2019ailleurs, \u00e9taient souvent des avantages europ\u00e9ens. Les investissements publics et priv\u00e9s se d\u00e9multiplient et l\u2019acc\u00e9l\u00e9ration de ces investissements est encore \u00e0 l\u2019\u0153uvre.<\/p>\n<p>\u00catre une puissance spatiale, c\u2019est faire face aussi aux ruptures technologiques et op\u00e9rationnelles majeures port\u00e9es par certains de nos comp\u00e9titeurs. Ce ne sont pas les moindres d\u00e9fis, et l\u2019honn\u00eatet\u00e9 me conduit \u00e0 dire que l\u2019environnement \u00e9conomique, militaire et strat\u00e9gique de l\u2019espace a parfois \u00e9volu\u00e9 plus vite que nous. Nous avons pourtant toutes les cartes en main pour relever ces d\u00e9fis.<\/p>\n<p>En ayant ce message de lucidit\u00e9 pour s\u2019y commencer, cette approche sur la strat\u00e9gie spatiale, apr\u00e8s avoir parl\u00e9 du militaire, je veux aussi dire que nous avons tout pour r\u00e9ussir. Nous avons les comp\u00e9tences, nous avons la ma\u00eetrise de nombreuses technologies, nous avons cette culture duale, beaucoup plus que d\u2019autres. Nous avons la capacit\u00e9 industrielle, avec des tr\u00e8s grands acteurs industriels qui sont consolid\u00e9s, et qui ont su avancer. Nous sommes pr\u00e9sents sur tout le march\u00e9, du d\u00e9veloppement des syst\u00e8mes complexes et ambitieux au lancement, nous avons une agence spatiale performante, pr\u00e9sente sur de multiples champs d\u2019action. Notre expertise est reconnue, comme le montre notre participation \u00e0 de grands programmes en coop\u00e9ration, James Webb, mission scientifique, mission martienne. Nous avons nos territoires ultramarins, qui sont un formidable levier, l\u00e0 aussi, et une capacit\u00e9 de relais in\u00e9dite, qui est dans nos mains. La France fait ainsi partie des puissances qui comptent dans l\u2019espace, qui a les cartes pour continuer de le faire, et nous entendons le rester.<\/p>\n<p>Pour cela, c\u2019est tout le sens de la strat\u00e9gie nationale spatiale que nous d\u00e9voilons aujourd\u2019hui, qui sera rendue publique. Je ne la d\u00e9fleurerai pas dans son int\u00e9gralit\u00e9, mais je vais essayer d\u2019en donner la substantifique moelle. Cette strat\u00e9gie nationale est fond\u00e9e sur 5 piliers, principalement.<\/p>\n<p>D\u2019abord, l\u2019acc\u00e8s \u00e0 l\u2019espace. Avoir un acc\u00e8s autonome \u00e0 l\u2019espace est une responsabilit\u00e9 collective, pour la France et pour l\u2019Europe. D\u00e9pendre d\u2019une grande puissance tierce ou d\u2019un quelconque magnat du spatial et hors de question. Suivez mon regard. Tr\u00e8s concr\u00e8tement, cela signifie que nous devons garantir le maintien et le d\u00e9veloppement de notre base de lancement, le Centre spatial Guyanais, et la ma\u00eetrise de nos lanceurs, avec Ariane aujourd&rsquo;hui et nos futurs lanceurs demain, qui sont les leviers principaux de notre acc\u00e8s autonome.<\/p>\n<p>Cela veut dire faire monter en cadence l&rsquo;exploitation d&rsquo;Ariane 6, dont la comp\u00e9titivit\u00e9 doit \u00eatre am\u00e9lior\u00e9e. C&rsquo;est indispensable. Nous avons sauv\u00e9 \u00e0 S\u00e9ville, et on \u00e9tait quelques-uns \u00e0 \u0153uvrer pour cela, cet acc\u00e8s des Europ\u00e9ens \u00e0 l&rsquo;espace, en ramenant tout le monde, si je puis dire, dans la maison commune, mais on doit collectivement continuer d&rsquo;avoir cette discipline, en regardant ce qui se fait ailleurs. Si certains acteurs priv\u00e9s fascinent certains et semblent \u00eatre tr\u00e8s comp\u00e9titifs, c&rsquo;est qu&rsquo;ils ont \u00e9t\u00e9 massivement aid\u00e9s par des programmes d&rsquo;action publique, d&rsquo;ailleurs militaires ou priv\u00e9s, et qu&rsquo;ils ont eu l&rsquo;exclusivit\u00e9 des lancements institutionnels. Si les Europ\u00e9ens font diff\u00e9remment, aucune chance que leurs acteurs soient comp\u00e9titifs sur le march\u00e9 commercial. Donc, tous derri\u00e8re Ariane 6, les programmes futurs. Cela veut dire d\u00e9velopper les futurs lanceurs autour de la r\u00e9utilisation, la propulsion \u00e0 bas co\u00fbt, la motorisation \u00e0 forte pouss\u00e9e, qui sont les \u00e9l\u00e9ments de rupture et d&rsquo;avanc\u00e9e technologique que nous avons identifi\u00e9s, et l\u00e0 aussi, ne nous laissons pas d\u00e9passer, faire part d&rsquo;autres. Nos industriels ont un r\u00f4le essentiel, nos organismes de recherche aussi, et le programme France 2030, et derri\u00e8re l&rsquo;ensemble de ces actions. Cela veut dire, enfin, moderniser la base de Kourou pour en faire un lieu agile, ouvert aux petits lanceurs et \u00e0 des partenaires \u00e9trangers. Acc\u00e8s \u00e0 l&rsquo;espace donc, c&rsquo;est le premier pilier.<\/p>\n<p>Le deuxi\u00e8me pilier de la strat\u00e9gie, c&rsquo;est l&rsquo;industrie et les comp\u00e9tences. Le spatial fran\u00e7ais ne peut \u00eatre cr\u00e9dible et m\u00eame souverain qu&rsquo;avec une industrie comp\u00e9titive. Le mod\u00e8le industriel et commercial doit \u00eatre repens\u00e9 de l&rsquo;amont \u00e0 l&rsquo;aval, de la construction des lanceurs et satellites \u00e0 la connectivit\u00e9, jusqu&rsquo;aux services digitaux du futur. Il doit \u00eatre repens\u00e9 pour s&rsquo;ins\u00e9rer sur le march\u00e9 mondial, sur le plan commercial, mais aussi technologique. L&rsquo;\u00e9cosyst\u00e8me doit former encore davantage une \u00e9quipe de France en sachant associer ce qu&rsquo;on a appel\u00e9 les acteurs du new space et les acteurs historiques, sans les opposer aucunement. France 2030 a fait \u00e9merger des acteurs innovants. Nous devons consolider ces forces. On sait que dans certains segments, il y aura des moments de consolidation. Il faut les accompagner. Il faut aussi accompagner l&rsquo;innovation encore \u00e0 venir et consolider nos acteurs en pr\u00e9sence.<\/p>\n<p>Il faudra se doter d&rsquo;une politique nationale des comp\u00e9tences spatiales \u00e0 horizon 2040, qui est maintenant ce que nous devons continuer de d\u00e9cliner pour \u00eatre au rendez-vous des besoins de tous nos acteurs. La bataille des comp\u00e9tences \u00e9tant, l\u00e0 aussi, une bataille d\u00e9cisive.<\/p>\n<p>Troisi\u00e8me pilier, les capacit\u00e9s strat\u00e9giques et de d\u00e9fense. J&rsquo;en ai parl\u00e9 longuement au d\u00e9but de mon propos. Je n&rsquo;y reviendrai donc pas, mais c&rsquo;est ce que j&rsquo;\u00e9voquais dans le premier point.<\/p>\n<p>Quatri\u00e8me pilier, la science et l&rsquo;exploration. Le spatial est une source infinie de connaissances et de compr\u00e9hensions. Pour comprendre le r\u00e9chauffement climatique \u2014 cadre de beaucoup de programmes engag\u00e9s par le CNES, en lien avec d&rsquo;autres, au moment d&rsquo;ailleurs o\u00f9 certains se retirent \u2014 pour comprendre l&rsquo;origine de l&rsquo;univers et tant d&rsquo;autres \u00e9l\u00e9ments cl\u00e9s, les programmes de recherche en mati\u00e8re spatiale sont cl\u00e9s. C&rsquo;est indispensable. Il s&rsquo;agit aussi de porter la voix de la v\u00e9rit\u00e9 pour tous dans un moment o\u00f9 la raison, la science, les r\u00e8gles du d\u00e9bat d\u00e9mocratique sont attaqu\u00e9es. C&rsquo;est aussi un \u00e9l\u00e9ment de souverainet\u00e9 et d&rsquo;ind\u00e9pendance que de continuer de d\u00e9fendre la science et l&rsquo;exploration en mati\u00e8re spatiale, l\u00e0 o\u00f9 certains coupent les programmes lorsque les sujets de recherche ne les arrangent pas.<\/p>\n<p>L&rsquo;exploration spatiale est un symbole d&rsquo;esp\u00e9rance pour notre humanit\u00e9 commune. J&rsquo;ai \u00e0 c\u00f4t\u00e9 de moi un symbole vivant, si je puis dire, de ces exp\u00e9riences. Je l\u2019en remercie. Il sait l&rsquo;\u00e9vocation qu&rsquo;il a cr\u00e9\u00e9e chez beaucoup de nos jeunes. D&rsquo;ailleurs, par ses photographies, le travail d&rsquo;\u00e9merveillement, de partage de notre connaissance de la Terre, avec beaucoup, montrant que le combat contre le r\u00e9chauffement et le d\u00e9r\u00e8glement climatique est jumeau de celui de l&rsquo;aventure spatiale. Il a des successeurs, m\u00eame si, je vous rassure, il entend aussi continuer \u00e0 faire des missions et nous serons \u00e0 ses c\u00f4t\u00e9s pour ce faire.<\/p>\n<p>Nous pensons aussi \u00e0 notre astronaute fran\u00e7aise Sophie Adenot, qui incarnera cette ambition dans l&rsquo;ISS dans quelques mois maintenant. Je souhaite que sa Mission Epsilon permette d&rsquo;approfondir les connaissances, tout en incitant tous nos jeunes \u00e0 se tourner vers des carri\u00e8res scientifiques. En mati\u00e8re d&rsquo;exploration, nous devons aussi avoir une approche plus offensive, assumer d&rsquo;\u00eatre \u00e0 la recherche de nouvelles ressources critiques pour l&rsquo;avenir de notre humanit\u00e9, d\u00e9velopper des cargos ou encore de la production en orbite. C&rsquo;est l\u00e0 aussi un th\u00e9\u00e2tre d&rsquo;innovation, un th\u00e9\u00e2tre de production avec \u00e9norm\u00e9ment de d\u00e9bouch\u00e9s industriels \u00e0 beaucoup plus court terme qu&rsquo;on ne le croit.<\/p>\n<p>Cinqui\u00e8me pilier, la coop\u00e9ration. Le spatial est en effet une grande histoire de coop\u00e9ration. Coop\u00e9rer pour des programmes d&rsquo;envergure, c&rsquo;est un vecteur de rayonnement, c&rsquo;est aussi un levier diplomatique. La strat\u00e9gie nationale spatiale que nous d\u00e9voilons aujourd&rsquo;hui l&rsquo;affirme clairement, \u00e7a a \u00e9t\u00e9 un tr\u00e8s gros travail de celle-ci. La France con\u00e7oit sa puissance spatiale dans un \u00e9quilibre entre souverainet\u00e9 sur notre c\u0153ur strat\u00e9gique et coop\u00e9ration pour aller plus loin, jusqu&rsquo;au myst\u00e8re de l&rsquo;univers, ensemble, en europ\u00e9en prioritairement, et nous avons d&rsquo;ailleurs construit les infrastructures de recherche, d&rsquo;accompagnement, les grands programmes et les grandes agences en ce sens, mais aussi plus largement avec des partenaires que je ne veux pas oublier\u00a0: l&rsquo;Inde, le Japon, les \u00c9tats-Unis ou les \u00c9mirats arabes unis qui continueront de jouer \u00e0 nos c\u00f4t\u00e9s un r\u00f4le cl\u00e9.<\/p>\n<p>Voil\u00e0 les cinq piliers de cette strat\u00e9gie. Parlant de coop\u00e9ration, je veux dire un mot ici d&rsquo;Europe spatiale et d&rsquo;Europe du spatial. C&rsquo;est l&rsquo;un des \u00e9l\u00e9ments de cette strat\u00e9gie sur lequel, en effet, je veux insister. D&rsquo;abord, pour appeler \u00e0 la vigilance. Notre Europe spatiale est fragile. Elle est attaqu\u00e9e par ceux qui voudraient la fragmenter pour nous emp\u00eacher d&rsquo;\u00eatre plus forts ensemble.<\/p>\n<p>C&rsquo;est pour cela qu&rsquo;au-del\u00e0 de la strat\u00e9gie nationale, je crois n\u00e9cessaire d&rsquo;insister sur trois aspects de notre avenir europ\u00e9en. C&rsquo;est ceux qui sont d\u00e9fendus par notre strat\u00e9gie, c&rsquo;est ceux que nous poussons dans notre dialogue, tout particuli\u00e8rement en franco-allemand, mais c&rsquo;est ceux que nous continuerons de pousser dans les diff\u00e9rentes enceintes au niveau europ\u00e9en.<\/p>\n<p>Le premier aspect sur lequel je veux insister, c&rsquo;est celui de la comp\u00e9titivit\u00e9. Nous devons pousser nos champions europ\u00e9ens pour qu&rsquo;ils soient comp\u00e9titifs sur le march\u00e9 mondial. Je l&rsquo;ai d\u00e9j\u00e0 \u00e9voqu\u00e9 en creux, mais je veux y revenir et j&rsquo;ai eu l&rsquo;occasion de le dire dans d&rsquo;autres enceintes. Il nous faut pour cela sortir du m\u00e9canisme du retour g\u00e9ographique sur les march\u00e9s concurrentiels. Celui-ci a eu sa justification et son utilit\u00e9 \u00e0 une \u00e9poque, mais nous devons d\u00e9sormais tourner la page. Il n&rsquo;y a aucune chance qu&rsquo;on construise des acteurs europ\u00e9ens comp\u00e9titifs si, par nos r\u00e8gles, par la structuration de nos programmes, nous les emp\u00eachons d&rsquo;\u00eatre efficaces. Si on fait traverser \u00e0 un lanceur cinq ou six fois la fronti\u00e8re pour \u00eatre produit, l\u00e0 o\u00f9 leurs concurrents am\u00e9ricains le font dans un seul endroit.<\/p>\n<p>Nous serons comp\u00e9titifs aussi si nous sommes capables d&rsquo;assurer l&rsquo;\u00e9mergence de nos start-up, de leur permettre de grossir dans la phase, pardon de ces anglicismes, dit scale-up, et de se d\u00e9velopper au niveau europ\u00e9en avec les financements n\u00e9cessaires. Ce que nous avons su faire en France avec France 2030, avec nos grands programmes, avec nos organismes, il faut maintenant le dupliquer au niveau europ\u00e9en avec une vraie approche commune. Ce n&rsquo;est pas en multipliant et en ayant 27 fois la m\u00eame approche que nous arriverons \u00e0 faire \u00e9merger des start-up au niveau critique. Le march\u00e9 domestique de celle-ci doit \u00eatre nativement le march\u00e9 europ\u00e9en.<\/p>\n<p>C&rsquo;est aussi ce qu&rsquo;il faut faire en unissant nos forces. \u00c0 ce titre, les annonces r\u00e9centes sur la fusion de nos trois satellitiers europ\u00e9ens\u00a0: TAS, ADS et Telespazio, sont encourageantes, et je les encourage. Elles d\u00e9montrent la capacit\u00e9 d&rsquo;acteurs europ\u00e9ens \u00e0 s&rsquo;allier pour cr\u00e9er un nouveau champion dans le domaine spatial et au-del\u00e0 de la France, nous allons nous battre pour qu&rsquo;au niveau europ\u00e9en, ce mouvement d\u00e9cisif soit encourag\u00e9. Parce qu&rsquo;il permet de cr\u00e9er de la masse critique, permet de r\u00e9duire de la concurrence interne et d&rsquo;aller de l&rsquo;avant.<\/p>\n<p>Le monde avance vite, les g\u00e9ants du secteur se verticalisent et captent la valeur sur toute la cha\u00eene. Pensons donc aussi cette comp\u00e9titivit\u00e9 du lanceur aux fr\u00e9quences en passant par les op\u00e9rations satellitaires. C&rsquo;est aussi pour cela que la France soutient Eutelsat, seul op\u00e9rateur europ\u00e9en d\u00e9tenteur d&rsquo;une constellation en orbite basse qui doit se mettre au service de l&rsquo;Europe et est un \u00e9l\u00e9ment d\u00e9terminant de cette comp\u00e9titivit\u00e9.<\/p>\n<p>Apr\u00e8s la comp\u00e9titivit\u00e9, le deuxi\u00e8me aspect sur lequel je voulais revenir pour notre Europe du spatial, c&rsquo;est celui de la pr\u00e9f\u00e9rence europ\u00e9enne. Vous m&rsquo;avez sans doute entendu d\u00e9fendre cet aspect dans d\u2019autres domaines industriels, en parlant d&rsquo;automobile, d&rsquo;industrie, de digital, elle est vitale partout, elle l&rsquo;est aussi et surtout dans le spatial. Cette pr\u00e9f\u00e9rence europ\u00e9enne, ce n&rsquo;est pas un gros mot et ce n&rsquo;est pas du protectionnisme. Serions-nous si na\u00effs \u00e0 penser que les Chinois peuvent avoir une exclusivit\u00e9 chinoise, les Am\u00e9ricains une nette pr\u00e9f\u00e9rence assum\u00e9e am\u00e9ricaine, et que l&rsquo;Europe devrait \u00eatre, au fond, le seul acteur du jeu \u00e0 avoir la na\u00efvet\u00e9 de parfois pr\u00e9f\u00e9rer les autres.<\/p>\n<p>Si nous souhaitons un \u00e9cosyst\u00e8me industriel performant et qui se d\u00e9veloppe, nous devons commencer par lui d\u00e9dier, je l&rsquo;\u00e9voquais tout \u00e0 l&rsquo;heure rapidement, mais je veux y revenir, tout le march\u00e9 institutionnel, sans exception. Cela peut para\u00eetre d&rsquo;\u00e9vidence, mais il n&rsquo;en est rien, et \u00e7a a \u00e9t\u00e9 largement remis en cause ces derni\u00e8res ann\u00e9es. Nous devons cesser de nous poser des questions et faire grossir notre industrie par nos moyens, et donc, pr\u00e9f\u00e9rence dans nos programmes europ\u00e9ens, pr\u00e9f\u00e9rence dans les choix des diff\u00e9rents acteurs de la fili\u00e8re, utilisation de la commande publique qui doit \u00eatre fl\u00e9ch\u00e9e sur nos acteurs europ\u00e9ens.<\/p>\n<p>Nous devons aussi approfondir les meilleurs mod\u00e8les de financement institutionnel de l&rsquo;industrie, par exemple, via de l&rsquo;achat de services ou encore de lancement. L&rsquo;Europe doit jouer un r\u00f4le de consolidateur de la demande et assumer cette pr\u00e9f\u00e9rence europ\u00e9enne.\u00a0Nous nous battrons dans tous les textes et dans tous les programmes pour ce faire. C&rsquo;est absolument d\u00e9cisif. J&rsquo;appellerai tous mes coll\u00e8gues \u00e0 la plus grande vigilance, car je vois se multiplier des chiffres parfois tr\u00e8s impressionnants, et c&rsquo;est une bonne chose, d&rsquo;investissement pour les ann\u00e9es \u00e0 venir. Mais si ces investissements devaient se traduire par des achats sur \u00e9tag\u00e8re de solutions am\u00e9ricaines, je ne suis pas s\u00fbr que nous progresserions collectivement dans une Europe du spatial plus souveraine.<\/p>\n<p>Enfin, troisi\u00e8me aspect sur cette approche europ\u00e9enne sur lequel je voulais insister, c&rsquo;est celui de la gouvernance. Pour d\u00e9finir et porter une vision, f\u00e9d\u00e9rer les \u00c9tats et les nombreux acteurs, l&rsquo;Union europ\u00e9enne doit assumer son r\u00f4le et piloter la politique spatiale tout en s&rsquo;appuyant sur les moyens et l&rsquo;expertise techniques qui existent par ailleurs. Sans un pilotage politique ambitieux, clair et exigeant, le chemin sera impossible. Il en va de notre capacit\u00e9 \u00e0 r\u00e9ussir des programmes communs nouveaux. C&rsquo;est l&rsquo;exemple du programme IRIS\u00b2. Cette constellation europ\u00e9enne de satellites est un programme n\u00e9cessaire pour nos concitoyens, pour nos arm\u00e9es, pour nos nations europ\u00e9ennes. Nous devons faire de ce projet un succ\u00e8s, et pour cela, nous devons le simplifier, nous devons l&rsquo;acc\u00e9l\u00e9rer pour rendre les services de connectivit\u00e9 n\u00e9cessaires \u00e0 toute l&rsquo;Europe avant la fin de la d\u00e9cennie, et pour imaginer des \u00e9tapes interm\u00e9diaires afin d&rsquo;arriver \u00e0 celui-ci.<\/p>\n<p>Comp\u00e9titivit\u00e9, pr\u00e9f\u00e9rence europ\u00e9enne, acc\u00e9l\u00e9ration et nouvelle gouvernance, je porterai cette ambition en Europe dans les semaines \u00e0 venir, dans le dialogue franco-allemand et au niveau europ\u00e9en. Nous devons avancer vite en la mati\u00e8re, comme nous le faisons depuis le Bourget et comme nous continuerons \u00e0 le faire avec l&rsquo;Allemagne, l&rsquo;Italie, le Commissaire europ\u00e9en, l&rsquo;ESA, pour ne citer qu&rsquo;eux.<\/p>\n<p>Le dernier point avant de conclure que je voudrais faire est sur la trajectoire financi\u00e8re. Cette ambition, qui sera publi\u00e9e aujourd&rsquo;hui m\u00eame dans un d\u00e9tail plus important, cette ambition se traduit tr\u00e8s concr\u00e8tement par une trajectoire financi\u00e8re ambitieuse, la trajectoire militaire que j&rsquo;\u00e9voquais tout \u00e0 l&rsquo;heure avec les surmarches et qui seront d\u00e9taill\u00e9es tr\u00e8s prochainement, mais dont j&rsquo;ai d\u00e9j\u00e0 donn\u00e9 le chiffre pour la partie spatiale, mais avec aussi une trajectoire financi\u00e8re ambitieuse pour le spatial fran\u00e7ais civil, y incluant les activit\u00e9s duales de plus de 16 milliards d&rsquo;euros d&rsquo;ici \u00e0 2030, hors activit\u00e9s purement militaires.<\/p>\n<p>Nous nous faisons fort de pr\u00e9server les financements n\u00e9cessaires \u00e0 notre ambition spatiale, en lien avec les enjeux duaux qu&rsquo;ils recouvrent. C&rsquo;est un secteur de souverainet\u00e9 strat\u00e9gique, industriel et \u00e9conomique que nous priorisons au sein de la strat\u00e9gie de consolidation de nos finances publiques. Ces investissements se partagent efficacement entre une partie r\u00e9serv\u00e9e au c\u0153ur de souverainet\u00e9 nationale, des programmes en coop\u00e9ration europ\u00e9enne via l&rsquo;ESA et les programmes pilot\u00e9s par l&rsquo;Union europ\u00e9enne. Ils permettent aussi la participation \u00e0 des grands programmes d&rsquo;envergure internationale, notamment via le CNES et ces derniers qui permettent les coop\u00e9rations ont \u00e9t\u00e9 sanctuaris\u00e9s dans la trajectoire. Ils permettront \u00e9galement de d\u00e9cliner l&rsquo;ensemble de nos ambitions. Des rendez-vous minist\u00e9riels europ\u00e9ens sont \u00e0 venir prochainement et tous les d\u00e9tails seront donn\u00e9s \u00e0 ces occasions.<\/p>\n<p>Voil\u00e0 en quelques mots les grands axes de notre strat\u00e9gie sur lesquels je voulais revenir, Mesdames et Messieurs, aujourd&rsquo;hui devant vous. Ce n&rsquo;est pas un plan, une doctrine, c&rsquo;est un programme d&rsquo;action avec un cap clair, avec des d\u00e9clinaisons et un financement. J&rsquo;ai, pour ce faire, charg\u00e9 un ministre du pilotage de cette strat\u00e9gie avec une gouvernance resserr\u00e9e autour du ministre charg\u00e9 de l&rsquo;Espace.<\/p>\n<p>Ensuite, la France portera cette ambition au niveau europ\u00e9en. Nous avons devant nous de nombreuses \u00e9ch\u00e9ances spatiales qui arrivent, tr\u00e8s vite avec la minist\u00e9rielle de l&rsquo;ESA, je l&rsquo;\u00e9voquais en creux, \u00e0 la fin du mois, puis \u00e0 l&rsquo;Union europ\u00e9enne, la mission Epsilon et tant d&rsquo;autres jalons avec chacun de nos partenaires. C&rsquo;est dans cette perspective que nous accueillerons un sommet spatial international \u00e0 Paris l&rsquo;ann\u00e9e prochaine. Nous l&rsquo;organiserons avec l&rsquo;Allemagne, avec qui nous initions un travail de fond sur le spatial, d\u00e9cid\u00e9 fin ao\u00fbt, mais en associant \u00e9galement plusieurs Europ\u00e9ens, dont les Italiens.<\/p>\n<p>Je veux que ce sommet rassemble les Europ\u00e9ens autour d&rsquo;une ambition commune\u00a0: ind\u00e9pendance, progr\u00e8s, connaissance, coop\u00e9ration. Ce sommet sera nourri par l&rsquo;excellence scientifique fran\u00e7aise. J&rsquo;ai demand\u00e9 au CNES de se rapprocher de ses homologues allemands et italiens pour construire ensemble une vision partag\u00e9e de la place de l&rsquo;Europe sur la carte des puissances spatiales mondiales \u00e0 l&rsquo;horizon 2035.<\/p>\n<p>Le sommet aura lieu en avril 2026 et j&rsquo;ai d\u00e9sign\u00e9 Thomas Pesquet, un symbole fort de l&rsquo;Europe spatiale, ainsi que H\u00e9l\u00e8ne Huby, une dirigeante phare du secteur, pour \u00eatre les visages de ce sommet en tant qu&rsquo;envoy\u00e9s sp\u00e9ciaux et je les en remercie.<\/p>\n<p>Mesdames et Messieurs, je ne serai pas plus long. Nous vivons dans un monde de bouleversements radicaux et les acteurs que vous \u00eates en sont profond\u00e9ment conscients. Charg\u00e9s du renseignement, aviateurs, militaires, chercheurs, acad\u00e9miques, industriels, parlementaires, officiers g\u00e9n\u00e9raux, chacune et chacun dans vos comp\u00e9tences, vos qualit\u00e9s, et \u00e9videmment entrepreneurs ou salari\u00e9s de ces entreprises, vous mesurez chaque jour la radicalit\u00e9 et la rapidit\u00e9 des changements que nous subissons.<\/p>\n<p>En v\u00e9rit\u00e9, nous ne voulons pas les subir. Nous voulons les anticiper, nous voulons les penser, nous voulons en \u00eatre des acteurs pour d\u00e9fendre, justement, dans le cadre de ces changements, l&rsquo;ind\u00e9pendance de notre nation, l&rsquo;autonomie de notre acc\u00e8s \u00e0 l&rsquo;espace et de nos capacit\u00e9s d&rsquo;action, notre libert\u00e9, et une certaine id\u00e9e du progr\u00e8s humain, une certaine id\u00e9e de ce que doit \u00eatre l&rsquo;esp\u00e9rance universelle.<\/p>\n<p>C&rsquo;est cela ce que la France a toujours port\u00e9 aussi dans son approche duale, par son ambition de recherche, par la d\u00e9fense de la libert\u00e9 acad\u00e9mique et de l&rsquo;ind\u00e9pendance universitaire dans des temps o\u00f9 elle est parfois remise en cause, et dans son ambition industrielle de recherche et militaire. C&rsquo;est celle que nous continuerons de porter. Vous l&rsquo;avez compris, avec le commandement de l&rsquo;espace, avec les investissements de la LPM et avec cette strat\u00e9gie que nous publions aujourd&rsquo;hui et qui est une premi\u00e8re, c&rsquo;est bien de cela dont il s&rsquo;agit. C&rsquo;est cela que nous porterons tous ensemble.<\/p>\n<p>Je vous remercie pour votre attention. Je vous remercie surtout pour l&rsquo;engagement de chaque jour. Je compte sur vous \u00e0 tous \u00e9gards.<\/p>\n<p>Vive la R\u00e9publique et vive la France.<\/p>\n","protected":false},"excerpt":{"rendered":"Madame, Messieurs les ministres,Mesdames, Messieurs les parlementaires,Madame la pr\u00e9sidente de la r\u00e9gion d&rsquo;Occitanie,Monsieur le maire de Toulouse,Monsieur le&hellip;\n","protected":false},"author":2,"featured_media":530376,"comment_status":"","ping_status":"","sticky":false,"template":"","format":"standard","meta":{"footnotes":""},"categories":[2816],"tags":[1111,11,1813,2813,13577,554,1777,674,1011,27,12,2680,25,656,40650,2312],"class_list":{"0":"post-530375","1":"post","2":"type-post","3":"status-publish","4":"format-standard","5":"has-post-thumbnail","7":"category-toulouse","8":"tag-actu","9":"tag-actualites","10":"tag-armee","11":"tag-article","12":"tag-conquete-spatiale","13":"tag-defense","14":"tag-eu","15":"tag-europe","16":"tag-fr","17":"tag-france","18":"tag-news","19":"tag-occitanie","20":"tag-republique-francaise","21":"tag-securite","22":"tag-securite-et-justice","23":"tag-toulouse"},"share_on_mastodon":{"url":"https:\/\/pubeurope.com\/@fr\/115540143925990626","error":""},"_links":{"self":[{"href":"https:\/\/www.europesays.com\/fr\/wp-json\/wp\/v2\/posts\/530375","targetHints":{"allow":["GET"]}}],"collection":[{"href":"https:\/\/www.europesays.com\/fr\/wp-json\/wp\/v2\/posts"}],"about":[{"href":"https:\/\/www.europesays.com\/fr\/wp-json\/wp\/v2\/types\/post"}],"author":[{"embeddable":true,"href":"https:\/\/www.europesays.com\/fr\/wp-json\/wp\/v2\/users\/2"}],"replies":[{"embeddable":true,"href":"https:\/\/www.europesays.com\/fr\/wp-json\/wp\/v2\/comments?post=530375"}],"version-history":[{"count":0,"href":"https:\/\/www.europesays.com\/fr\/wp-json\/wp\/v2\/posts\/530375\/revisions"}],"wp:featuredmedia":[{"embeddable":true,"href":"https:\/\/www.europesays.com\/fr\/wp-json\/wp\/v2\/media\/530376"}],"wp:attachment":[{"href":"https:\/\/www.europesays.com\/fr\/wp-json\/wp\/v2\/media?parent=530375"}],"wp:term":[{"taxonomy":"category","embeddable":true,"href":"https:\/\/www.europesays.com\/fr\/wp-json\/wp\/v2\/categories?post=530375"},{"taxonomy":"post_tag","embeddable":true,"href":"https:\/\/www.europesays.com\/fr\/wp-json\/wp\/v2\/tags?post=530375"}],"curies":[{"name":"wp","href":"https:\/\/api.w.org\/{rel}","templated":true}]}}