{"id":530377,"date":"2025-11-13T02:57:39","date_gmt":"2025-11-13T02:57:39","guid":{"rendered":"https:\/\/www.europesays.com\/fr\/530377\/"},"modified":"2025-11-13T02:57:39","modified_gmt":"2025-11-13T02:57:39","slug":"un-accident-sur-la1-cree-de-gros-bouchons-a-proximite-de-lille","status":"publish","type":"post","link":"https:\/\/www.europesays.com\/fr\/530377\/","title":{"rendered":"Un accident sur l\u2019A1 cr\u00e9e de gros bouchons \u00e0 proximit\u00e9 de Lille"},"content":{"rendered":"<p>                    Par<br \/>\n        <strong><br \/>\n            <a href=\"https:\/\/actu.fr\/auteur\/amandine-vachez\" title=\"Consulter tous les articles de Amandine Vachez\" target=\"_blank\" rel=\"noopener\">Amandine Vachez<\/a><br \/>\n                    <\/strong><\/p>\n<p>        Publi\u00e9 le<\/p>\n<p>            12 nov. 2025 \u00e0 12h00<br \/>\n        ; mis \u00e0 jour le 12 nov. 2025 \u00e0 14h59    <\/p>\n<p>Prudence est de mise, sur l\u2019<b>autoroute A1<\/b>. Un <a href=\"https:\/\/actu.fr\/tag\/accident\" target=\"_blank\" rel=\"noopener\">accident<\/a> s\u2019est produit sur l\u2019axe tr\u00e8s emprunt\u00e9 \u00e0 proximit\u00e9 de <a href=\"https:\/\/actu.fr\/lille\" target=\"_blank\" rel=\"noopener\">Lille<\/a> (Nord), le matin du <b>mercredi 12\u00a0novembre 2025<\/b>. Survenu \u00e0<b> Phalempin<\/b>, il entra\u00eene <b>plusieurs kilom\u00e8tres de bouchons<\/b> en direction de la capitale des Flandres, indique la cellule de vigilance routi\u00e8re de la pr\u00e9fecture.<\/p>\n<p>Un accident entre un poids-lourd et une voiture, toutes les voies bloqu\u00e9es<\/p>\n<p class=\" wall-content\">\u00ab\u2009Un accident mettant en cause un poids-lourd et une voiture est en cours sur l\u2019autoroute A1\u00a0\u00e0 hauteur de la commune de\u00a0Phalempin (avant l\u2019\u00e9changeur de Seclin) <b>dans le sens Paris vers Lille<\/b>\u2009\u00bb, alertait la pr\u00e9fecture, peu avant 10\u2009h\u200945. Et de pr\u00e9ciser que la circulation se fait uniquement sur la bande d\u2019arr\u00eat d\u2019urgence.<\/p>\n<p class=\" wall-content\">Un <b>bouchon de 9\u00a0km s\u2019est form\u00e9<\/b>, d\u2019Oignies\u00a0\u00e0\u00a0Phalempin.<\/p>\n<p>Le poids-lourd toujours sur la voie \u00e0 midi, le bouchon s\u2019allonge<\/p>\n<p class=\" wall-content\">Nouveau point peu avant midi: la circulation se fait uniquement sur la voie de droite.<\/p>\n<p class=\" wall-content\">La voiture a \u00e9t\u00e9 \u00e9vacu\u00e9e, le poids-lourd sur la voie centrale et de gauche, est en attente de d\u00e9pannage. <b>Un bouchon de <\/b><b>13<\/b><b>km<\/b><b>\u00a0s\u2019est form\u00e9 de\u00a0<\/b><b>Dourges<\/b><b>\u00a0\u00e0\u00a0<\/b><b>Phalempin<\/b><b>.<\/b><\/p>\n<p class=\" wall-content\">Les voies se sont lib\u00e9r\u00e9es progressivement vers 13h30. <\/p>\n<p class=\" wall-content\">Personnalisez votre actualit\u00e9 en ajoutant vos villes et m\u00e9dias en favori avec <a href=\"https:\/\/moncompte.actu.fr\" title=\"D\u00e9couvez Mon Actu\" rel=\"nofollow noopener\" data-trk=\"{&quot;cta&quot;:{&quot;action&quot;:&quot;https:\\\/\\\/moncompte.actu.fr&quot;,&quot;category&quot;:&quot;mon compte&quot;,&quot;from&quot;:&quot;article footer&quot;,&quot;name&quot;:&quot;Mon actu&quot;,&quot;type&quot;:&quot;cta&quot;}}\" target=\"_blank\">Mon Actu<\/a>.<\/p>\n","protected":false},"excerpt":{"rendered":"Par Amandine Vachez Publi\u00e9 le 12 nov. 2025 \u00e0 12h00 ; mis \u00e0 jour le 12 nov. 2025&hellip;\n","protected":false},"author":2,"featured_media":530378,"comment_status":"","ping_status":"","sticky":false,"template":"","format":"standard","meta":{"footnotes":""},"categories":[2815],"tags":[119,1111,11,9904,1777,674,118,1011,27,811,1307,12,25],"class_list":{"0":"post-530377","1":"post","2":"type-post","3":"status-publish","4":"format-standard","5":"has-post-thumbnail","7":"category-lille","8":"tag-accident","9":"tag-actu","10":"tag-actualites","11":"tag-autoroute-1-a1","12":"tag-eu","13":"tag-europe","14":"tag-faits-divers","15":"tag-fr","16":"tag-france","17":"tag-hauts-de-france","18":"tag-lille","19":"tag-news","20":"tag-republique-francaise"},"share_on_mastodon":{"url":"https:\/\/pubeurope.com\/@fr\/115540147856248659","error":""},"_links":{"self":[{"href":"https:\/\/www.europesays.com\/fr\/wp-json\/wp\/v2\/posts\/530377","targetHints":{"allow":["GET"]}}],"collection":[{"href":"https:\/\/www.europesays.com\/fr\/wp-json\/wp\/v2\/posts"}],"about":[{"href":"https:\/\/www.europesays.com\/fr\/wp-json\/wp\/v2\/types\/post"}],"author":[{"embeddable":true,"href":"https:\/\/www.europesays.com\/fr\/wp-json\/wp\/v2\/users\/2"}],"replies":[{"embeddable":true,"href":"https:\/\/www.europesays.com\/fr\/wp-json\/wp\/v2\/comments?post=530377"}],"version-history":[{"count":0,"href":"https:\/\/www.europesays.com\/fr\/wp-json\/wp\/v2\/posts\/530377\/revisions"}],"wp:featuredmedia":[{"embeddable":true,"href":"https:\/\/www.europesays.com\/fr\/wp-json\/wp\/v2\/media\/530378"}],"wp:attachment":[{"href":"https:\/\/www.europesays.com\/fr\/wp-json\/wp\/v2\/media?parent=530377"}],"wp:term":[{"taxonomy":"category","embeddable":true,"href":"https:\/\/www.europesays.com\/fr\/wp-json\/wp\/v2\/categories?post=530377"},{"taxonomy":"post_tag","embeddable":true,"href":"https:\/\/www.europesays.com\/fr\/wp-json\/wp\/v2\/tags?post=530377"}],"curies":[{"name":"wp","href":"https:\/\/api.w.org\/{rel}","templated":true}]}}