{"id":530387,"date":"2025-11-13T03:03:25","date_gmt":"2025-11-13T03:03:25","guid":{"rendered":"https:\/\/www.europesays.com\/fr\/530387\/"},"modified":"2025-11-13T03:03:25","modified_gmt":"2025-11-13T03:03:25","slug":"un-quinquagenaire-retrouve-mort-par-balle-dans-sa-voiture","status":"publish","type":"post","link":"https:\/\/www.europesays.com\/fr\/530387\/","title":{"rendered":"un\u00a0quinquag\u00e9naire\u00a0retrouv\u00e9 mort par balle dans sa voiture"},"content":{"rendered":"<p itemprop=\"description\"><strong>Un important dispositif de secours a \u00e9t\u00e9 d\u00e9ploy\u00e9 ce mercredi 12 novembre en milieu d\u2019apr\u00e8s-midi \u00e0\u00a0Tassin-la-Demi-Lune (Rh\u00f4ne).<\/strong><\/p>\n<p>Peu avant 16h30,\u00a0un homme d\u2019une cinquantaine d\u2019ann\u00e9es a \u00e9t\u00e9 retrouv\u00e9 bless\u00e9 par balle dans sa voiture, stationn\u00e9e \u00e0 proximit\u00e9 de la m\u00e9diath\u00e8que, dans le secteur de l\u2019avenue des Cosmos.<\/p>\n<p>Les\u00a0pompiers, le Samu, les gendarmes et la police municipale\u00a0se sont rendus sur place. Malgr\u00e9 les tentatives de r\u00e9animation du\u00a0SMUR, la victime a \u00e9t\u00e9\u00a0d\u00e9clar\u00e9e d\u00e9c\u00e9d\u00e9e\u00a0sur les lieux.<\/p>\n<p>Selon les premiers \u00e9l\u00e9ments recueillis,\u00a0la piste du suicide est privil\u00e9gi\u00e9e\u00a0par les enqu\u00eateurs.<\/p>\n<p>Le\u00a0contexte du drame\u00a0reste \u00e0 pr\u00e9ciser. L\u2019intervention, tr\u00e8s visible dans ce secteur r\u00e9sidentiel, a suscit\u00e9 l\u2019inqui\u00e9tude de plusieurs habitants, t\u00e9moins de la pr\u00e9sence de nombreux v\u00e9hicules de secours et de forces de l\u2019ordre.<\/p>\n<p>Une\u00a0enqu\u00eate\u00a0a \u00e9t\u00e9 ouverte pour confirmer les circonstances exactes du d\u00e9c\u00e8s.<\/p>\n","protected":false},"excerpt":{"rendered":"Un important dispositif de secours a \u00e9t\u00e9 d\u00e9ploy\u00e9 ce mercredi 12 novembre en milieu d\u2019apr\u00e8s-midi \u00e0\u00a0Tassin-la-Demi-Lune (Rh\u00f4ne). Peu&hellip;\n","protected":false},"author":2,"featured_media":530388,"comment_status":"","ping_status":"","sticky":false,"template":"","format":"standard","meta":{"footnotes":""},"categories":[1889],"tags":[1111,11,2813,2190,2430,1109,251,1112,2811,1777,674,118,1011,27,1922,1110,1114,2428,2810,12,241,316,25,2812,517,800],"class_list":{"0":"post-530387","1":"post","2":"type-post","3":"status-publish","4":"format-standard","5":"has-post-thumbnail","7":"category-lyon","8":"tag-actu","9":"tag-actualites","10":"tag-article","11":"tag-asvel","12":"tag-auvergne-rhone-alpes","13":"tag-breves","14":"tag-culture","15":"tag-depeches","16":"tag-economique","17":"tag-eu","18":"tag-europe","19":"tag-faits-divers","20":"tag-fr","21":"tag-france","22":"tag-info","23":"tag-informations","24":"tag-infos","25":"tag-lyon","26":"tag-lyonmag","27":"tag-news","28":"tag-ol","29":"tag-politique","30":"tag-republique-francaise","31":"tag-sociale","32":"tag-sport","33":"tag-transports"},"share_on_mastodon":{"url":"https:\/\/pubeurope.com\/@fr\/115540171350292700","error":""},"_links":{"self":[{"href":"https:\/\/www.europesays.com\/fr\/wp-json\/wp\/v2\/posts\/530387","targetHints":{"allow":["GET"]}}],"collection":[{"href":"https:\/\/www.europesays.com\/fr\/wp-json\/wp\/v2\/posts"}],"about":[{"href":"https:\/\/www.europesays.com\/fr\/wp-json\/wp\/v2\/types\/post"}],"author":[{"embeddable":true,"href":"https:\/\/www.europesays.com\/fr\/wp-json\/wp\/v2\/users\/2"}],"replies":[{"embeddable":true,"href":"https:\/\/www.europesays.com\/fr\/wp-json\/wp\/v2\/comments?post=530387"}],"version-history":[{"count":0,"href":"https:\/\/www.europesays.com\/fr\/wp-json\/wp\/v2\/posts\/530387\/revisions"}],"wp:featuredmedia":[{"embeddable":true,"href":"https:\/\/www.europesays.com\/fr\/wp-json\/wp\/v2\/media\/530388"}],"wp:attachment":[{"href":"https:\/\/www.europesays.com\/fr\/wp-json\/wp\/v2\/media?parent=530387"}],"wp:term":[{"taxonomy":"category","embeddable":true,"href":"https:\/\/www.europesays.com\/fr\/wp-json\/wp\/v2\/categories?post=530387"},{"taxonomy":"post_tag","embeddable":true,"href":"https:\/\/www.europesays.com\/fr\/wp-json\/wp\/v2\/tags?post=530387"}],"curies":[{"name":"wp","href":"https:\/\/api.w.org\/{rel}","templated":true}]}}