{"id":530389,"date":"2025-11-13T03:05:25","date_gmt":"2025-11-13T03:05:25","guid":{"rendered":"https:\/\/www.europesays.com\/fr\/530389\/"},"modified":"2025-11-13T03:05:25","modified_gmt":"2025-11-13T03:05:25","slug":"municipales-2026-trois-franciliens-sur-quatre-estiment-que-les-conflits-entre-voitures-velos-et-pietons-ont-augmente","status":"publish","type":"post","link":"https:\/\/www.europesays.com\/fr\/530389\/","title":{"rendered":"Municipales 2026\u00a0: trois Franciliens sur quatre estiment que les conflits entre voitures, v\u00e9los et pi\u00e9tons ont augment\u00e9"},"content":{"rendered":"<p class=\"paragraph text_align_left lp-f-body-02\">R\u00e9alis\u00e9e aupr\u00e8s de 4 000 personnes repr\u00e9sentatives de la population fran\u00e7aise et de sept groupes de parole, cette \u00e9tude \u00ab met en lumi\u00e8re &#8211; parfois \u00e0 rebours des id\u00e9es re\u00e7ues &#8211; les usages, perceptions et priorit\u00e9s en mati\u00e8re de transport du quotidien, du c\u0153ur des m\u00e9tropoles jusqu\u2019aux territoires p\u00e9riurbains et ruraux \u00bb, r\u00e9sume J\u00e9r\u00f4me Fourquet, directeur du d\u00e9partement opinion de l\u2019Ifop, et auteur, entre autres, du livre \u00ab L\u2019archipel fran\u00e7ais \u00bb (Seuil, 2019).<\/p>\n","protected":false},"excerpt":{"rendered":"R\u00e9alis\u00e9e aupr\u00e8s de 4 000 personnes repr\u00e9sentatives de la population fran\u00e7aise et de sept groupes de parole, cette&hellip;\n","protected":false},"author":2,"featured_media":530390,"comment_status":"","ping_status":"","sticky":false,"template":"","format":"standard","meta":{"footnotes":""},"categories":[1592],"tags":[1111,11,1777,674,1011,27,662,1944,12,626,316,25,2382],"class_list":{"0":"post-530389","1":"post","2":"type-post","3":"status-publish","4":"format-standard","5":"has-post-thumbnail","7":"category-ile-de-france","8":"tag-actu","9":"tag-actualites","10":"tag-eu","11":"tag-europe","12":"tag-fr","13":"tag-france","14":"tag-ile-de-france","15":"tag-ma-ville","16":"tag-news","17":"tag-paris","18":"tag-politique","19":"tag-republique-francaise","20":"tag-transport-idf-oise"},"share_on_mastodon":{"url":"https:\/\/pubeurope.com\/@fr\/115540179297615798","error":""},"_links":{"self":[{"href":"https:\/\/www.europesays.com\/fr\/wp-json\/wp\/v2\/posts\/530389","targetHints":{"allow":["GET"]}}],"collection":[{"href":"https:\/\/www.europesays.com\/fr\/wp-json\/wp\/v2\/posts"}],"about":[{"href":"https:\/\/www.europesays.com\/fr\/wp-json\/wp\/v2\/types\/post"}],"author":[{"embeddable":true,"href":"https:\/\/www.europesays.com\/fr\/wp-json\/wp\/v2\/users\/2"}],"replies":[{"embeddable":true,"href":"https:\/\/www.europesays.com\/fr\/wp-json\/wp\/v2\/comments?post=530389"}],"version-history":[{"count":0,"href":"https:\/\/www.europesays.com\/fr\/wp-json\/wp\/v2\/posts\/530389\/revisions"}],"wp:featuredmedia":[{"embeddable":true,"href":"https:\/\/www.europesays.com\/fr\/wp-json\/wp\/v2\/media\/530390"}],"wp:attachment":[{"href":"https:\/\/www.europesays.com\/fr\/wp-json\/wp\/v2\/media?parent=530389"}],"wp:term":[{"taxonomy":"category","embeddable":true,"href":"https:\/\/www.europesays.com\/fr\/wp-json\/wp\/v2\/categories?post=530389"},{"taxonomy":"post_tag","embeddable":true,"href":"https:\/\/www.europesays.com\/fr\/wp-json\/wp\/v2\/tags?post=530389"}],"curies":[{"name":"wp","href":"https:\/\/api.w.org\/{rel}","templated":true}]}}