{"id":530402,"date":"2025-11-13T03:12:14","date_gmt":"2025-11-13T03:12:14","guid":{"rendered":"https:\/\/www.europesays.com\/fr\/530402\/"},"modified":"2025-11-13T03:12:14","modified_gmt":"2025-11-13T03:12:14","slug":"aux-etats-unis-la-plus-longue-paralysie-budgetaire-se-termine-dans-la-douleur-pour-les-democrates-liberation","status":"publish","type":"post","link":"https:\/\/www.europesays.com\/fr\/530402\/","title":{"rendered":"Aux Etats-Unis, la plus longue paralysie budg\u00e9taire se termine dans la douleur pour les d\u00e9mocrates \u2013 Lib\u00e9ration"},"content":{"rendered":"<p class=\"sc-cPiKLX AiZTS text-element\">Un coup d\u2019\u00e9p\u00e9e dans l\u2019eau. Il n\u2019y a pas mieux pour d\u00e9crire la plus longue paralysie budg\u00e9taire des Etats-Unis qui s\u2019est officiellement achev\u00e9e ce mercredi 12 novembre apr\u00e8s un vote au Congr\u00e8s ratifi\u00e9 par Donald Trump dans la soir\u00e9e. <a href=\"https:\/\/www.liberation.fr\/international\/amerique\/aux-etats-unis-la-paralysie-budgetaire-atteint-36-jours-un-record-20251105_XYFYPRJYSNG3DE3DRBIYJLNTNY\/?redirected=1\" target=\"_blank\" rel=\"noopener\" title=\"https:\/\/www.liberation.fr\/international\/amerique\/aux-etats-unis-la-paralysie-budgetaire-atteint-36-jours-un-record-20251105_XYFYPRJYSNG3DE3DRBIYJLNTNY\/?redirected=1\">Un record de 43 jours pour ce shutdown<\/a> que les d\u00e9mocrates portaient comme un premier grand d\u00e9fi face \u00e0 l\u2019inarr\u00eatable d\u00e9rive autoritaire du pr\u00e9sident r\u00e9publicain. Ils esp\u00e9raient obtenir, en \u00e9change d\u2019un vote sur le budget, l\u2019extension de subventions pour l\u2019Obamacare, l\u2019assurance sant\u00e9 des m\u00e9nages les plus modestes.<\/p>\n<p class=\"sc-cPiKLX AiZTS text-element\">Mais voil\u00e0 que ce week-end, quelques jours \u00e0 peine apr\u00e8s <a href=\"https:\/\/www.liberation.fr\/international\/amerique\/aux-etats-unis-une-premiere-serie-de-gifles-electorales-pour-donald-trump-20251105_IV3DF2KUBZH7PJHABKCT5TWXQY\/\" target=\"_blank\" rel=\"noopener\" title=\"https:\/\/www.liberation.fr\/international\/amerique\/aux-etats-unis-une-premiere-serie-de-gifles-electorales-pour-donald-trump-20251105_IV3DF2KUBZH7PJHABKCT5TWXQY\/\">une s\u00e9rie de victoires \u00e9lectorales \u00e0 New York et dans plusieurs Etats<\/a>, qui semblaient pouvoir ragaillardir le camp progressiste apr\u00e8s un an de morosit\u00e9, <a href=\"https:\/\/www.liberation.fr\/international\/amerique\/aux-etats-unis-la-capitulation-dune-poignee-delus-democrates-ouvre-la-voie-a-la-fin-du-shutdown-20251110_VKNZ2ZSVPVDU3FFYE7RFEA5GVM\/\" target=\"_blank\" rel=\"noopener\" title=\"https:\/\/www.liberation.fr\/international\/amerique\/aux-etats-unis-la-capitulation-dune-poignee-delus-democrates-ouvre-la-voie-a-la-fin-du-shutdown-20251110_VKNZ2ZSVPVDU3FFYE7RFEA5GVM\/\">sept s\u00e9nateurs d\u00e9mocrates et un autre ind\u00e9pendant ont pli\u00e9<\/a>. Ils ont accept\u00e9 de voter avec les r\u00e9publicains du S\u00e9nat afin que ceux-ci obtiennent les 60 sur 100 voix n\u00e9cessaires en vue de financer le gouvernement f\u00e9d\u00e9ral. Sans r\u00e9el engagement sur l\u2019assurance sant\u00e9. Quelque 650 000 employ\u00e9s f\u00e9d\u00e9raux vont retrouver leur poste apr\u00e8s cinq semaines de ch\u00f4mage technique et d\u2019une attente qui se sera r\u00e9v\u00e9l\u00e9e vaine.<\/p>\n<p class=\"sc-cPiKLX AiZTS text-element\">Cet accord, valid\u00e9 ce mercredi par 222 voix contre 209 \u00e0 la Chambre des repr\u00e9sentants o\u00f9 les r\u00e9publicains sont majoritaires, reporte au 30 janvier la perspective d\u2019une nouvelle paralysie budg\u00e9taire. La poign\u00e9e de s\u00e9nateurs d\u00e9mocrates a seulement obtenu que soient annul\u00e9s les 4 000 licenciements d\u2019employ\u00e9s f\u00e9d\u00e9raux d\u00e9but octobre, et qu\u2019aucun autre n\u2019ait lieu d\u2019ici la prochaine \u00e9ch\u00e9ance budg\u00e9taire. Mais aussi que les fonds du SNAP, un programme d\u2019aide alimentaire qui b\u00e9n\u00e9ficie \u00e0 plus de 42 millions d\u2019Am\u00e9ricains et qui \u00e9tait interrompu depuis le 1er novembre, soient maintenus jusqu\u2019\u00e0 septembre 2026.<\/p>\n<p class=\"sc-cPiKLX AiZTS text-element\">Sur le sujet principal qui a conduit \u00e0 la paralysie budg\u00e9taire, l\u2019\u00abAffordable Care Act\u00bb, surnomm\u00e9 Obamacare, ils n\u2019ont obtenu que la promesse d\u2019un vote au S\u00e9nat en d\u00e9cembre, ce qui n\u2019engage en rien la majorit\u00e9 r\u00e9publicaine. Sans une prolongation des subventions, plus de 20 millions d\u2019Am\u00e9ricains vont voir le prix de leur assurance sant\u00e9 plus que doubler \u00e0 partir du 1er janvier. Le Bureau du budget du Congr\u00e8s estime que deux millions d\u2019Am\u00e9ricains seront contraints de renoncer \u00e0 toute assurance l\u2019ann\u00e9e prochaine.<\/p>\n<p class=\"sc-cPiKLX AiZTS text-element\">\u00abCes \u00e9lus d\u00e9mocrates \u00e9taient surtout pr\u00e9occup\u00e9s par la question de savoir \u00e0 qui incomberait finalement la responsabilit\u00e9 du shutdown, estime Don Kettl, ancien doyen de la facult\u00e9 de politique publique de l\u2019universit\u00e9 du Maryland. Alors que les retards dans le trafic a\u00e9rien s\u2019accumulaient et que les inqui\u00e9tudes concernant l\u2019aide alimentaire augmentaient, ils craignaient que des personnes soient bless\u00e9es et qu\u2019ils finissent par en porter la responsabilit\u00e9.\u00bb<\/p>\n<p class=\"sc-cPiKLX AiZTS text-element\">Une victoire, en somme, pour Donald Trump. Puisque celui-ci, qui voyait les succ\u00e8s d\u00e9mocrates aux \u00e9lections du 4 novembre comme une cons\u00e9quence du shutdown, a pr\u00e9f\u00e9r\u00e9 s\u2019acharner \u00e0 provoquer le chaos plut\u00f4t qu\u2019\u00e0 engager une discussion avec ses opposants. Son administration a ainsi choisi <a href=\"https:\/\/www.liberation.fr\/international\/amerique\/etats-unis-la-cour-supreme-bloque-le-versement-daides-alimentaires-a-plus-de-42-millions-damericains-20251108_HMEJSPOFQ5BCPA5COUGBUTRCFQ\/\" target=\"_blank\" rel=\"noopener\" title=\"https:\/\/www.liberation.fr\/international\/amerique\/etats-unis-la-cour-supreme-bloque-le-versement-daides-alimentaires-a-plus-de-42-millions-damericains-20251108_HMEJSPOFQ5BCPA5COUGBUTRCFQ\/\">de bloquer ill\u00e9galement le versement des aides du SNAP<\/a>, poussant de nombreux concitoyens \u00e0 faire la queue dans des distributions alimentaires, et de r\u00e9duire le nombre de vols pour accro\u00eetre <a href=\"https:\/\/www.liberation.fr\/international\/amerique\/aux-etats-unis-toujours-pas-de-budget-federal-et-de-moins-en-moins-davions-20251109_XBO26QKKMBH5BNUL5FS55PYGCI\/\" target=\"_blank\" rel=\"noopener\" title=\"https:\/\/www.liberation.fr\/international\/amerique\/aux-etats-unis-toujours-pas-de-budget-federal-et-de-moins-en-moins-davions-20251109_XBO26QKKMBH5BNUL5FS55PYGCI\/\">le chaos du trafic a\u00e9rien<\/a>, alors que de nombreux contr\u00f4leurs non pay\u00e9s \u00e0 cause de la paralysie budg\u00e9taire ne se pr\u00e9sentaient plus dans les a\u00e9roports. C\u2019est cette intransigeance, \u00e0 dix jours de la tr\u00e8s populaire de Thanksgiving, qui aura eu raison de l\u2019unit\u00e9 d\u00e9mocrate.<\/p>\n<p class=\"sc-cPiKLX AiZTS text-element\">Car cette d\u00e9fection de quelques \u00e9lus de l\u2019opposition (six repr\u00e9sentants ont \u00e9galement vot\u00e9 pour la fin du shutdown \u00e0 la Chambre mercredi soir) engage une nouvelle crise existentielle au sein du Parti. Lesdits \u00e9lus sont accus\u00e9s de toute part d\u2019avoir plomb\u00e9 une dynamique pourtant positive pour les progressistes am\u00e9ricains. Les d\u00e9mocrates esp\u00e9raient profiter<a href=\"https:\/\/www.liberation.fr\/international\/zohran-mamdani-elu-maire-de-new-york-et-de-lespoir-anti-trump-20251105_VSBFXFYXD5C23DUZUZD5HXQFEQ\/\" target=\"_blank\" rel=\"noopener\" title=\"https:\/\/www.liberation.fr\/international\/zohran-mamdani-elu-maire-de-new-york-et-de-lespoir-anti-trump-20251105_VSBFXFYXD5C23DUZUZD5HXQFEQ\/\"> du r\u00e9sultat des \u00e9lections de la semaine pass\u00e9e<\/a>, principalement lu comme un rejet de la politique de Donald Trump dont la popularit\u00e9 est en baisse, pour faire pression sur les r\u00e9publicains du S\u00e9nat. Le gouverneur de Californie, Gavin Newsom, \u00e9voque sur X une \u00abcapitulation\u00bb.<\/p>\n<p class=\"sc-cPiKLX AiZTS text-element\">Un homme, en particulier, centralise les critiques : le chef de file de la formation au S\u00e9nat, Chuck Schumer. S\u2019il a vot\u00e9 contre la fin du shutdown, il est accus\u00e9 de n\u2019avoir pas r\u00e9ussi \u00e0 tenir ses troupes. D\u00e9j\u00e0 au printemps, ce cador d\u00e9mocrate, \u00e9lu d\u2019une circonscription new-yorkaise, \u00e9tait accus\u00e9 de ne pas faire suffisamment front face \u00e0 Donald Trump en refusant d\u2019engager une premi\u00e8re paralysie budg\u00e9taire. Celle de cet automne devait lui permettre de donner tort \u00e0 ses d\u00e9tracteurs. L\u2019\u00e9chec est cuisant.<\/p>\n<p class=\"sc-cPiKLX AiZTS text-element\">\u00abD\u2019un point de vue politique, les d\u00e9mocrates doivent recentrer leur attention sur les r\u00e9publicains, aussi furieux soient-ils de la trahison de huit s\u00e9nateurs, temp\u00e8re Mark Longabaugh, strat\u00e8ge de la campagne du tr\u00e8s progressiste Bernie Sanders \u00e0 la primaire d\u00e9mocrate de 2016. Il ne faut pas perdre de vue l\u2019enjeu central de la sant\u00e9 et la question de savoir qui est responsable, \u00e0 savoir les r\u00e9publicains.\u00bb<\/p>\n<p class=\"sc-cPiKLX AiZTS text-element\">Car malgr\u00e9 les clairons qui sonnent au sein de la majorit\u00e9 \u2013 le chef de file des r\u00e9publicains \u00e0 la Chambre, Mike Johnson, s\u2019est f\u00e9licit\u00e9 de la fin d\u2019un \u00ablong cauchemar national\u00bb \u2013, celle-ci pourrait prendre comme un boomerang l\u2019augmentation du prix de l\u2019assurance sant\u00e9 des plus modeste \u00e0 partir de janvier. \u00abIls continuent de parler de la r\u00e9forme de la sant\u00e9 pour mettre fin \u00e0 l\u2019Obamacare, mais ils n\u2019ont encore propos\u00e9 aucun plan pour le remplacer\u00bb, souligne Don Kettl. \u00abNous voulons un syst\u00e8me de sant\u00e9 o\u00f9 l\u2019argent est vers\u00e9 directement aux citoyens plut\u00f4t qu\u2019aux compagnies d\u2019assurances\u00bb, a simplement d\u00e9clar\u00e9 lundi Donald Trump depuis le bureau ovale sans plus de pr\u00e9cisions.<\/p>\n<p class=\"sc-cPiKLX AiZTS text-element\">\u00abIl n\u2019y a que deux issues possibles \u00e0 ce combat, selon Hakeem Jeffries, chef des repr\u00e9sentants d\u00e9mocrates qui s\u2019est exprim\u00e9 en amont du vote de mercredi soir. Soit les R\u00e9publicains d\u00e9cident enfin de prolonger les cr\u00e9dits d\u2019imp\u00f4t de l\u2019Affordable Care Act cette ann\u00e9e, soit le peuple am\u00e9ricain chassera les R\u00e9publicains de leurs fonctions l\u2019ann\u00e9e prochaine.\u00bb Faute d\u2019avoir pu profiter de ce douloureux shutdown, et conscients que le vote de d\u00e9cembre ne devrait aboutir \u00e0 rien, les d\u00e9mocrates veulent donc faire de l\u2019assurance sant\u00e9 leur cheval de bataille pour les \u00e9lections de mi-mandat, dans un an, qui verront se renouveler une bonne partie des deux chambres du Congr\u00e8s. \u00abIls vont d\u00e9sormais tout faire pour mettre les r\u00e9publicains face \u00e0 leurs contradictions\u00bb, anticipe Don Kettl.<\/p>\n<p class=\"sc-cPiKLX AiZTS text-element\">Plusieurs \u00e9lus ont d\u00e9j\u00e0 commenc\u00e9, ce mercredi, en relan\u00e7ant un autre feuilleton politique qui pourrait bien \u00eatre le principal talon d\u2019Achille de Donald Trump : l\u2019affaire Epstein. Des parlementaires ont ainsi rendu public <a href=\"https:\/\/www.liberation.fr\/international\/amerique\/donald-trump-savait-a-propos-des-filles-des-elus-democrates-publient-des-mails-attribues-a-jeffrey-epstein-20251112_AICGV2MX7BHD5J3T3XKPSDI2JU\/\" target=\"_blank\" rel=\"noopener\" title=\"https:\/\/www.liberation.fr\/international\/amerique\/donald-trump-savait-a-propos-des-filles-des-elus-democrates-publient-des-mails-attribues-a-jeffrey-epstein-20251112_AICGV2MX7BHD5J3T3XKPSDI2JU\/\">une s\u00e9rie de mails de Jeffrey Epstein<\/a>, accus\u00e9 d\u2019avoir dirig\u00e9 un immense r\u00e9seau de prostitution de mineurs, dont un de 2019 qui semble impliquer le pr\u00e9sident am\u00e9ricain en assurant qu\u2019il \u00absavait \u00e0 propos de filles\u00bb.<\/p>\n<p class=\"sc-cPiKLX AiZTS text-element\">La Maison Blanche s\u2019est empress\u00e9e de r\u00e9agir en d\u00e9non\u00e7ant une \u00absupercherie\u00bb. \u00abLes d\u00e9mocrates sont pr\u00eats \u00e0 tout pour d\u00e9tourner l\u2019attention de leur pi\u00e8tre gestion de la paralysie budg\u00e9taire\u00bb, s\u2019est d\u00e9fendu Donald Trump lui-m\u00eame sur Truth Social alors que le pr\u00e9sident a longtemps \u00e9t\u00e9 un proche de Jeffrey Epstein. C\u2019est que l\u2019affaire embarrasse depuis cet \u00e9t\u00e9 le milliardaire au plus haut point : certains de ses partisans s\u2019indignent qu\u2019il refuse depuis cet \u00e9t\u00e9 de divulguer les documents d\u00e9tenus par le gouvernement, ce qu\u2019il avait pourtant promis pendant sa campagne.<\/p>\n<p class=\"sc-cPiKLX AiZTS text-element\">Ce qui pourrait arriver paradoxalement gr\u00e2ce \u00e0 la fin du shutdown : le retour des repr\u00e9sentants au Congr\u00e8s a permis la prestation de serment d\u2019Adelita Grijalva. Et cette \u00e9lue d\u00e9mocrate de l\u2019Arizona a imm\u00e9diatement appos\u00e9 la derni\u00e8re signature n\u00e9cessaire \u00e0 une p\u00e9tition parlementaire qui devrait conduire \u00e0 un vote, la semaine prochaine, pour divulguer les fameux documents. Le trafic a\u00e9rien reprend mais les turbulences commencent.<\/p>\n","protected":false},"excerpt":{"rendered":"Un coup d\u2019\u00e9p\u00e9e dans l\u2019eau. Il n\u2019y a pas mieux pour d\u00e9crire la plus longue paralysie budg\u00e9taire des&hellip;\n","protected":false},"author":2,"featured_media":530403,"comment_status":"","ping_status":"","sticky":false,"template":"","format":"standard","meta":{"footnotes":""},"categories":[1589],"tags":[11,75,73,1866,12,1203,9150,1864,1865,1863,308],"class_list":{"0":"post-530402","1":"post","2":"type-post","3":"status-publish","4":"format-standard","5":"has-post-thumbnail","7":"category-etats-unis","8":"tag-actualites","9":"tag-donald-trump","10":"tag-etats-unis","11":"tag-etats-unis-damerique","12":"tag-news","13":"tag-parti-democrate","14":"tag-parti-republicain","15":"tag-united-states","16":"tag-united-states-of-america","17":"tag-us","18":"tag-usa"},"share_on_mastodon":{"url":"https:\/\/pubeurope.com\/@fr\/115540206790772263","error":""},"_links":{"self":[{"href":"https:\/\/www.europesays.com\/fr\/wp-json\/wp\/v2\/posts\/530402","targetHints":{"allow":["GET"]}}],"collection":[{"href":"https:\/\/www.europesays.com\/fr\/wp-json\/wp\/v2\/posts"}],"about":[{"href":"https:\/\/www.europesays.com\/fr\/wp-json\/wp\/v2\/types\/post"}],"author":[{"embeddable":true,"href":"https:\/\/www.europesays.com\/fr\/wp-json\/wp\/v2\/users\/2"}],"replies":[{"embeddable":true,"href":"https:\/\/www.europesays.com\/fr\/wp-json\/wp\/v2\/comments?post=530402"}],"version-history":[{"count":0,"href":"https:\/\/www.europesays.com\/fr\/wp-json\/wp\/v2\/posts\/530402\/revisions"}],"wp:featuredmedia":[{"embeddable":true,"href":"https:\/\/www.europesays.com\/fr\/wp-json\/wp\/v2\/media\/530403"}],"wp:attachment":[{"href":"https:\/\/www.europesays.com\/fr\/wp-json\/wp\/v2\/media?parent=530402"}],"wp:term":[{"taxonomy":"category","embeddable":true,"href":"https:\/\/www.europesays.com\/fr\/wp-json\/wp\/v2\/categories?post=530402"},{"taxonomy":"post_tag","embeddable":true,"href":"https:\/\/www.europesays.com\/fr\/wp-json\/wp\/v2\/tags?post=530402"}],"curies":[{"name":"wp","href":"https:\/\/api.w.org\/{rel}","templated":true}]}}