{"id":530404,"date":"2025-11-13T03:13:15","date_gmt":"2025-11-13T03:13:15","guid":{"rendered":"https:\/\/www.europesays.com\/fr\/530404\/"},"modified":"2025-11-13T03:13:15","modified_gmt":"2025-11-13T03:13:15","slug":"survol-de-drones-en-europe-pres-de-200-observations-de-drones-depuis-le-debut-de-lannee-au-royaume-uni","status":"publish","type":"post","link":"https:\/\/www.europesays.com\/fr\/530404\/","title":{"rendered":"Survol de drones en Europe : pr\u00e8s de 200 observations de drones depuis le d\u00e9but de l\u2019ann\u00e9e au Royaume-Uni"},"content":{"rendered":"<p>  \tDepuis le d\u00e9but de l\u2019ann\u00e9e, pr\u00e8s de 200 drones ont \u00e9t\u00e9 rep\u00e9r\u00e9s pr\u00e8s de bases militaires britanniques, selon le minist\u00e8re de la D\u00e9fense. Une annonce qui survient alors que le Royaume-Uni envoie des troupes et du mat\u00e9riel anti-drones en Belgique pour aider \u00e0 contrer la menace croissante d\u2019a\u00e9ronefs suspects.<\/p>\n<p>&#13;<br \/>\n&#13;<\/p>\n<p>Des drones ont \u00e9t\u00e9 observ\u00e9s \u00e0 187 reprises \u00e0 proximit\u00e9 des bases militaires depuis le d\u00e9but de l\u2019ann\u00e9e au Royaume-Uni, a indiqu\u00e9 jeudi le ministre d\u2019Etat \u00e0 la D\u00e9fense Vernon Coaker, en r\u00e9ponse \u00e0 une question parlementaire pos\u00e9e \u00e0 la Chambre des Lords.<\/p>\n<p>Cette semaine, le Royaume-Uni a annonc\u00e9 l\u2019envoi de militaires et de mat\u00e9riel anti-drones en Belgique afin de soutenir le pays contre la menace que repr\u00e9sentent les drones suspects dans l\u2019espace a\u00e9rien belge.<\/p>\n<p>&#13;<br \/>\n&#13;<\/p>\n<p>&#13;<br \/>\n&#13;<\/p>\n<p>L\u2019Allemagne et la France ont \u00e9galement propos\u00e9 leur soutien militaire apr\u00e8s que plusieurs drones non identifi\u00e9s eurent \u00e9t\u00e9 observ\u00e9s au-dessus d\u2019a\u00e9roports et de domaines militaires au cours des derniers jours et semaines.<\/p>\n","protected":false},"excerpt":{"rendered":"Depuis le d\u00e9but de l\u2019ann\u00e9e, pr\u00e8s de 200 drones ont \u00e9t\u00e9 rep\u00e9r\u00e9s pr\u00e8s de bases militaires britanniques, selon&hellip;\n","protected":false},"author":2,"featured_media":530405,"comment_status":"","ping_status":"","sticky":false,"template":"","format":"standard","meta":{"footnotes":""},"categories":[1588],"tags":[11,1777,674,12,473,1853,63397,1851,1850,1852],"class_list":{"0":"post-530404","1":"post","2":"type-post","3":"status-publish","4":"format-standard","5":"has-post-thumbnail","7":"category-royaume-uni","8":"tag-actualites","9":"tag-eu","10":"tag-europe","11":"tag-news","12":"tag-royaume-uni","13":"tag-royaume-uni-de-grande-bretagne-et-dirlande-du-nord","14":"tag-rtl-info","15":"tag-uk","16":"tag-united-kingdom","17":"tag-united-kingdom-of-great-britain-and-northern-ireland"},"share_on_mastodon":{"url":"https:\/\/pubeurope.com\/@fr\/115540211006533051","error":""},"_links":{"self":[{"href":"https:\/\/www.europesays.com\/fr\/wp-json\/wp\/v2\/posts\/530404","targetHints":{"allow":["GET"]}}],"collection":[{"href":"https:\/\/www.europesays.com\/fr\/wp-json\/wp\/v2\/posts"}],"about":[{"href":"https:\/\/www.europesays.com\/fr\/wp-json\/wp\/v2\/types\/post"}],"author":[{"embeddable":true,"href":"https:\/\/www.europesays.com\/fr\/wp-json\/wp\/v2\/users\/2"}],"replies":[{"embeddable":true,"href":"https:\/\/www.europesays.com\/fr\/wp-json\/wp\/v2\/comments?post=530404"}],"version-history":[{"count":0,"href":"https:\/\/www.europesays.com\/fr\/wp-json\/wp\/v2\/posts\/530404\/revisions"}],"wp:featuredmedia":[{"embeddable":true,"href":"https:\/\/www.europesays.com\/fr\/wp-json\/wp\/v2\/media\/530405"}],"wp:attachment":[{"href":"https:\/\/www.europesays.com\/fr\/wp-json\/wp\/v2\/media?parent=530404"}],"wp:term":[{"taxonomy":"category","embeddable":true,"href":"https:\/\/www.europesays.com\/fr\/wp-json\/wp\/v2\/categories?post=530404"},{"taxonomy":"post_tag","embeddable":true,"href":"https:\/\/www.europesays.com\/fr\/wp-json\/wp\/v2\/tags?post=530404"}],"curies":[{"name":"wp","href":"https:\/\/api.w.org\/{rel}","templated":true}]}}