{"id":530414,"date":"2025-11-13T03:18:18","date_gmt":"2025-11-13T03:18:18","guid":{"rendered":"https:\/\/www.europesays.com\/fr\/530414\/"},"modified":"2025-11-13T03:18:18","modified_gmt":"2025-11-13T03:18:18","slug":"star-academy-pierre-garnier-annonce-ne-pas-aller-au-prime-des-anciens-et-sen-explique","status":"publish","type":"post","link":"https:\/\/www.europesays.com\/fr\/530414\/","title":{"rendered":"Star Academy : Pierre Garnier annonce ne pas aller au prime des anciens et s\u2019en explique"},"content":{"rendered":"<p>      R\u00e9sum\u00e9<\/p>\n<p>Pierre Garnier, gagnant de la Star Academy 2023, sera absent du prime des anciens en raison de son agenda charg\u00e9 li\u00e9 \u00e0 la pr\u00e9paration de sa prochaine tourn\u00e9e.<\/p>\n<p>        Sommaire<\/p>\n<p>Une absence remarqu\u00e9e. Alors que TF1 s\u2019appr\u00eate \u00e0 diffuser un prime exceptionnel de la Star Academy r\u00e9unissant plusieurs anciens \u00e9l\u00e8ves embl\u00e9matiques, <strong><a href=\"https:\/\/www.public.fr\/tag\/pierre-garnier\" rel=\"nofollow noopener\" target=\"_blank\">Pierre Garnier<\/a><\/strong>, grand gagnant de l\u2019\u00e9dition 2023, a annonc\u00e9 qu\u2019il ne serait <strong>pas pr\u00e9sent<\/strong> lors de cette \u00e9mission tr\u00e8s attendue. Une d\u00e9cision qui a surpris ses fans, d\u2019autant plus que le jeune chanteur reste aujourd\u2019hui l\u2019un des visages les plus populaires issus du programme.<\/p>\n<p>Star Academy : Pierre Garnier absent du prime des anciens <\/p>\n<p>Loin d\u2019un d\u00e9sint\u00e9r\u00eat pour l\u2019\u00e9mission qui l\u2019a r\u00e9v\u00e9l\u00e9, cette absence s\u2019explique avant tout par un emploi du temps <strong>charg\u00e9 \u00e0 l\u2019extr\u00eame<\/strong>. Depuis sa victoire il y a d\u00e9j\u00e0 deux ans, Pierre Garnier encha\u00eene les projets et conna\u00eet <a href=\"https:\/\/www.public.fr\/pierre-garnier-son-album-chaque-seconde-depasse-les-165-000-ventes\" rel=\"nofollow noopener\" target=\"_blank\">un succ\u00e8s fulgurant<\/a>. Son premier album s\u2019est hiss\u00e9 en t\u00eate des ventes d\u00e8s sa sortie, port\u00e9 par le tube \u00ab Ceux qu\u2019on \u00e9tait \u00bb, qui a conquis un large public bien au-del\u00e0 des fans du t\u00e9l\u00e9-crochet.<\/p>\n<p>Apr\u00e8s une premi\u00e8re tourn\u00e9e triomphale \u00e0 travers la France, la Belgique et la Suisse, l\u2019artiste pr\u00e9pare actuellement la <strong>reprise de ses concerts<\/strong>, pr\u00e9vue pour la fin de l\u2019ann\u00e9e. Entre r\u00e9p\u00e9titions, arrangements sc\u00e9niques et enregistrements, son agenda ne laisse que peu de place \u00e0 la nostalgie.<\/p>\n<blockquote class=\"wp-block-quote is-layout-flow wp-block-quote-is-layout-flow\">\n<p>\u00ab Juste pour vous dire que je ne serai pas au prime des anciens cette semaine. Je pr\u00e9pare la tourn\u00e9e qui reprend bient\u00f4t&#8230; H\u00e2te de vous retrouver \u00bb, s&rsquo;est-il ainsi justifi\u00e9 en story. <\/p>\n<p>Une jolie carri\u00e8re deux ans apr\u00e8s la victoire <\/p>\n<p>Depuis son sacre \u00e0 la Star Academy en 2023, Pierre Garnier a su transformer l\u2019essai. Loin du simple ph\u00e9nom\u00e8ne t\u00e9l\u00e9visuel, il s\u2019est impos\u00e9 comme <strong>l\u2019un des nouveaux visages de la chanson fran\u00e7aise<\/strong>, s\u00e9duisant par sa sinc\u00e9rit\u00e9 et sa voix singuli\u00e8re.<\/p>\n<p>La reconnaissance du public s\u2019est accompagn\u00e9e de celle de l\u2019industrie musicale. <a href=\"https:\/\/www.public.fr\/nrj-music-awards-2025-helena-pierre-garnier-lenie-marine-la-star-academy-pulverise-la-competition\" rel=\"nofollow noopener\" target=\"_blank\">Le jeune artiste vient tout juste de remporter <strong>le prix de l\u2019Artiste masculin francophone de l\u2019ann\u00e9e<\/strong><\/a> lors des <strong>NRJ Music Awards<\/strong>, consacrant deux ans d\u2019un travail intense et d\u2019une ascension sans faux pas.<\/p>\n<p>Sur les r\u00e9seaux sociaux, ses fans saluent cette progression exemplaire : \u00ab Il ne sera pas au prime, mais il est l\u00e0 o\u00f9 il doit \u00eatre : sur sc\u00e8ne \u00bb, peut-on lire sur X (ex-Twitter). D\u2019autres regrettent son absence, esp\u00e9rant le revoir prochainement aux c\u00f4t\u00e9s de ses anciens camarades d\u2019aventure.<\/p>\n<p><img loading=\"lazy\" decoding=\"async\" width=\"826\" height=\"1024\" src=\"https:\/\/www.europesays.com\/fr\/wp-content\/uploads\/2025\/11\/Capture-decran-2025-11-12-a-16.58.06-826x1024.png\" alt=\"\"  \/><\/p>\n<p>Un prime plac\u00e9 sous le signe de la nostalgie <\/p>\n<p><a href=\"https:\/\/www.public.fr\/marine-star-academy-apres-sa-venue-au-chateau-elle-defend-sarah-et-tacle-une-internaute\" rel=\"nofollow noopener\" target=\"_blank\">Marine (Star Academy)\u00a0: apr\u00e8s sa venue au ch\u00e2teau, elle d\u00e9fend Sarah et tacle une internaute<\/a>Diffus\u00e9 ce samedi 15 novembre, le <strong>prime des anciens<\/strong> promet une soir\u00e9e riche en \u00e9motions pour les fid\u00e8les de l\u2019\u00e9mission. Plusieurs anciens \u00e9l\u00e8ves embl\u00e9matiques seront de la partie : <strong>Enola, Anisha, Marine, Julien<\/strong> ou encore d\u2019autres visages marquants des derni\u00e8res saisons.<\/p>\n<p>Ce rendez-vous est aussi une fa\u00e7on pour la production de c\u00e9l\u00e9brer l\u2019h\u00e9ritage d\u2019un programme culte, qui continue de passionner le public plus de vingt ans apr\u00e8s sa cr\u00e9ation. Chaque g\u00e9n\u00e9ration de candidats apporte sa touche, et les retrouvailles entre anciens et nouveaux acad\u00e9miciens promettent de beaux moments de musique et de complicit\u00e9.<\/p>\n<\/blockquote>\n<p>\n          Hits &amp; People en continu\n        <\/p>\n<p>\n          Public Radio\n        <\/p>\n<p>      Mentionn\u00e9s dans cet article<\/p>\n<p>      Sur le m\u00eame sujet<\/p>\n","protected":false},"excerpt":{"rendered":"R\u00e9sum\u00e9 Pierre Garnier, gagnant de la Star Academy 2023, sera absent du prime des anciens en raison de&hellip;\n","protected":false},"author":2,"featured_media":530415,"comment_status":"","ping_status":"","sticky":false,"template":"","format":"standard","meta":{"footnotes":""},"categories":[2],"tags":[11,1011,27,12,5096,25,5095],"class_list":{"0":"post-530414","1":"post","2":"type-post","3":"status-publish","4":"format-standard","5":"has-post-thumbnail","7":"category-actualites","8":"tag-actualites","9":"tag-fr","10":"tag-france","11":"tag-news","12":"tag-pierre-garnier","13":"tag-republique-francaise","14":"tag-star-academy"},"share_on_mastodon":{"url":"https:\/\/pubeurope.com\/@fr\/115540231216298648","error":""},"_links":{"self":[{"href":"https:\/\/www.europesays.com\/fr\/wp-json\/wp\/v2\/posts\/530414","targetHints":{"allow":["GET"]}}],"collection":[{"href":"https:\/\/www.europesays.com\/fr\/wp-json\/wp\/v2\/posts"}],"about":[{"href":"https:\/\/www.europesays.com\/fr\/wp-json\/wp\/v2\/types\/post"}],"author":[{"embeddable":true,"href":"https:\/\/www.europesays.com\/fr\/wp-json\/wp\/v2\/users\/2"}],"replies":[{"embeddable":true,"href":"https:\/\/www.europesays.com\/fr\/wp-json\/wp\/v2\/comments?post=530414"}],"version-history":[{"count":0,"href":"https:\/\/www.europesays.com\/fr\/wp-json\/wp\/v2\/posts\/530414\/revisions"}],"wp:featuredmedia":[{"embeddable":true,"href":"https:\/\/www.europesays.com\/fr\/wp-json\/wp\/v2\/media\/530415"}],"wp:attachment":[{"href":"https:\/\/www.europesays.com\/fr\/wp-json\/wp\/v2\/media?parent=530414"}],"wp:term":[{"taxonomy":"category","embeddable":true,"href":"https:\/\/www.europesays.com\/fr\/wp-json\/wp\/v2\/categories?post=530414"},{"taxonomy":"post_tag","embeddable":true,"href":"https:\/\/www.europesays.com\/fr\/wp-json\/wp\/v2\/tags?post=530414"}],"curies":[{"name":"wp","href":"https:\/\/api.w.org\/{rel}","templated":true}]}}