{"id":530418,"date":"2025-11-13T03:22:15","date_gmt":"2025-11-13T03:22:15","guid":{"rendered":"https:\/\/www.europesays.com\/fr\/530418\/"},"modified":"2025-11-13T03:22:15","modified_gmt":"2025-11-13T03:22:15","slug":"saint-andre-ma-periode-cetait-pire-que-du-bricolage","status":"publish","type":"post","link":"https:\/\/www.europesays.com\/fr\/530418\/","title":{"rendered":"Saint-Andr\u00e9 : \u00ab Ma p\u00e9riode ? C\u2019\u00e9tait pire que du bricolage ! \u00bb"},"content":{"rendered":"<p data-start=\"2945\" data-end=\"3224\">Ancien s\u00e9lectionneur du XV de France de 2012 \u00e0 2015, <strong data-start=\"2998\" data-end=\"3022\">Philippe Saint-Andr\u00e9<\/strong> mesure \u00e0 quel point les conditions de travail se sont transform\u00e9es pour le staff actuel.<\/p>\n<p data-start=\"2945\" data-end=\"3224\">Celui qui dirige d\u00e9sormais le sportif \u00e0 <strong data-start=\"3154\" data-end=\"3172\">Provence Rugby<\/strong> se souvient d\u2019une \u00e9poque autrement plus compliqu\u00e9e.<\/p>\n<p data-start=\"2945\" data-end=\"3224\"><strong>Il s\u2019est confi\u00e9 dans les colonnes du journal <a href=\"https:\/\/www.lequipe.fr\/Rugby\/Article\/Le-top-14-plombe-t-il-les-bleus\/1609247\" rel=\"nofollow noopener\" target=\"_blank\">L\u2019\u00e9quipe<\/a> :<\/strong><\/p>\n<p data-start=\"3226\" data-end=\"3500\">\u00ab Ma p\u00e9riode \u00e9tait totalement diff\u00e9rente. C\u2019\u00e9tait pire que du bricolage. Nous, la semaine, on \u00e9tait 28 ou 29 joueurs. Je me souviens que, parfois, le docteur Jean-Baptiste Grisoli \u00e9tait oblig\u00e9 de faire le nombre pour l\u2019opposition ! On a rigol\u00e9 mais c\u2019\u00e9tait path\u00e9tique. \u00bb<\/p>\n<p data-start=\"3502\" data-end=\"4016\">Pour Saint-Andr\u00e9, le grand tournant du rugby fran\u00e7ais r\u00e9side dans la mise en place des <strong data-start=\"3589\" data-end=\"3597\">JIFF<\/strong> (Joueurs Issus des Fili\u00e8res de Formation), qui a permis d\u2019augmenter le vivier de joueurs s\u00e9lectionnables.<\/p>\n<p data-start=\"3502\" data-end=\"4016\">Il \u00e9voque le contraste saisissant entre la finale europ\u00e9enne 2013 Clermont\u2013Toulon, o\u00f9 seuls <strong data-start=\"3796\" data-end=\"3811\">19 Fran\u00e7ais<\/strong> \u00e9taient align\u00e9s sur 46, et celle de 2021 Toulouse\u2013La Rochelle, avec <strong data-start=\"3880\" data-end=\"3902\">27 s\u00e9lectionnables<\/strong> sur la feuille de match.<\/p>\n<p data-start=\"3502\" data-end=\"4016\">Un symbole fort d\u2019un rugby tricolore <strong data-start=\"3967\" data-end=\"4015\">d\u00e9sormais mieux structur\u00e9 et plus comp\u00e9titif<\/strong>.<\/p>\n","protected":false},"excerpt":{"rendered":"Ancien s\u00e9lectionneur du XV de France de 2012 \u00e0 2015, Philippe Saint-Andr\u00e9 mesure \u00e0 quel point les conditions&hellip;\n","protected":false},"author":2,"featured_media":530419,"comment_status":"","ping_status":"","sticky":false,"template":"","format":"standard","meta":{"footnotes":""},"categories":[1416],"tags":[1011,27,479,1468,60],"class_list":{"0":"post-530418","1":"post","2":"type-post","3":"status-publish","4":"format-standard","5":"has-post-thumbnail","7":"category-rugby","8":"tag-fr","9":"tag-france","10":"tag-rugby","11":"tag-rugby-football","12":"tag-sports"},"share_on_mastodon":{"url":"https:\/\/pubeurope.com\/@fr\/115540246130786329","error":""},"_links":{"self":[{"href":"https:\/\/www.europesays.com\/fr\/wp-json\/wp\/v2\/posts\/530418","targetHints":{"allow":["GET"]}}],"collection":[{"href":"https:\/\/www.europesays.com\/fr\/wp-json\/wp\/v2\/posts"}],"about":[{"href":"https:\/\/www.europesays.com\/fr\/wp-json\/wp\/v2\/types\/post"}],"author":[{"embeddable":true,"href":"https:\/\/www.europesays.com\/fr\/wp-json\/wp\/v2\/users\/2"}],"replies":[{"embeddable":true,"href":"https:\/\/www.europesays.com\/fr\/wp-json\/wp\/v2\/comments?post=530418"}],"version-history":[{"count":0,"href":"https:\/\/www.europesays.com\/fr\/wp-json\/wp\/v2\/posts\/530418\/revisions"}],"wp:featuredmedia":[{"embeddable":true,"href":"https:\/\/www.europesays.com\/fr\/wp-json\/wp\/v2\/media\/530419"}],"wp:attachment":[{"href":"https:\/\/www.europesays.com\/fr\/wp-json\/wp\/v2\/media?parent=530418"}],"wp:term":[{"taxonomy":"category","embeddable":true,"href":"https:\/\/www.europesays.com\/fr\/wp-json\/wp\/v2\/categories?post=530418"},{"taxonomy":"post_tag","embeddable":true,"href":"https:\/\/www.europesays.com\/fr\/wp-json\/wp\/v2\/tags?post=530418"}],"curies":[{"name":"wp","href":"https:\/\/api.w.org\/{rel}","templated":true}]}}