{"id":530420,"date":"2025-11-13T03:23:20","date_gmt":"2025-11-13T03:23:20","guid":{"rendered":"https:\/\/www.europesays.com\/fr\/530420\/"},"modified":"2025-11-13T03:23:20","modified_gmt":"2025-11-13T03:23:20","slug":"apres-sa-defaite-contre-sinner-auger-aliassime-se-relance-contre-shelton","status":"publish","type":"post","link":"https:\/\/www.europesays.com\/fr\/530420\/","title":{"rendered":"apr\u00e8s sa d\u00e9faite contre Sinner, Auger-Aliassime se relance contre Shelton"},"content":{"rendered":"<p>\n    Le Canadien a renvers\u00e9 l\u2019Am\u00e9ricain en trois sets. Il garde toutes ses chances d\u2019int\u00e9grer le dernier carr\u00e9.<\/p>\n<p class=\"fig-paragraph\">Le Canadien\u00a0<a href=\"http:\/\/www.lefigaro.fr\/sports\/tennis\/tennis-auger-aliassime-rejoint-lehecka-en-finale-a-bruxelles-20251018\" data-fig-type=\"NewsFlash\" data-gtm-custom-categorie=\"navigation\" data-gtm-custom-action=\"crossclick\" data-gtm-custom-label=\"Contextuel\" data-gtm-event=\"customEventSPE\" data-fig-domain=\"LEFIGARO\" target=\"_blank\" rel=\"noopener\">Felix Auger-Aliassime<\/a>, 8e mondial, a laiss\u00e9 passer l&rsquo;orage contre l&rsquo;Am\u00e9ricain\u00a0<a href=\"http:\/\/www.lefigaro.fr\/sports\/tennis\/atp-finals-alexander-zverev-renverse-ben-shelton-en-sauvant-trois-balles-de-set-20251109\" data-fig-type=\"NewsFlash\" data-gtm-custom-categorie=\"navigation\" data-gtm-custom-action=\"crossclick\" data-gtm-custom-label=\"Contextuel\" data-gtm-event=\"customEventSPE\" data-fig-domain=\"LEFIGARO\" target=\"_blank\" rel=\"noopener\">Ben Shelton<\/a>\u00a0(5e) avant de s&rsquo;imposer lors de leur deuxi\u00e8me rencontre du\u00a0<a href=\"http:\/\/www.lefigaro.fr\/sports\/tennis\/atp-finals-vainqueur-dans-la-douleur-de-fritz-alcaraz-se-rapproche-de-son-double-objectif-20251111\" data-fig-type=\"NewsFlash\" data-gtm-custom-categorie=\"navigation\" data-gtm-custom-action=\"crossclick\" data-gtm-custom-label=\"Contextuel\" data-gtm-event=\"customEventSPE\" data-fig-domain=\"LEFIGARO\" target=\"_blank\" rel=\"noopener\">Masters ATP<\/a>\u00a0de Turin mercredi.<\/p>\n<p class=\"fig-paragraph\">Auger-Aliassime, surclass\u00e9 par le N.2 mondial<a href=\"http:\/\/www.lefigaro.fr\/sports\/tennis\/atp-finals-parfaite-entame-pour-jannik-sinner-20251111\" target=\"_blank\" data-fig-type=\"NewsFlash\" rel=\"noopener\" data-gtm-custom-categorie=\"navigation\" data-gtm-custom-action=\"crossclick\" data-gtm-custom-label=\"Contextuel\" data-gtm-event=\"customEventSPE\" data-fig-domain=\"LEFIGARO\">\u00a0Jannik Sinner lundi<\/a>\u00a0pour son entr\u00e9e en lice 7-5, 6-1, s&rsquo;est impos\u00e9 en trois sets 4-6, 7-6 (9\/7), 7-5 apr\u00e8s 2 h 22 min. de jeu. Le Canadien qui avait \u00e9t\u00e9 perturb\u00e9 par une douleur \u00e0 un mollet contre Sinner, a pris l\u2019ascendant dans le tie-break de la deuxi\u00e8me manche et n\u2019a plus vraiment \u00e9t\u00e9 inqui\u00e9t\u00e9 par Shelton qui a de son c\u00f4t\u00e9 marqu\u00e9 le pas physiquement.<\/p>\n<p>                                    <a class=\"fig-a11y-skip a11y-hidden\" href=\"#fig-a11y-skip-main-inarticle\"><br \/>\n        Passer la publicit\u00e9<br \/>\n    <\/a><\/p>\n<p class=\"fig-paragraph\">\u00abApr\u00e8s un premier set compliqu\u00e9, j\u2019ai r\u00e9ussi \u00e0 plus neutraliser son service, cela a \u00e9t\u00e9 une rude bataille d\u2019un point de vue mental\u00bb, a expliqu\u00e9 le r\u00e9cent finaliste du Masters 1000 de Paris. \u00abC\u2019est tr\u00e8s gratifiant pour moi au terme d\u2019une belle ann\u00e9e de regagner un match des Finales ATP trois ans apr\u00e8s ma premi\u00e8re victoire\u00bb, a-t-il poursuivi.<\/p>\n<p class=\"fig-paragraph\">\u00abFAA\u00bb, 25 ans, conserve toutes ses chances d&rsquo;atteindre le dernier carr\u00e9 des Finales ATP qui oppose les huit meilleurs joueurs de l&rsquo;ann\u00e9e: cela passera par une victoire contre l&rsquo;Allemand Alexander Zverev, 3e mondial, vendredi.<\/p>\n<p class=\"fig-paragraph\">Pour ses d\u00e9buts dans le \u00abtournoi des ma\u00eetres\u00bb, Shelton, 23 ans, a conc\u00e9d\u00e9 une deuxi\u00e8me d\u00e9faite en trois jours, non sans avoir domin\u00e9 la rencontre jusqu&rsquo;au tie break de la deuxi\u00e8me manche.<\/p>\n<p class=\"fig-paragraph\">Le r\u00e9sultat de cette rencontre signifie que si Sinner bat Zverev dans la soir\u00e9e, il sera qualifi\u00e9 pour le dernier carr\u00e9 avant m\u00eame la derni\u00e8re journ\u00e9e du groupe Bj\u00f6rn Borg vendredi.<\/p>\n","protected":false},"excerpt":{"rendered":"Le Canadien a renvers\u00e9 l\u2019Am\u00e9ricain en trois sets. Il garde toutes ses chances d\u2019int\u00e9grer le dernier carr\u00e9. Le&hellip;\n","protected":false},"author":2,"featured_media":530421,"comment_status":"","ping_status":"","sticky":false,"template":"","format":"standard","meta":{"footnotes":""},"categories":[1415],"tags":[4169,1011,27,6431,60,1467],"class_list":{"0":"post-530420","1":"post","2":"type-post","3":"status-publish","4":"format-standard","5":"has-post-thumbnail","7":"category-tennis","8":"tag-atp","9":"tag-fr","10":"tag-france","11":"tag-masters-atp","12":"tag-sports","13":"tag-tennis"},"share_on_mastodon":{"url":"https:\/\/pubeurope.com\/@fr\/115540249979233324","error":""},"_links":{"self":[{"href":"https:\/\/www.europesays.com\/fr\/wp-json\/wp\/v2\/posts\/530420","targetHints":{"allow":["GET"]}}],"collection":[{"href":"https:\/\/www.europesays.com\/fr\/wp-json\/wp\/v2\/posts"}],"about":[{"href":"https:\/\/www.europesays.com\/fr\/wp-json\/wp\/v2\/types\/post"}],"author":[{"embeddable":true,"href":"https:\/\/www.europesays.com\/fr\/wp-json\/wp\/v2\/users\/2"}],"replies":[{"embeddable":true,"href":"https:\/\/www.europesays.com\/fr\/wp-json\/wp\/v2\/comments?post=530420"}],"version-history":[{"count":0,"href":"https:\/\/www.europesays.com\/fr\/wp-json\/wp\/v2\/posts\/530420\/revisions"}],"wp:featuredmedia":[{"embeddable":true,"href":"https:\/\/www.europesays.com\/fr\/wp-json\/wp\/v2\/media\/530421"}],"wp:attachment":[{"href":"https:\/\/www.europesays.com\/fr\/wp-json\/wp\/v2\/media?parent=530420"}],"wp:term":[{"taxonomy":"category","embeddable":true,"href":"https:\/\/www.europesays.com\/fr\/wp-json\/wp\/v2\/categories?post=530420"},{"taxonomy":"post_tag","embeddable":true,"href":"https:\/\/www.europesays.com\/fr\/wp-json\/wp\/v2\/tags?post=530420"}],"curies":[{"name":"wp","href":"https:\/\/api.w.org\/{rel}","templated":true}]}}