{"id":530440,"date":"2025-11-13T03:39:13","date_gmt":"2025-11-13T03:39:13","guid":{"rendered":"https:\/\/www.europesays.com\/fr\/530440\/"},"modified":"2025-11-13T03:39:13","modified_gmt":"2025-11-13T03:39:13","slug":"ce-couple-en-avait-marre-du-desordre-et-leur-dressing-cache-change-tout","status":"publish","type":"post","link":"https:\/\/www.europesays.com\/fr\/530440\/","title":{"rendered":"ce couple en avait marre du d\u00e9sordre et leur dressing cach\u00e9 change tout"},"content":{"rendered":"<p>\n                            Avoir un espace o\u00f9 ranger ses v\u00eatements avec astuce, c&rsquo;est bien, \u00e0 condition qu&rsquo;ils ne soient pas \u00e0 la vue de tous. Gain de place et tendance, l&rsquo;id\u00e9e de cette architecte d&rsquo;int\u00e9rieur fait place nette et met tout le monde d&rsquo;accord.<\/p>\n<p>Bienvenue au Pr\u00e9-Saint-Gervais, en Seine-Saint-Denis. Achet\u00e9 neuf par un couple de quadrag\u00e9naires et leurs deux enfants, ce pavillon \u00e9tait, cela va de soi, en super \u00e9tat, mais il manquait cruellement de personnalit\u00e9 pour trouver gr\u00e2ce \u00e0 leurs yeux. Afin de cr\u00e9er un int\u00e9rieur \u00e0 leur image, ils ont fait appel au Studio Zerck et opt\u00e9 pour une r\u00e9novation partielle. Pi\u00e8ces de vie, salle de bains et chambre parentale figuraient au programme de Cl\u00e9mentine Pautrot, l&rsquo;architecte d&rsquo;int\u00e9rieur en charge du projet.<\/p>\n<p>En un peu plus de deux mois, l&rsquo;espace a \u00e9t\u00e9 enti\u00e8rement repens\u00e9 pour insuffler du caract\u00e8re \u00e0 cette maison neuve, jug\u00e9e trop standard lors de sa livraison. Les propri\u00e9taires, un peu d\u00e9\u00e7us par leur achat en VEFA, trouvaient le lieu sans charme et peu fonctionnel. Ils r\u00eavaient d&rsquo;un havre de paix chaleureux, mieux adapt\u00e9 \u00e0 leur quotidien et fid\u00e8le \u00e0 leurs envies et besoins. Mission accomplie pour Cl\u00e9mentine Pautrot qui a eu carte blanche et\u00a0m\u00eal\u00e9 couleurs, mati\u00e8res et rangements sur-mesure. R\u00e9sultat ?\u00a0Des espaces color\u00e9s, baign\u00e9s de lumi\u00e8re, audacieux et plein de vie.<\/p>\n<p>C\u00f4t\u00e9 chambre \u00e0 coucher, sa forme en L offrait une place toute trouv\u00e9e \u00e0 un dressing, malheureusement mal con\u00e7u, et \u00e0 l&rsquo;espace chaudi\u00e8re du foyer &#8211; une contrainte technique h\u00e9rit\u00e9e des plans de la maison neuve, qui jurait compl\u00e8tement dans la chambre parentale, soyons honn\u00eate.<\/p>\n<p><a class=\"fancy\" href=\"https:\/\/www.europesays.com\/fr\/wp-content\/uploads\/2025\/11\/40053233.jpg\"><img decoding=\"async\" alt=\"dressing-sur-mesure-avec-arches\" src=\"https:\/\/www.europesays.com\/fr\/wp-content\/uploads\/2025\/11\/40053233.jpg\"\/><\/a><\/p>\n<p>\u00a9\u00a0Studio Zerck<\/p>\n<p>Astucieusement dissimul\u00e9e dans un faux placard \u00e0 double porte en arche, la chaudi\u00e8re a totalement disparu du champ visuel. L&rsquo;espace dressing, quant \u00e0 lui, cache \u00e9galement bien son jeu dans un recoin et il est accessible par une ouverture en arche, elle aussi, du plus bel effet. Afin d&rsquo;apporter douceur et cachet, le choix des mati\u00e8res s&rsquo;est r\u00e9v\u00e9l\u00e9 d\u00e9cisif\u00a0: rideau en tissu de qualit\u00e9 pour fermer le dressing et jonc de mer au sol. Aussi, une fa\u00e7ade rouge orang\u00e9 (teinte L&rsquo;Amuse-Bouche\u00a0de Ressource) vient r\u00e9veiller l&rsquo;ensemble et r\u00e9chauffer l&rsquo;atmosph\u00e8re.\u00a0<\/p>\n<p data-end=\"518\" data-is-last-node=\"\" data-is-only-node=\"\" data-start=\"0\">Comme quoi, un petit am\u00e9nagement peut faire de grands changements, sous r\u00e9serve de le faire avec go\u00fbt. La chambre du couple conjugue enfin esth\u00e9tisme et fonctionnalit\u00e9 gr\u00e2ce \u00e0 une belle le\u00e7on d&rsquo;ing\u00e9niosit\u00e9 sign\u00e9e Cl\u00e9mentine Pautrot.<\/p>\n","protected":false},"excerpt":{"rendered":"Avoir un espace o\u00f9 ranger ses v\u00eatements avec astuce, c&rsquo;est bien, \u00e0 condition qu&rsquo;ils ne soient pas \u00e0&hellip;\n","protected":false},"author":2,"featured_media":530441,"comment_status":"","ping_status":"","sticky":false,"template":"","format":"standard","meta":{"footnotes":""},"categories":[7],"tags":[64960,51761,51763,1011,27,51766,51767,57513,43,40,41,39,42,44],"class_list":{"0":"post-530440","1":"post","2":"type-post","3":"status-publish","4":"format-standard","5":"has-post-thumbnail","7":"category-sciences-et-technologies","8":"tag-cms-journaldesfemmes-3246514","9":"tag-controller-content","10":"tag-format-papier","11":"tag-fr","12":"tag-france","13":"tag-les-histoires-du-jdf","14":"tag-parallaxeinfeed","15":"tag-reportages-deco-et-visites-privees","16":"tag-science","17":"tag-science-and-technology","18":"tag-sciences","19":"tag-sciences-et-technologies","20":"tag-technologies","21":"tag-technology"},"share_on_mastodon":{"url":"https:\/\/pubeurope.com\/@fr\/115540313623642664","error":""},"_links":{"self":[{"href":"https:\/\/www.europesays.com\/fr\/wp-json\/wp\/v2\/posts\/530440","targetHints":{"allow":["GET"]}}],"collection":[{"href":"https:\/\/www.europesays.com\/fr\/wp-json\/wp\/v2\/posts"}],"about":[{"href":"https:\/\/www.europesays.com\/fr\/wp-json\/wp\/v2\/types\/post"}],"author":[{"embeddable":true,"href":"https:\/\/www.europesays.com\/fr\/wp-json\/wp\/v2\/users\/2"}],"replies":[{"embeddable":true,"href":"https:\/\/www.europesays.com\/fr\/wp-json\/wp\/v2\/comments?post=530440"}],"version-history":[{"count":0,"href":"https:\/\/www.europesays.com\/fr\/wp-json\/wp\/v2\/posts\/530440\/revisions"}],"wp:featuredmedia":[{"embeddable":true,"href":"https:\/\/www.europesays.com\/fr\/wp-json\/wp\/v2\/media\/530441"}],"wp:attachment":[{"href":"https:\/\/www.europesays.com\/fr\/wp-json\/wp\/v2\/media?parent=530440"}],"wp:term":[{"taxonomy":"category","embeddable":true,"href":"https:\/\/www.europesays.com\/fr\/wp-json\/wp\/v2\/categories?post=530440"},{"taxonomy":"post_tag","embeddable":true,"href":"https:\/\/www.europesays.com\/fr\/wp-json\/wp\/v2\/tags?post=530440"}],"curies":[{"name":"wp","href":"https:\/\/api.w.org\/{rel}","templated":true}]}}