{"id":530442,"date":"2025-11-13T03:40:13","date_gmt":"2025-11-13T03:40:13","guid":{"rendered":"https:\/\/www.europesays.com\/fr\/530442\/"},"modified":"2025-11-13T03:40:13","modified_gmt":"2025-11-13T03:40:13","slug":"augmentation-des-capacites-de-production-baisse-de-la-demande-vers-une-surabondance-de-gaz-au-niveau-mondial","status":"publish","type":"post","link":"https:\/\/www.europesays.com\/fr\/530442\/","title":{"rendered":"Augmentation des capacit\u00e9s de production, baisse de la demande&#8230; Vers une surabondance de gaz au niveau mondial"},"content":{"rendered":"<p>\n    <strong>D\u00c9CRYPTAGE &#8211; <\/strong>Selon l\u2019Agence internationale de l\u2019\u00e9nergie, le bond pr\u00e9vu de la production de gaz, notamment sous sa forme liqu\u00e9fi\u00e9e (GNL), d\u00e9passera la demande.<\/p>\n<p class=\"fig-paragraph\">Y aura-t-il bient\u00f4t une surabondance de\u00a0<a href=\"http:\/\/www.lefigaro.fr\/flash-eco\/le-koweit-annonce-une-decouverte-majeure-de-gaz-naturel-offshore-20251013\" data-fig-type=\"NewsFlash\" data-gtm-custom-categorie=\"navigation\" data-gtm-custom-action=\"crossclick\" data-gtm-custom-label=\"Contextuel\" data-gtm-event=\"customEventSPE\" data-fig-domain=\"LEFIGARO\" rel=\"nofollow noopener\" target=\"_blank\">gaz naturel<\/a>\u00a0au niveau mondial\u00a0? \u00c0 en juger par les projets en cours d\u2019extraction et de transformation de gaz naturel liqu\u00e9fi\u00e9 (GNL), transportable dans le monde entier par bateau, ce pourrait \u00eatre le cas bient\u00f4t, indique le World Energy Outlook,\u00a0<a href=\"http:\/\/www.lefigaro.fr\/flash-eco\/energies-elan-des-renouvelables-pic-possible-du-petrole-vers-2030-selon-l-aie-20251112\" data-fig-type=\"NewsFlash\" data-gtm-custom-categorie=\"navigation\" data-gtm-custom-action=\"crossclick\" data-gtm-custom-label=\"Contextuel\" data-gtm-event=\"customEventSPE\" data-fig-domain=\"LEFIGARO\" rel=\"nofollow noopener\" target=\"_blank\">le rapport annuel\u00a0<\/a>publi\u00e9 mercredi par l\u2019Agence internationale de l\u2019\u00e9nergie (AIE). Entre le bond de la capacit\u00e9 de production de gaz naturel liqu\u00e9fi\u00e9 (GNL) et une demande qui se tasse en Chine et en Europe, le march\u00e9 devrait s\u2019av\u00e9rer en exc\u00e9dent notable d\u00e8s 2026.<\/p>\n<p class=\"fig-paragraph\">L\u2019augmentation des capacit\u00e9s de production et d\u2019exportation de gaz naturel liqu\u00e9fi\u00e9 (GNL) est spectaculaire. Depuis dix ans, la croissance de la consommation mondiale de GNL a \u00e9t\u00e9 deux fois plus forte que celle du gaz transport\u00e9 par gazoducs. Or le GNL, qui p\u00e8se 11\u00a0% environ du gaz naturel consomm\u00e9 dans le monde, repr\u00e9sente pr\u00e8s de la moiti\u00e9 de la totalit\u00e9 du gaz export\u00e9 que ce soit par bateau ou par gazoduc. Et la capacit\u00e9 d\u2019exportation mondiale\u2026<\/p>\n<p class=\"fig-premium-paywall__infos\">\n        Cet article est r\u00e9serv\u00e9 aux abonn\u00e9s.        Il vous reste 83% \u00e0 d\u00e9couvrir.\n    <\/p>\n<p>                <img  data- alt=\"Le Figaro\" class=\"fig-img--complete fig-img\"\/><\/p>\n<p class=\"fig-premium-paywall__title\">Black Friday<\/p>\n<p class=\"fig-premium-paywall__subtitle\">-70% sur l&rsquo;abonnement num\u00e9rique<\/p>\n<p class=\"fig-premium-paywall__connect\">\n                D\u00e9j\u00e0 abonn\u00e9\u00a0?                <a class=\"fig-premium-paywall__connect-link\" href=\"https:\/\/connect.lefigaro.fr\/login?client=horizon_web&amp;type=main&amp;redirect_uri=https%3A%2F%2Fwww.lefigaro.fr%2Fconjoncture%2Faugmentation-des-capacites-de-production-baisse-de-la-demande-vers-une-surabondance-de-gaz-au-niveau-mondial-20251112\" data-js-gtm=\"{&quot;customCategorie&quot;: &quot;conversion&quot;, &quot;customAction&quot;: &quot;before_Landing_Connexion_paywall_auto&quot;, &quot;customLabel&quot;: &quot;bGVmaWdhcm8uZnJfXzFmMGJmYTg0LThmMDUtNjljYy1iMTRiLWRmN2UzYjdlNzQ1MF9fTmV3c0ZsYXNo_Augmentation des capacit\u00e9s de production, baisse de la demande... Vers une surabondance de gaz au niveau mondial_447&quot;, &quot;customIDSPE&quot;: &quot;bGVmaWdhcm8uZnJfXzFmMGJmYTg0LThmMDUtNjljYy1iMTRiLWRmN2UzYjdlNzQ1MF9fTmV3c0ZsYXNo&quot;, &quot;event&quot;: &quot;customEventSPE&quot;}\" rel=\"nofollow noopener\" target=\"_blank\"><br \/>\n                    Connectez-vous<br \/>\n                <\/a>\n            <\/p>\n","protected":false},"excerpt":{"rendered":"D\u00c9CRYPTAGE &#8211; Selon l\u2019Agence internationale de l\u2019\u00e9nergie, le bond pr\u00e9vu de la production de gaz, notamment sous sa&hellip;\n","protected":false},"author":2,"featured_media":530443,"comment_status":"","ping_status":"","sticky":false,"template":"","format":"standard","meta":{"footnotes":""},"categories":[6],"tags":[35,33,34,73,1011,27,843,74],"class_list":{"0":"post-530442","1":"post","2":"type-post","3":"status-publish","4":"format-standard","5":"has-post-thumbnail","7":"category-economie","8":"tag-business","9":"tag-economie","10":"tag-economy","11":"tag-etats-unis","12":"tag-fr","13":"tag-france","14":"tag-gaz","15":"tag-monde"},"share_on_mastodon":{"url":"https:\/\/pubeurope.com\/@fr\/115540317161758142","error":""},"_links":{"self":[{"href":"https:\/\/www.europesays.com\/fr\/wp-json\/wp\/v2\/posts\/530442","targetHints":{"allow":["GET"]}}],"collection":[{"href":"https:\/\/www.europesays.com\/fr\/wp-json\/wp\/v2\/posts"}],"about":[{"href":"https:\/\/www.europesays.com\/fr\/wp-json\/wp\/v2\/types\/post"}],"author":[{"embeddable":true,"href":"https:\/\/www.europesays.com\/fr\/wp-json\/wp\/v2\/users\/2"}],"replies":[{"embeddable":true,"href":"https:\/\/www.europesays.com\/fr\/wp-json\/wp\/v2\/comments?post=530442"}],"version-history":[{"count":0,"href":"https:\/\/www.europesays.com\/fr\/wp-json\/wp\/v2\/posts\/530442\/revisions"}],"wp:featuredmedia":[{"embeddable":true,"href":"https:\/\/www.europesays.com\/fr\/wp-json\/wp\/v2\/media\/530443"}],"wp:attachment":[{"href":"https:\/\/www.europesays.com\/fr\/wp-json\/wp\/v2\/media?parent=530442"}],"wp:term":[{"taxonomy":"category","embeddable":true,"href":"https:\/\/www.europesays.com\/fr\/wp-json\/wp\/v2\/categories?post=530442"},{"taxonomy":"post_tag","embeddable":true,"href":"https:\/\/www.europesays.com\/fr\/wp-json\/wp\/v2\/tags?post=530442"}],"curies":[{"name":"wp","href":"https:\/\/api.w.org\/{rel}","templated":true}]}}