{"id":530444,"date":"2025-11-13T03:41:15","date_gmt":"2025-11-13T03:41:15","guid":{"rendered":"https:\/\/www.europesays.com\/fr\/530444\/"},"modified":"2025-11-13T03:41:15","modified_gmt":"2025-11-13T03:41:15","slug":"un-scandale-de-corruption-secoue-kiev-et-zelensky-le-g7-maintient-la-pression-sur-la-russie","status":"publish","type":"post","link":"https:\/\/www.europesays.com\/fr\/530444\/","title":{"rendered":"Un scandale de corruption secoue Kiev et Zelensky, le G7 maintient la pression sur la Russie"},"content":{"rendered":"<p>Vous avez rat\u00e9 les derniers \u00e9v\u00e9nements sur la <a href=\"https:\/\/www.20minutes.fr\/monde\/ukraine\/\" class=\"c-link c-link--is-underlined\" target=\"_blank\" rel=\"noopener\">guerre en Ukraine<\/a>\u00a0? 20 Minutes fait le point pour vous tous les soirs. Voici l\u2019essentiel de ce mercredi 12\u00a0novembre, 1.358e jour du conflit.<\/p>\n<p>Le fait du jour<\/p>\n<p>Grosses secousses ce mercredi dans le paysage politique ukrainien. Les ministres de l\u2019Energie et de la Justice ont en effet annonc\u00e9 leur d\u00e9mission \u00e0 la demande du pr\u00e9sident Volodymyr Zelensky sur <a href=\"https:\/\/www.20minutes.fr\/monde\/ukraine\/4185069-20251112-guerre-ukraine-comment-corruption-energie-embarrasse-camp-zelensky\" class=\"c-link c-link--is-underlined\" target=\"_blank\" rel=\"noopener\">fond de scandale de corruption<\/a>, un des pires de ces derni\u00e8res ann\u00e9es dans ce pays qui lutte depuis pr\u00e8s de quatre ans contre l\u2019invasion russe. Cette annonce intervient peu apr\u00e8s que les instances anticorruption ukrainiennes ont indiqu\u00e9 avoir d\u00e9mantel\u00e9 un vaste syst\u00e8me de corruption dans le secteur \u00e9nerg\u00e9tique portant sur 100\u00a0millions de dollars de pots-de-vin, orchestr\u00e9 selon les enqu\u00eateurs par un proche du pr\u00e9sident.<\/p>\n<p>\u00ab\u00a0Il est absolument inacceptable que, dans ces circonstances, certains stratag\u00e8mes continuent d\u2019exister dans le secteur de l\u2019\u00e9nergie\u00a0\u00bb, alors que l\u2019Ukraine subit \u00ab\u00a0des coupures d\u2019\u00e9lectricit\u00e9, des frappes russes et des pertes\u00a0\u00bb humaines, a jug\u00e9 Volodymyr Zelensky sur les r\u00e9seaux sociaux, en exhortant les ministres \u00e0 partir.<\/p>\n<p>Le parquet national anticorruption (SAP) avait accus\u00e9 mardi l\u2019ex ministre de l\u2019Energie et actuel ministre de la Justice Guerman Galouchtchenko d\u2019avoir per\u00e7u des \u00ab\u00a0avantages personnels\u00a0\u00bb dans cette affaire en \u00e9change du contr\u00f4le sur les flux financiers du secteur \u00e9nerg\u00e9tique donn\u00e9 \u00e0 un proche du pr\u00e9sident, Timour Minditch.<\/p>\n<p>Cette affaire a suscit\u00e9 une vague d\u2019indignation en Ukraine. Le scandale prend une dimension particuli\u00e8re compte tenu de l\u2019extr\u00eame d\u00e9pendance de l\u2019Ukraine \u00e0 l\u2019aide militaire et financi\u00e8re occidentale depuis le d\u00e9but de l\u2019invasion russe.<\/p>\n<p>La d\u00e9claration du jour<\/p>\n<blockquote class=\"mx-m@xs mx-xxl@md color-ultramarine c-citation\">\n<p class=\"font-weight-regular@xs text-italic font-source-serif-pro text-l@xs c-citation__content\">\u00ab\u00a0L\u2019Ukraine veut voir une fin de la guerre aussi rapidement que possible\u00a0\u00bb<\/p>\n<\/blockquote>\n<p>Les paroles sont sign\u00e9es Andri\u00ef Sybiga. Pr\u00e9sent au sommet du <a href=\"https:\/\/www.20minutes.fr\/economie\/g7\/\" class=\"c-link c-link--is-underlined\" target=\"_blank\" rel=\"noopener\">G7<\/a> ce mercredi au <a href=\"https:\/\/www.20minutes.fr\/dossier\/canada\" class=\"c-link c-link--is-underlined\" target=\"_blank\" rel=\"noopener\">Canada<\/a>, le ministre ukrainien des Affaires \u00e9trang\u00e8res a appel\u00e9 les sept grandes puissances (Etats-Unis, Japon, Canada, France, Italie, <a href=\"https:\/\/www.20minutes.fr\/dossier\/allemagne\" class=\"c-link c-link--is-underlined\" target=\"_blank\" rel=\"noopener\">Allemagne<\/a>, Royaume-Uni) \u00e0 continuer \u00e0 investir dans la fabrication de missiles et de drones, et la d\u00e9fense a\u00e9rienne de l\u2019Ukraine. Le pr\u00e9sident russe Vladimir Poutine \u00ab\u00a0se fait toujours l\u2019illusion qu\u2019il peut gagner\u00a0\u00bb, avait-il dit peu avant.<\/p>\n<p>Les chefs de la diplomatie des pays du G7 ont assur\u00e9 qu\u2019ils s\u2019effor\u00e7aient de continuer \u00e0 soutenir l\u2019Ukraine et maintenir la pression sur la Russie, le Canada annon\u00e7ant, par exemple, de nouvelles sanctions contre Moscou.<\/p>\n<p>\u00ab\u00a0Le Canada continuera d\u2019intensifier la pression au moyen de sanctions, en coordination avec ses alli\u00e9s et partenaires, jusqu\u2019\u00e0 ce que la Russie mette un terme \u00e0 son invasion injustifi\u00e9e de l\u2019Ukraine\u00a0\u00bb, a affirm\u00e9 sa ministre. Les sanctions canadiennes portent sur 13 personnes et 11 entit\u00e9s, dont plusieurs sont impliqu\u00e9es dans la cr\u00e9ation et la mise en \u0153uvre du programme de drones de la Russie.<\/p>\n<\/p>\n<p>Le chiffre du jour<\/p>\n<p>13.500. C\u2019est en km2 la superficie d\u2019\u00e9tendues d\u2019eau en Ukraine contamin\u00e9es par des mines et restes d\u2019explosifs, selon des estimations publi\u00e9es mercredi par l\u2019ONU. Sur un territoire large comme le Montenegro, \u00ab\u00a013.500 kilom\u00e8tres carr\u00e9s des zones aquatiques de l\u2019Ukraine \u2013 y compris le fleuve Dniepr, les lacs et les rives de la mer Noire \u2013 sont potentiellement contamin\u00e9s\u00a0\u00bb, a d\u00e9clar\u00e9 ce mercredi le Programme des Nations unies pour le d\u00e9veloppement (PNUD) en Ukraine.<\/p>\n<p>A ce jour, les plongeurs du service d\u2019Etat ukrainien pour les situations d\u2019urgence n\u2019ont r\u00e9ussi \u00e0 nettoyer que 190 kilom\u00e8tres carr\u00e9s, soit 1,4\u00a0% de la contamination totale, et ont retir\u00e9 plus de 2.800 engins explosifs, a ajout\u00e9 le PNUD.<\/p>\n<p>L\u2019Ukraine utilise des robots sous-marins dans son effort de d\u00e9minage et le programme onusien a annonc\u00e9 avoir form\u00e9 15 instructeurs sp\u00e9cialis\u00e9s dans ce domaine.<\/p>\n<p>La tendance<\/p>\n<p>La Norv\u00e8ge exclut d\u2019\u00eatre la seule garante d\u2019un \u00e9ventuel pr\u00eat \u00e0 l\u2019Ukraine qui s\u2019appuierait sur les avoirs russes gel\u00e9s, mais pourrait y contribuer en fonction de la solution finalement retenue par l\u2019Union europ\u00e9enne, a d\u00e9clar\u00e9 son ministre des Finances mercredi.<\/p>\n<p>Afin de financer sur les deux prochaines ann\u00e9es son appui budg\u00e9taire et militaire \u00e0 l\u2019Ukraine face \u00e0 l\u2019invasion de la Russie, la <a href=\"https:\/\/www.20minutes.fr\/dossier\/commission_europeenne\" class=\"c-link c-link--is-underlined\" target=\"_blank\" rel=\"noopener\">Commission europ\u00e9enne<\/a> envisage d\u2019utiliser une partie des avoirs russes gel\u00e9s pour fournir \u00e0 Kiev un pr\u00eat de 140\u00a0milliards d\u2019euros. Mais cette solution se heurte notamment aux r\u00e9serves de la Belgique o\u00f9 se trouve l\u2019essentiel de ces fonds et qui redoute de se retrouver seule en premi\u00e8re ligne en cas de probl\u00e8me.<\/p>\n<p>Arguant que le pays scandinave, gros producteur d\u2019hydrocarbures, s\u2019est consid\u00e9rablement enrichi gr\u00e2ce \u00e0 l\u2019envol\u00e9e du prix du gaz provoqu\u00e9e par la guerre en Ukraine, deux \u00e9conomistes norv\u00e9giens ont sugg\u00e9r\u00e9 que la Norv\u00e8ge se porte garante d\u2019un tel pr\u00eat. L\u2019id\u00e9e a re\u00e7u le soutien de certains responsables politiques norv\u00e9giens et \u00e9trangers, de diplomates et de commentateurs.<\/p>\n<p>\u00ab\u00a0Certaines id\u00e9es ont circul\u00e9 selon lesquelles la Norv\u00e8ge garantirait la totalit\u00e9 du montant [\u2026], il n\u2019en est pas question, a r\u00e9agi le ministre des Finances, Jens Stoltenberg. Mais que nous puissions, d\u2019une mani\u00e8re ou d\u2019une autre, apporter une contribution, cela reste \u00e0 examiner en fonction de ce que proposera l\u2019UE.\u00a0\u00bb<\/p>\n","protected":false},"excerpt":{"rendered":"Vous avez rat\u00e9 les derniers \u00e9v\u00e9nements sur la guerre en Ukraine\u00a0? 20 Minutes fait le point pour vous&hellip;\n","protected":false},"author":2,"featured_media":530445,"comment_status":"","ping_status":"","sticky":false,"template":"","format":"standard","meta":{"footnotes":""},"categories":[5],"tags":[47,11,574,1011,27,23564,131,14,74,1916,12,673,132,135,134,28],"class_list":{"0":"post-530444","1":"post","2":"type-post","3":"status-publish","4":"format-standard","5":"has-post-thumbnail","7":"category-international","8":"tag-actualite","9":"tag-actualites","10":"tag-canada","11":"tag-fr","12":"tag-france","13":"tag-g7","14":"tag-guerre-en-ukraine","15":"tag-international","16":"tag-monde","17":"tag-moscou","18":"tag-news","19":"tag-norvege","20":"tag-russie","21":"tag-vladimir-poutine","22":"tag-volodymyr-zelensky","23":"tag-world"},"share_on_mastodon":{"url":"https:\/\/pubeurope.com\/@fr\/115540321036219452","error":""},"_links":{"self":[{"href":"https:\/\/www.europesays.com\/fr\/wp-json\/wp\/v2\/posts\/530444","targetHints":{"allow":["GET"]}}],"collection":[{"href":"https:\/\/www.europesays.com\/fr\/wp-json\/wp\/v2\/posts"}],"about":[{"href":"https:\/\/www.europesays.com\/fr\/wp-json\/wp\/v2\/types\/post"}],"author":[{"embeddable":true,"href":"https:\/\/www.europesays.com\/fr\/wp-json\/wp\/v2\/users\/2"}],"replies":[{"embeddable":true,"href":"https:\/\/www.europesays.com\/fr\/wp-json\/wp\/v2\/comments?post=530444"}],"version-history":[{"count":0,"href":"https:\/\/www.europesays.com\/fr\/wp-json\/wp\/v2\/posts\/530444\/revisions"}],"wp:featuredmedia":[{"embeddable":true,"href":"https:\/\/www.europesays.com\/fr\/wp-json\/wp\/v2\/media\/530445"}],"wp:attachment":[{"href":"https:\/\/www.europesays.com\/fr\/wp-json\/wp\/v2\/media?parent=530444"}],"wp:term":[{"taxonomy":"category","embeddable":true,"href":"https:\/\/www.europesays.com\/fr\/wp-json\/wp\/v2\/categories?post=530444"},{"taxonomy":"post_tag","embeddable":true,"href":"https:\/\/www.europesays.com\/fr\/wp-json\/wp\/v2\/tags?post=530444"}],"curies":[{"name":"wp","href":"https:\/\/api.w.org\/{rel}","templated":true}]}}