{"id":530446,"date":"2025-11-13T03:42:16","date_gmt":"2025-11-13T03:42:16","guid":{"rendered":"https:\/\/www.europesays.com\/fr\/530446\/"},"modified":"2025-11-13T03:42:16","modified_gmt":"2025-11-13T03:42:16","slug":"le-gel-est-de-retour-en-france-et-il-frappera-en-plaine-des","status":"publish","type":"post","link":"https:\/\/www.europesays.com\/fr\/530446\/","title":{"rendered":"le gel est de retour en France, et il frappera en plaine d\u00e8s&#8230;"},"content":{"rendered":"<p itemprop=\"description\">Faudra-t-il ressortir les manteaux et se<br \/>\ncouvrir de la t\u00eate aux pieds ces prochains jours ? Ce qui est s\u00fbr,<br \/>\nc&rsquo;est que le gel va revenir avant la fin du mois.<\/p>\n<p>Au cap de la mi-novembre, les gel\u00e9es se font toujours attendre.<br \/>\nAlors que le mois d\u00a0\u00bboctobre \u00e9tait d\u00e9j\u00e0 relativement doux, les<br \/>\nderniers jours ont mis en \u00e9vidence une masse d&rsquo;air tr\u00e8s douce qui<br \/>\nenveloppe l&rsquo;ensemble du territoire fran\u00e7ais, \u00e0 l&rsquo;exception notable<br \/>\nde l&rsquo;Alsace et de la Lorraine. Mais \u00e7a devrait bient\u00f4t changer.<\/p>\n<p>Pas de gel\u00e9es en France cet automne<\/p>\n<p>Les chiffres annonc\u00e9s par La Cha\u00eene M\u00e9t\u00e9o sont<br \/>\n\u00e9difiants : \u00e0 date, seules <strong>4 stations m\u00e9t\u00e9o principales<br \/>\nsitu\u00e9es en plaine ont enregistr\u00e9 des temp\u00e9ratures<br \/>\nn\u00e9gatives<\/strong>. Respectivement -0,2 \u00b0C \u00e0 Luxeuil-les-Bains<br \/>\n(Haute-Sa\u00f4ne), -0,5 \u00b0C \u00e0 Paray-le-Monial (Sa\u00f4ne-et-Loire), -0,7 \u00b0C<br \/>\n\u00e0 Nevers (Ni\u00e8vre), -1,9 \u00b0C \u00e0 Colmar (Haut-Rhin). Pour l&rsquo;ensemble<br \/>\ndes stations m\u00e9t\u00e9o secondaires, soit pr\u00e8s de 1800 stations<br \/>\npr\u00e9sentes sur le territoires fran\u00e7ais, seules 74 d&rsquo;entre elles ont<br \/>\nrelev\u00e9 des temp\u00e9ratures en-dessous de z\u00e9ro. Dans les faits, cela<br \/>\nrepr\u00e9sente <strong>un pourcentage de 9,7%, qui est l&rsquo;un des plus<br \/>\nfaibles enregistr\u00e9s en France \u00e0 cette p\u00e9riode de<br \/>\nl&rsquo;ann\u00e9e<\/strong>.<\/p>\n<p>Particuli\u00e8rement marqu\u00e9 cet ann\u00e9e, ce ph\u00e9nom\u00e8ne suit une<br \/>\ntendance de fond, avec de moins en moins de jours de gel<br \/>\nenregistr\u00e9s. On observe que les gel\u00e9es sont de plus en plus<br \/>\ntardives, et plut\u00f4t de courtes dur\u00e9es. Quoiqu&rsquo;il soit, gardez vos<br \/>\npr\u00e9cautions pour les jours \u00e0 venir, car le froid va revenir&#8230;<br \/>\namenant avec lui <a href=\"https:\/\/monjardinmamaison.maison-travaux.fr\/mon-jardin-ma-maison\/actualites-jardin\/200-cm-neige-lundi-vague-froid-france-515051.html\" target=\"_blank\" rel=\"noopener\"><br \/>\nla neige<\/a> et le gel.<\/p>\n<p>Le grand retour du gel, \u00e0 partir de&#8230;<\/p>\n<p>Si la semaine actuelle restera relativement douce, avec m\u00eame<br \/>\n<a href=\"https:\/\/monjardinmamaison.maison-travaux.fr\/actualite\/meteo-paris-18c-semaine-prochaine-514694.html\" target=\"_blank\" rel=\"noopener\"><br \/>\nun pic de chaleur inattendu sur Paris<\/a> (relativement \u00e0 la<br \/>\np\u00e9riode), <strong>la semaine du 24 au 30 novembre<\/strong> devrait<br \/>\napporter un changement de climat. Sous l&rsquo;influence des hautes<br \/>\npressions, nous devrions avoir <strong>un temps sec et un vent<br \/>\nquasi-nul<\/strong> : deux conditions id\u00e9ales pour que le froid<br \/>\ns&rsquo;installe. C&rsquo;est \u00e0 ce moment que le gel est \u00e0 craindre, avec une<br \/>\ng\u00e9n\u00e9ralisation des temp\u00e9ratures n\u00e9gatives au petit matin.<\/p>\n<p>Si l&rsquo;<strong>air froid polaire<\/strong> qui traversera une<br \/>\npartie de l&rsquo;Europe la semaine prochaine parvient en France (le<br \/>\nsc\u00e9nario est peu probable mais reste envisag\u00e9), alors le gel<br \/>\npourrait vraiment s\u00e9vir en plaine, dans les campagnes.<\/p>\n<p>Les gel\u00e9es habituelles de la Saint-Catherine<\/p>\n<p data-start=\"0\" data-end=\"693\">Chaque 25 novembre, la<br \/>\n<strong>Saint-Catherine<\/strong> marque dans la tradition populaire<br \/>\nl\u2019arriv\u00e9e des premi\u00e8res gel\u00e9es s\u00e9rieuses de l&rsquo;hiver. <a href=\"https:\/\/monjardinmamaison.maison-travaux.fr\/mon-jardin-ma-maison\/conseils-jardinage\/meteo-ces-vieux-dictons-jardinage-la-prevoient-mieux-489513.html\" target=\"_blank\" rel=\"noopener\"><br \/>\nLe dicton<\/a> \u00ab\u00a0\u00c0 la Sainte-Catherine, tout bois prend<br \/>\nracine\u00a0\u00bb ne doit rien au hasard : il trouve ses origines dans<br \/>\nl&rsquo;observation empirique des saisons par les anciens agriculteurs. \u00c0<br \/>\ncette p\u00e9riode de l\u2019ann\u00e9e, la s\u00e8ve des arbres redescend, le sol se<br \/>\nrefroidit et les plantes entrent en dormance. C\u2019est aussi souvent<br \/>\nle moment o\u00f9 les temp\u00e9ratures nocturnes passent sous z\u00e9ro,<br \/>\n<strong>annon\u00e7ant le retour du gel<\/strong>. Ce devrait encore \u00eatre<br \/>\nle cas cette ann\u00e9e.<\/p>\n","protected":false},"excerpt":{"rendered":"Faudra-t-il ressortir les manteaux et se couvrir de la t\u00eate aux pieds ces prochains jours ? Ce qui&hellip;\n","protected":false},"author":2,"featured_media":530447,"comment_status":"","ping_status":"","sticky":false,"template":"","format":"standard","meta":{"footnotes":""},"categories":[4],"tags":[11,1011,27,12,25,729],"class_list":{"0":"post-530446","1":"post","2":"type-post","3":"status-publish","4":"format-standard","5":"has-post-thumbnail","7":"category-france","8":"tag-actualites","9":"tag-fr","10":"tag-france","11":"tag-news","12":"tag-republique-francaise","13":"tag-yout_video"},"share_on_mastodon":{"url":"https:\/\/pubeurope.com\/@fr\/115540324815186659","error":""},"_links":{"self":[{"href":"https:\/\/www.europesays.com\/fr\/wp-json\/wp\/v2\/posts\/530446","targetHints":{"allow":["GET"]}}],"collection":[{"href":"https:\/\/www.europesays.com\/fr\/wp-json\/wp\/v2\/posts"}],"about":[{"href":"https:\/\/www.europesays.com\/fr\/wp-json\/wp\/v2\/types\/post"}],"author":[{"embeddable":true,"href":"https:\/\/www.europesays.com\/fr\/wp-json\/wp\/v2\/users\/2"}],"replies":[{"embeddable":true,"href":"https:\/\/www.europesays.com\/fr\/wp-json\/wp\/v2\/comments?post=530446"}],"version-history":[{"count":0,"href":"https:\/\/www.europesays.com\/fr\/wp-json\/wp\/v2\/posts\/530446\/revisions"}],"wp:featuredmedia":[{"embeddable":true,"href":"https:\/\/www.europesays.com\/fr\/wp-json\/wp\/v2\/media\/530447"}],"wp:attachment":[{"href":"https:\/\/www.europesays.com\/fr\/wp-json\/wp\/v2\/media?parent=530446"}],"wp:term":[{"taxonomy":"category","embeddable":true,"href":"https:\/\/www.europesays.com\/fr\/wp-json\/wp\/v2\/categories?post=530446"},{"taxonomy":"post_tag","embeddable":true,"href":"https:\/\/www.europesays.com\/fr\/wp-json\/wp\/v2\/tags?post=530446"}],"curies":[{"name":"wp","href":"https:\/\/api.w.org\/{rel}","templated":true}]}}