{"id":530448,"date":"2025-11-13T03:43:12","date_gmt":"2025-11-13T03:43:12","guid":{"rendered":"https:\/\/www.europesays.com\/fr\/530448\/"},"modified":"2025-11-13T03:43:12","modified_gmt":"2025-11-13T03:43:12","slug":"faites-le-test-de-culture-generale-passe-par-les-30-candidates","status":"publish","type":"post","link":"https:\/\/www.europesays.com\/fr\/530448\/","title":{"rendered":"faites le test de culture g\u00e9n\u00e9rale pass\u00e9 par les 30 candidates"},"content":{"rendered":"<p>Qui succ\u00e8dera \u00e0 <a href=\"https:\/\/www.laprovence.com\/article\/societe\/1464470311329515\/ces-mechancetes-faut-que-ca-glisse-son-corps-ses-cheveux-ses-actions-miss-france-2025-a-coeur-ouvert\" target=\"_blank\" rel=\"noopener\">Ang\u00e9lique Angarni-Filopon<\/a>, Miss France 2025 ? Avant de pouvoir conna\u00eetre la r\u00e9ponse <strong>samedi 6 d\u00e9cembre<\/strong> <strong>prochain <\/strong>\u00e0 Amiens lors de l&rsquo;\u00e9lection <a href=\"https:\/\/www.laprovence.com\/article\/societe\/3947426360150614\/miss-france-2026-decouvrez-le-portrait-des-30-candidates-regionales-en-lice\" target=\"_blank\" rel=\"noopener\">Miss France 2026<\/a>, les 30 candidates ont d\u00fb se pr\u00eater au traditionnel exercice du <a href=\"https:\/\/www.laprovence.com\/article\/societe\/9810779635484814\/quiz-quelle-note-obtenez-vous-au-test-de-culture-generale-de-miss-france-2025\" target=\"_blank\" rel=\"noopener\">test de culture g\u00e9n\u00e9rale<\/a> dans la soir\u00e9e du mardi 11 novembre \u00e0 Sainte-Luce (Martinique). <a href=\"https:\/\/www.laprovence.com\/\" target=\"_blank\" rel=\"noopener\">La Provence<\/a> vous propose de vous y essayer pour d\u00e9couvrir <strong>la note<\/strong> que vous auriez pu obtenir (voir quiz plus bas*).<\/p>\n<p>Le quiz comprend <strong>plusieurs dizaines de questions<\/strong> sur diff\u00e9rentes th\u00e9matiques : <strong>actualit\u00e9 <\/strong>(10 questions, 10 points),<strong> histoire et g\u00e9ographie<\/strong> (12 questions, 14 points), <strong>arts et divertissements <\/strong>(12 questions, 12 points), <strong>sciences <\/strong>(6 questions, 6 points),<strong> le monde des miss<\/strong> (4 questions, 4 points), <strong>fran\u00e7ais <\/strong>(10 questions, 11 points), <strong>anglais <\/strong>(10 questions, 10 points) et <strong>logique<\/strong> (10 questions, 10 points).<\/p>\n<p>Les candidates ont <strong>moins d&rsquo;une heure <\/strong>pour r\u00e9pondre \u00e0 l&rsquo;ensemble de ces questions.<\/p>\n<p>Alors, <strong>quelle note<\/strong> avez-vous obtenue ?<\/p>\n<p>*Nous n&rsquo;avons pas pu int\u00e9grer la partie logique (10 questions \/ 10 points) \u00e0 notre quiz.<\/p>\n","protected":false},"excerpt":{"rendered":"Qui succ\u00e8dera \u00e0 Ang\u00e9lique Angarni-Filopon, Miss France 2025 ? Avant de pouvoir conna\u00eetre la r\u00e9ponse samedi 6 d\u00e9cembre&hellip;\n","protected":false},"author":2,"featured_media":530449,"comment_status":"","ping_status":"","sticky":false,"template":"","format":"standard","meta":{"footnotes":""},"categories":[2],"tags":[17,5734,11,251,55717,1011,27,14293,27472,12,104,374],"class_list":{"0":"post-530448","1":"post","2":"type-post","3":"status-publish","4":"format-standard","5":"has-post-thumbnail","7":"category-actualites","8":"tag-17","9":"tag-5734","10":"tag-actualites","11":"tag-culture","12":"tag-faites","13":"tag-fr","14":"tag-france","15":"tag-generale","16":"tag-miss","17":"tag-news","18":"tag-societe","19":"tag-test"},"share_on_mastodon":{"url":"https:\/\/pubeurope.com\/@fr\/115540328862959522","error":""},"_links":{"self":[{"href":"https:\/\/www.europesays.com\/fr\/wp-json\/wp\/v2\/posts\/530448","targetHints":{"allow":["GET"]}}],"collection":[{"href":"https:\/\/www.europesays.com\/fr\/wp-json\/wp\/v2\/posts"}],"about":[{"href":"https:\/\/www.europesays.com\/fr\/wp-json\/wp\/v2\/types\/post"}],"author":[{"embeddable":true,"href":"https:\/\/www.europesays.com\/fr\/wp-json\/wp\/v2\/users\/2"}],"replies":[{"embeddable":true,"href":"https:\/\/www.europesays.com\/fr\/wp-json\/wp\/v2\/comments?post=530448"}],"version-history":[{"count":0,"href":"https:\/\/www.europesays.com\/fr\/wp-json\/wp\/v2\/posts\/530448\/revisions"}],"wp:featuredmedia":[{"embeddable":true,"href":"https:\/\/www.europesays.com\/fr\/wp-json\/wp\/v2\/media\/530449"}],"wp:attachment":[{"href":"https:\/\/www.europesays.com\/fr\/wp-json\/wp\/v2\/media?parent=530448"}],"wp:term":[{"taxonomy":"category","embeddable":true,"href":"https:\/\/www.europesays.com\/fr\/wp-json\/wp\/v2\/categories?post=530448"},{"taxonomy":"post_tag","embeddable":true,"href":"https:\/\/www.europesays.com\/fr\/wp-json\/wp\/v2\/tags?post=530448"}],"curies":[{"name":"wp","href":"https:\/\/api.w.org\/{rel}","templated":true}]}}