{"id":530450,"date":"2025-11-13T03:44:15","date_gmt":"2025-11-13T03:44:15","guid":{"rendered":"https:\/\/www.europesays.com\/fr\/530450\/"},"modified":"2025-11-13T03:44:15","modified_gmt":"2025-11-13T03:44:15","slug":"comment-la-police-a-fait-tomber-un-reseau-entre-lyon-et-saint-etienne","status":"publish","type":"post","link":"https:\/\/www.europesays.com\/fr\/530450\/","title":{"rendered":"comment la police a fait tomber un r\u00e9seau entre Lyon et Saint-\u00c9tienne"},"content":{"rendered":"<p>C\u2019est une op\u00e9ration conjointe des policiers du Rh\u00f4ne et de la Loire qui a permis de d\u00e9manteler, fin octobre, un r\u00e9seau de trafic de cannabis entre Lyon et Saint-\u00c9tienne. L\u2019enqu\u00eate, lanc\u00e9e \u00e0 l\u2019automne 2024, a conduit \u00e0 la saisie de\u00a0820 kilos de r\u00e9sine, plusieurs armes et pr\u00e8s de\u00a021 000 euros en liquide.<\/p>\n<p>Les interpellations ont eu lieu les\u00a020 et 21 octobre. Quatre hommes, soup\u00e7onn\u00e9s d\u2019avoir aliment\u00e9 les circuits lyonnais et st\u00e9phanois, ont \u00e9t\u00e9\u00a0mis en examen et plac\u00e9s en d\u00e9tention provisoire, selon la direction interd\u00e9partementale de la police nationale du Rh\u00f4ne.<\/p>\n<p>Tout est parti de la surveillance d\u2019un trafiquant bien connu des enqu\u00eateurs lyonnais. D\u2019apr\u00e8s les services de\u00a0police, cet individu \u00ab\u00a0s\u2019\u00e9tait fait discret depuis les ann\u00e9es 2010\u00a0\u00bb, tout en restant\u00a0impliqu\u00e9 dans l\u2019\u00e9coulement d\u2019importantes quantit\u00e9s de stup\u00e9fiants. Les policiers de l\u2019Office anti-stup\u00e9fiants (Ofast) de Lyon d\u00e9couvrent alors qu\u2019il stocke des centaines de kilos de r\u00e9sine dans sa maison de l\u2019agglom\u00e9ration lyonnaise, avant de les redistribuer dans la r\u00e9gion.<\/p>\n<p>L\u2019enqu\u00eate permet ensuite de\u00a0remonter jusqu\u2019\u00e0 deux complices\u00a0dans la Loire. Le premier se chargeait de r\u00e9cup\u00e9rer la marchandise dans le Rh\u00f4ne pour l\u2019acheminer \u00e0 Unieux. Le second mettait \u00e0 disposition un box destin\u00e9 \u00e0 entreposer la drogue, conditionn\u00e9e dans de grands sacs de toile, appel\u00e9s \u00ab\u00a0ballots\u00a0\u00bb ou encore \u00ab\u00a0valises marocaines\u00a0\u00bb.<\/p>\n<p>Le 20 octobre, les policiers passent \u00e0 l\u2019action. Dans le box, les Hommes de la DCOS (ex-PJ) d\u00e9couvrent\u00a0478 kilos de cannabis\u00a0et\u00a017 000 euros en esp\u00e8ces, dissimul\u00e9s dans un coffre-fort. Au domicile du principal suspect, dans la r\u00e9gion lyonnaise, la fouille r\u00e9v\u00e8le\u00a0342 kg suppl\u00e9mentaires, une\u00a0arme de poing,\u00a0deux fusils d\u2019assaut,\u00a0une centaine de munitions,\u00a0\u00a04\u00a0000\u00a0euros\u00a0en esp\u00e8ce\u00a0ainsi qu\u2019un\u00a0gilet pare-balles.<\/p>\n<p>D\u00e9f\u00e9r\u00e9s au parquet de Lyon le 24 octobre, ils ont \u00e9t\u00e9 incarc\u00e9r\u00e9s apr\u00e8s leurs mise en examen.<\/p>\n<blockquote class=\"twitter-tweet\" data-media-max-width=\"560\"><p>&#13;<\/p>\n<p dir=\"ltr\" lang=\"fr\"><a href=\"https:\/\/twitter.com\/hashtag\/ContreLeNarcotrafic?src=hash&amp;ref_src=twsrc%5Etfw\" target=\"_blank\" rel=\"noopener\">#ContreLeNarcotrafic<\/a> | Octobre : op\u00e9ration conjointe de <a href=\"https:\/\/twitter.com\/PoliceNat69?ref_src=twsrc%5Etfw\" target=\"_blank\" rel=\"noopener\">@PoliceNat69<\/a> \/ <a href=\"https:\/\/twitter.com\/PoliceNat42?ref_src=twsrc%5Etfw\" target=\"_blank\" rel=\"noopener\">@PoliceNat42<\/a><br \/>D\u00e9mant\u00e8lement d\u2019un groupe criminel charg\u00e9 d\u2019approvisionner en stup\u00e9fiants les r\u00e9seaux lyonnais et st\u00e9phanois<br \/>Saisis<br \/>\u27a1\ufe0f820 kg de cannabis <br \/>\u27a1\ufe0fArmes de poing et fusils d&rsquo;assaut<br \/>\u2696\ufe0f 4 individus \u00e9crou\u00e9s <a href=\"https:\/\/t.co\/msOZYeAtqP\">pic.twitter.com\/msOZYeAtqP<\/a><\/p>\n<p>&#13;<br \/>\n\u2014 Police Nationale 69 (@PoliceNat69) <a href=\"https:\/\/twitter.com\/PoliceNat69\/status\/1987906698632118415?ref_src=twsrc%5Etfw\" target=\"_blank\" rel=\"noopener\">November 10, 2025<\/a><\/p><\/blockquote>\n<p>  \t\t\t\t\t<script async src=\"https:\/\/platform.twitter.com\/widgets.js\" charset=\"utf-8\"><\/script><\/p>\n","protected":false},"excerpt":{"rendered":"C\u2019est une op\u00e9ration conjointe des policiers du Rh\u00f4ne et de la Loire qui a permis de d\u00e9manteler, fin&hellip;\n","protected":false},"author":2,"featured_media":530451,"comment_status":"","ping_status":"","sticky":false,"template":"","format":"standard","meta":{"footnotes":""},"categories":[9653],"tags":[1111,11,2813,2190,2430,1109,251,1112,2811,1777,674,118,1011,27,1922,1110,1114,2428,2810,12,241,316,25,4001,2812,517,800],"class_list":{"0":"post-530450","1":"post","2":"type-post","3":"status-publish","4":"format-standard","5":"has-post-thumbnail","7":"category-saint-etienne","8":"tag-actu","9":"tag-actualites","10":"tag-article","11":"tag-asvel","12":"tag-auvergne-rhone-alpes","13":"tag-breves","14":"tag-culture","15":"tag-depeches","16":"tag-economique","17":"tag-eu","18":"tag-europe","19":"tag-faits-divers","20":"tag-fr","21":"tag-france","22":"tag-info","23":"tag-informations","24":"tag-infos","25":"tag-lyon","26":"tag-lyonmag","27":"tag-news","28":"tag-ol","29":"tag-politique","30":"tag-republique-francaise","31":"tag-saint-etienne","32":"tag-sociale","33":"tag-sport","34":"tag-transports"},"share_on_mastodon":{"url":"https:\/\/pubeurope.com\/@fr\/115540332696540330","error":""},"_links":{"self":[{"href":"https:\/\/www.europesays.com\/fr\/wp-json\/wp\/v2\/posts\/530450","targetHints":{"allow":["GET"]}}],"collection":[{"href":"https:\/\/www.europesays.com\/fr\/wp-json\/wp\/v2\/posts"}],"about":[{"href":"https:\/\/www.europesays.com\/fr\/wp-json\/wp\/v2\/types\/post"}],"author":[{"embeddable":true,"href":"https:\/\/www.europesays.com\/fr\/wp-json\/wp\/v2\/users\/2"}],"replies":[{"embeddable":true,"href":"https:\/\/www.europesays.com\/fr\/wp-json\/wp\/v2\/comments?post=530450"}],"version-history":[{"count":0,"href":"https:\/\/www.europesays.com\/fr\/wp-json\/wp\/v2\/posts\/530450\/revisions"}],"wp:featuredmedia":[{"embeddable":true,"href":"https:\/\/www.europesays.com\/fr\/wp-json\/wp\/v2\/media\/530451"}],"wp:attachment":[{"href":"https:\/\/www.europesays.com\/fr\/wp-json\/wp\/v2\/media?parent=530450"}],"wp:term":[{"taxonomy":"category","embeddable":true,"href":"https:\/\/www.europesays.com\/fr\/wp-json\/wp\/v2\/categories?post=530450"},{"taxonomy":"post_tag","embeddable":true,"href":"https:\/\/www.europesays.com\/fr\/wp-json\/wp\/v2\/tags?post=530450"}],"curies":[{"name":"wp","href":"https:\/\/api.w.org\/{rel}","templated":true}]}}