{"id":530462,"date":"2025-11-13T03:54:21","date_gmt":"2025-11-13T03:54:21","guid":{"rendered":"https:\/\/www.europesays.com\/fr\/530462\/"},"modified":"2025-11-13T03:54:21","modified_gmt":"2025-11-13T03:54:21","slug":"metz-et-montpellier-sanctionnes-reims-aussi-apres-les-chants-de-ses-supporters","status":"publish","type":"post","link":"https:\/\/www.europesays.com\/fr\/530462\/","title":{"rendered":"Metz et Montpellier sanctionn\u00e9s, Reims aussi apr\u00e8s les chants de ses supporters\u2026"},"content":{"rendered":"<p>Alors que la tr\u00eave internationale a pris le pas sur les championnats, la Commission de Discipline de la Ligue de Football Professionnel (LFP) vient tout juste de d\u00e9voiler ses derni\u00e8res d\u00e9cisions. De quoi revenir sur les incidents qui se sont d\u00e9roul\u00e9s le week-end dernier, avec notamment le carton rouge re\u00e7u par le Lillois Calvin Verdonk \u00e0 Strasbourg (2-0) ou encore les chants insultants de certains supporters du Stade de Reims le 1er novembre dernier face \u00e0 l\u2019USL Dunkerque. Sans plus tarder, d\u00e9couvrez les sanctions prises par la LFP ce mercredi 12 novembre.\u00a0<\/p>\n<p>EXCLUSIONSLIGUE 1<\/p>\n<p><strong>Deux matchs de suspension ferme<\/strong><\/p>\n<p>Calvin VERDONK (LOSC Lille)<\/p>\n<p><strong>Un match de suspension ferme<\/strong><\/p>\n<p>Folarin BALOGUN (AS Monaco)<\/p>\n<p>Nicol\u00e1s TAGLIAFICO (Olympique Lyonnais)<\/p>\n<p><strong>12e journ\u00e9e de Ligue 1 McDonald\u2019s : RC Strasbourg Alsace \u2013 LOSC Lille du dimanche 9 novembre 2025<\/strong><\/p>\n<p>Comportement de M. Liam ROSENIOR, entra\u00eeneur du RC Strasbourg Alsace<\/p>\n<p><strong>Un match de suspension ferme de banc de touche, de vestiaire d\u2019arbitres et de toutes fonctions officielles. La sanction prend effet imm\u00e9diatement.<\/strong><\/p>\n<p><strong>12e journ\u00e9e de Ligue 1 McDonald\u2019s : AS Monaco \u2013 RC Lens du samedi 8 novembre 2025<\/strong><\/p>\n<p>Comportement de M. Alexandre POLIZZI, pr\u00e9parateur physique de l\u2019AS Monaco<\/p>\n<p>Un match de suspension ferme de banc de touche, de vestiaire d\u2019arbitres et de toutes fonctions officielles.<\/p>\n<p>La sanction prend effet imm\u00e9diatement.<\/p>\n<p><strong>Un match ferme de suspension \u00e0 la suite d\u2019un cinqui\u00e8me avertissement (Ligue 1 McDonald\u2019s, Coupe de France, Troph\u00e9e des Champions) ou par r\u00e9vocation du sursis. La sanction prend effet \u00e0 partir du mardi 18 novembre 2025 \u00e0 00h00.<\/strong><\/p>\n<p>Benjamin ANDRE (LOSC Lille)<\/p>\n<p>Tyler MORTON (Olympique Lyonnais)<\/p>\n<p>POLICE DES TERRAINS<\/p>\n<p><strong>10e journ\u00e9e de Ligue 1 McDonald\u2019s : FC Metz \u2013 RC Lens du mercredi 29 octobre 2025<\/strong><br \/>Comportement des supporters du FC Metz : usage d&rsquo;engins pyrotechniques, expressions orales et incidents en tribune<\/p>\n<p>Fermeture partielle pour deux matchs avec sursis de la tribune Est du stade Saint-Symphorien.<\/p>\n<p><strong>12e journ\u00e9e de Ligue 2 BKT : Clermont Foot 63 \u2013 Montpellier H\u00e9rault SC du mardi 28 octobre 2025<\/strong><br \/>Comportement des supporters du Montpellier H\u00e9rault SC : usage d&rsquo;engins pyrotechniques<\/p>\n<p>Fermeture partielle pour un match ferme par r\u00e9vocation du sursis de la tribune \u00c9tang de Thau du stade de la Mosson.<\/p>\n<p>La sanction prend effet imm\u00e9diatement.<\/p>\n<p><strong>13e journ\u00e9e de Ligue 2 BKT : Stade de Reims \u2013 USL Dunkerque du samedi 1 novembre 2025<\/strong><br \/>Comportement des supporters du Stade de Reims : expressions orales constat\u00e9es<\/p>\n<p>Fermeture partielle pour un match avec sursis de la tribune Jonquet du stade Auguste-Delaune.<\/p>\n<p>Partagez cette info avec vos amis et vos proches en cliquant ici<br \/>Pour r\u00e9sumer<\/p>\n<p>Alors que la tr\u00eave internationale a pris le pas sur les championnats, la Commission de Discipline de la Ligue de Football Professionnel (LFP) vient tout juste de d\u00e9voiler ses derni\u00e8res d\u00e9cisions. De quoi revenir sur les incidents qui se sont d\u00e9roul\u00e9s le week-end dernier, avec notamment le carton rouge re\u00e7u par le Lillois Calvin Verdonk \u00e0 Strasbourg (2-0).<\/p>\n<p> <img decoding=\"async\" width=\"76\" height=\"76\" loading=\"lazy\" src=\"https:\/\/static.wui.fr\/images_v3\/avatar-footnational.png\" alt=\"Youcef Ghalaza-Boudra\"\/><\/p>\n","protected":false},"excerpt":{"rendered":"Alors que la tr\u00eave internationale a pris le pas sur les championnats, la Commission de Discipline de la&hellip;\n","protected":false},"author":2,"featured_media":530463,"comment_status":"","ping_status":"","sticky":false,"template":"","format":"standard","meta":{"footnotes":""},"categories":[9599],"tags":[1111,11,1777,674,1011,27,64961,59995,2208,12,2680,25],"class_list":{"0":"post-530462","1":"post","2":"type-post","3":"status-publish","4":"format-standard","5":"has-post-thumbnail","7":"category-montpellier","8":"tag-actu","9":"tag-actualites","10":"tag-eu","11":"tag-europe","12":"tag-fr","13":"tag-france","14":"tag-ligue-1-actus","15":"tag-ligue-2-actus","16":"tag-montpellier","17":"tag-news","18":"tag-occitanie","19":"tag-republique-francaise"},"share_on_mastodon":{"url":"https:\/\/pubeurope.com\/@fr\/115540372630750282","error":""},"_links":{"self":[{"href":"https:\/\/www.europesays.com\/fr\/wp-json\/wp\/v2\/posts\/530462","targetHints":{"allow":["GET"]}}],"collection":[{"href":"https:\/\/www.europesays.com\/fr\/wp-json\/wp\/v2\/posts"}],"about":[{"href":"https:\/\/www.europesays.com\/fr\/wp-json\/wp\/v2\/types\/post"}],"author":[{"embeddable":true,"href":"https:\/\/www.europesays.com\/fr\/wp-json\/wp\/v2\/users\/2"}],"replies":[{"embeddable":true,"href":"https:\/\/www.europesays.com\/fr\/wp-json\/wp\/v2\/comments?post=530462"}],"version-history":[{"count":0,"href":"https:\/\/www.europesays.com\/fr\/wp-json\/wp\/v2\/posts\/530462\/revisions"}],"wp:featuredmedia":[{"embeddable":true,"href":"https:\/\/www.europesays.com\/fr\/wp-json\/wp\/v2\/media\/530463"}],"wp:attachment":[{"href":"https:\/\/www.europesays.com\/fr\/wp-json\/wp\/v2\/media?parent=530462"}],"wp:term":[{"taxonomy":"category","embeddable":true,"href":"https:\/\/www.europesays.com\/fr\/wp-json\/wp\/v2\/categories?post=530462"},{"taxonomy":"post_tag","embeddable":true,"href":"https:\/\/www.europesays.com\/fr\/wp-json\/wp\/v2\/tags?post=530462"}],"curies":[{"name":"wp","href":"https:\/\/api.w.org\/{rel}","templated":true}]}}