{"id":530464,"date":"2025-11-13T03:57:12","date_gmt":"2025-11-13T03:57:12","guid":{"rendered":"https:\/\/www.europesays.com\/fr\/530464\/"},"modified":"2025-11-13T03:57:12","modified_gmt":"2025-11-13T03:57:12","slug":"rouen-les-agriculteurs-seinomarins-se-mobilisent-ce-mercredi-quelles-perturbations-a-prevoir","status":"publish","type":"post","link":"https:\/\/www.europesays.com\/fr\/530464\/","title":{"rendered":"Rouen. Les agriculteurs seinomarins se mobilisent ce mercredi\u00a0: quelles perturbations \u00e0 pr\u00e9voir\u00a0?"},"content":{"rendered":"<p melodystyle=\"texte\">Des perturbations sont attendues ce mercredi 12\u00a0novembre \u00e0 la pr\u00e9fecture de Rouen en soir\u00e9e. Les agriculteurs de Seine-Maritime\u00a0comptent se mobiliser pour manifester\u00a0contre l&rsquo;accord commercial entre l&rsquo;Union europ\u00e9enne et le Mercosur. Leur mobilisation fait suite aux propos du Pr\u00e9sident Emmanuel Macron, qui s&rsquo;est dit \u00ab\u00a0plut\u00f4t positif\u00a0\u00bb, jeudi 6\u00a0novembre, \u00e0 l&rsquo;id\u00e9e d&rsquo;accepter cet accord.<\/p>\n<p melodystyle=\"texte\"><b>\u2022 A lire aussi.<\/b> <a href=\"https:\/\/www.tendanceouest.com\/actualite-425201-sotteville-les-rouen-une-trentaine-d-agriculteurs-mobilises-pour-une-operation-d-etiquetage-dans-le-magasin-metro\" rel=\"nofollow noopener\" target=\"_blank\">Sotteville-l\u00e8s-Rouen. Une trentaine d&rsquo;agriculteurs mobilis\u00e9s pour une op\u00e9ration d&rsquo;\u00e9tiquetage dans le magasin M\u00e9tro<\/a><\/p>\n<p>Pr\u00e8s de 200 agriculteurs attendus<\/p>\n<p melodystyle=\"texte\">Bruno Ledru, pr\u00e9sident de la FNSEA76, pointe notamment du doigt \u00ab\u00a0la taxe qu&rsquo;il y a sur les engrais\u00a0\u00bb. Selon lui, cette nouvelle mobilisation pr\u00e9vue ce mercredi 12\u00a0novembre vise \u00e0 montrer le m\u00e9contentement des agriculteurs concernant \u00ab\u00a0l&rsquo;Europe, la retraite\u00a0\u00bb mais aussi pour d\u00e9noncer les accords de libre-\u00e9change qui sont faits avec des pays qui n&rsquo;ont pas les m\u00eames normes de production. Une situation que d\u00e9crit Bruno Ledru comme \u00e9tant\u00a0\u00ab\u00a0incontr\u00f4lable\u00a0\u00bb.<\/p>\n<p melodystyle=\"texte\">Selon le pr\u00e9sident de la FNSEA76, pr\u00e8s de 200 agriculteurs sont attendus devant la pr\u00e9fecture de Seine-Maritime \u00e0 Rouen.<\/p>\n","protected":false},"excerpt":{"rendered":"Des perturbations sont attendues ce mercredi 12\u00a0novembre \u00e0 la pr\u00e9fecture de Rouen en soir\u00e9e. Les agriculteurs de Seine-Maritime\u00a0comptent&hellip;\n","protected":false},"author":2,"featured_media":530465,"comment_status":"","ping_status":"","sticky":false,"template":"","format":"standard","meta":{"footnotes":""},"categories":[9587],"tags":[1111,11,1777,674,1011,27,12,5161,25,9590],"class_list":{"0":"post-530464","1":"post","2":"type-post","3":"status-publish","4":"format-standard","5":"has-post-thumbnail","7":"category-rouen","8":"tag-actu","9":"tag-actualites","10":"tag-eu","11":"tag-europe","12":"tag-fr","13":"tag-france","14":"tag-news","15":"tag-normandie","16":"tag-republique-francaise","17":"tag-rouen"},"share_on_mastodon":{"url":"https:\/\/pubeurope.com\/@fr\/115540383695150428","error":""},"_links":{"self":[{"href":"https:\/\/www.europesays.com\/fr\/wp-json\/wp\/v2\/posts\/530464","targetHints":{"allow":["GET"]}}],"collection":[{"href":"https:\/\/www.europesays.com\/fr\/wp-json\/wp\/v2\/posts"}],"about":[{"href":"https:\/\/www.europesays.com\/fr\/wp-json\/wp\/v2\/types\/post"}],"author":[{"embeddable":true,"href":"https:\/\/www.europesays.com\/fr\/wp-json\/wp\/v2\/users\/2"}],"replies":[{"embeddable":true,"href":"https:\/\/www.europesays.com\/fr\/wp-json\/wp\/v2\/comments?post=530464"}],"version-history":[{"count":0,"href":"https:\/\/www.europesays.com\/fr\/wp-json\/wp\/v2\/posts\/530464\/revisions"}],"wp:featuredmedia":[{"embeddable":true,"href":"https:\/\/www.europesays.com\/fr\/wp-json\/wp\/v2\/media\/530465"}],"wp:attachment":[{"href":"https:\/\/www.europesays.com\/fr\/wp-json\/wp\/v2\/media?parent=530464"}],"wp:term":[{"taxonomy":"category","embeddable":true,"href":"https:\/\/www.europesays.com\/fr\/wp-json\/wp\/v2\/categories?post=530464"},{"taxonomy":"post_tag","embeddable":true,"href":"https:\/\/www.europesays.com\/fr\/wp-json\/wp\/v2\/tags?post=530464"}],"curies":[{"name":"wp","href":"https:\/\/api.w.org\/{rel}","templated":true}]}}