{"id":530466,"date":"2025-11-13T03:59:10","date_gmt":"2025-11-13T03:59:10","guid":{"rendered":"https:\/\/www.europesays.com\/fr\/530466\/"},"modified":"2025-11-13T03:59:10","modified_gmt":"2025-11-13T03:59:10","slug":"dans-le-tramway-il-exhibe-un-pistolet-et-menace-de-sen-servir","status":"publish","type":"post","link":"https:\/\/www.europesays.com\/fr\/530466\/","title":{"rendered":"dans le tramway, il exhibe un pistolet et menace de s&rsquo;en servir"},"content":{"rendered":"<p>\t\t\t\t\t\t\t\t\t\t\t<img decoding=\"async\" src=\"https:\/\/www.europesays.com\/fr\/wp-content\/uploads\/2025\/11\/1280x720_pres-de-grenoble-dans-le-tramway-il-exhibe-un-pistolet-et-menace-de-s-en-sortir_69131d4fb08.jpeg\" alt=\"Pr\u00e8s de Grenoble : dans le tramway, il exhibe un pistolet et menace de s'en servir\" title=\"Pr\u00e8s de Grenoble : dans le tramway, il exhibe un pistolet et menace de s'en servir\" width=\"1280\" height=\"720\" class=\"img-fluid  mb-3\" loading=\"lazy\"\/>\t\t\t\t\t\t\t\t\t\t\t\t<\/p>\n<p>Pr\u00e8s de Grenoble : dans le tramway, il exhibe un pistolet et menace de s&rsquo;en sortir &#8211; DR<\/p>\n<p itemprop=\"description\"><strong>Sc\u00e8ne de panique ce lundi soir dans le tramway \u00e0 Saint-Egr\u00e8ve.<\/strong><\/p>\n<p>Selon le Dauphin\u00e9 Lib\u00e9r\u00e9, un passager d&rsquo;une rame de la ligne E a eu un comportement tr\u00e8s inqui\u00e9tant puisqu&rsquo;il a exhib\u00e9 une arme \u00e0 feu et a menac\u00e9 une femme de s&rsquo;en servir. Cette derni\u00e8re a quitt\u00e9 le tramway et a imm\u00e9diatement appel\u00e9 la gendarmerie.<\/p>\n<p>Plusieurs militaires ont alors attendu la rame \u00e0 la station suivante pour cueillir l&rsquo;individu.<\/p>\n<p>Son arme a \u00e9t\u00e9 saisie et il a \u00e9t\u00e9 plac\u00e9 en garde \u00e0 vue. Il s&rsquo;agirait d&rsquo;un d\u00e9s\u00e9quilibr\u00e9. On ne sait pas encore s&rsquo;il a pu \u00eatre auditionn\u00e9 ou s&rsquo;il a \u00e9t\u00e9 hospitalis\u00e9 d&rsquo;office.<\/p>\n","protected":false},"excerpt":{"rendered":"Pr\u00e8s de Grenoble : dans le tramway, il exhibe un pistolet et menace de s&rsquo;en sortir &#8211; DR&hellip;\n","protected":false},"author":2,"featured_media":527952,"comment_status":"","ping_status":"","sticky":false,"template":"","format":"standard","meta":{"footnotes":""},"categories":[9566],"tags":[1111,11,7733,8279,2430,7736,650,7734,2889,2263,1777,674,1011,27,2731,8280,6417,1114,108,4662,12,3725,1825,25,7737],"class_list":{"0":"post-530466","1":"post","2":"type-post","3":"status-publish","4":"format-standard","5":"has-post-thumbnail","7":"category-grenoble","8":"tag-actu","9":"tag-actualites","10":"tag-alpes","11":"tag-alpes1","12":"tag-auvergne-rhone-alpes","13":"tag-cds","14":"tag-cinema","15":"tag-ecoute","16":"tag-emission","17":"tag-equipe","18":"tag-eu","19":"tag-europe","20":"tag-fr","21":"tag-france","22":"tag-grenoble","23":"tag-haute","24":"tag-information","25":"tag-infos","26":"tag-isere","27":"tag-journal","28":"tag-news","29":"tag-podcast","30":"tag-radio","31":"tag-republique-francaise","32":"tag-winamp"},"share_on_mastodon":{"url":"https:\/\/pubeurope.com\/@fr\/115540394116010440","error":""},"_links":{"self":[{"href":"https:\/\/www.europesays.com\/fr\/wp-json\/wp\/v2\/posts\/530466","targetHints":{"allow":["GET"]}}],"collection":[{"href":"https:\/\/www.europesays.com\/fr\/wp-json\/wp\/v2\/posts"}],"about":[{"href":"https:\/\/www.europesays.com\/fr\/wp-json\/wp\/v2\/types\/post"}],"author":[{"embeddable":true,"href":"https:\/\/www.europesays.com\/fr\/wp-json\/wp\/v2\/users\/2"}],"replies":[{"embeddable":true,"href":"https:\/\/www.europesays.com\/fr\/wp-json\/wp\/v2\/comments?post=530466"}],"version-history":[{"count":0,"href":"https:\/\/www.europesays.com\/fr\/wp-json\/wp\/v2\/posts\/530466\/revisions"}],"wp:featuredmedia":[{"embeddable":true,"href":"https:\/\/www.europesays.com\/fr\/wp-json\/wp\/v2\/media\/527952"}],"wp:attachment":[{"href":"https:\/\/www.europesays.com\/fr\/wp-json\/wp\/v2\/media?parent=530466"}],"wp:term":[{"taxonomy":"category","embeddable":true,"href":"https:\/\/www.europesays.com\/fr\/wp-json\/wp\/v2\/categories?post=530466"},{"taxonomy":"post_tag","embeddable":true,"href":"https:\/\/www.europesays.com\/fr\/wp-json\/wp\/v2\/tags?post=530466"}],"curies":[{"name":"wp","href":"https:\/\/api.w.org\/{rel}","templated":true}]}}